{"id":24825,"date":"2018-06-29T11:31:20","date_gmt":"2018-06-29T09:31:20","guid":{"rendered":"http:\/\/miradordeatarfe.es\/?p=24825"},"modified":"2018-06-28T17:36:43","modified_gmt":"2018-06-28T15:36:43","slug":"atarfe-acoge-un-encuentro-de-tunas-este-fin-de-semana-28-y-29-de-junio","status":"publish","type":"post","link":"https:\/\/miradordeatarfe.es\/?p=24825","title":{"rendered":"Atarfe acoge un encuentro de tunas este fin de semana (28 y 29 de junio)"},"content":{"rendered":"<div class=\"\">\n<div id=\":o1\" tabindex=\"-1\"><\/div>\n<div id=\":oc\" class=\"ii gt\">\n<div id=\":od\" class=\"a3s aXjCH \">\n<div>\n<div class=\"m_3575772270968622531pre\">Atarfe acoge este fin de semana un encuentro de tunas procedentes de distintas ciudades. <!--more--><\/div>\n<div><\/div>\n<div class=\"m_3575772270968622531pre\">Durante el viernes 28 y el s\u00e1bado 29 de junio las tunas del distrito universitario de Granada, Facultad de Medicina de C\u00f3rdoba, Econ\u00f3micas de Huelva, del distrito de Vitoria y de Magisterio de M\u00e1laga animar\u00e1n distintos rincones del pueblo<\/p>\n<div class=\"\">\n<div id=\":oc\" class=\"ii gt\">\n<div id=\":od\" class=\"a3s aXjCH \">\n<div>\n<div class=\"m_3575772270968622531pre\"><\/div>\n<div class=\"m_3575772270968622531pre\">En concreto, estar\u00e1n a partir de las 21:30 horas del viernes en la ronda de la Avenida de Andaluc\u00eda con talleres Comba y el s\u00e1bado realizar\u00e1n un pasacalles al mediod\u00eda por el centro del publico e intervendr\u00e1n ya por la tarde noche, a partir de las 21:30 horas, en el Parque Ram\u00f3n Gard\u00f3n.<\/div>\n<div class=\"m_3575772270968622531pre\"><\/div>\n<div class=\"m_3575772270968622531pre\"><a href=\"https:\/\/i0.wp.com\/miradordeatarfe.es\/wp-content\/uploads\/2018\/06\/Tuna-de-Granada.jpg?ssl=1\"><img data-recalc-dims=\"1\" loading=\"lazy\" decoding=\"async\" class=\"alignnone size-full wp-image-24826\" src=\"https:\/\/i0.wp.com\/miradordeatarfe.es\/wp-content\/uploads\/2018\/06\/Tuna-de-Granada.jpg?resize=640%2C905&#038;ssl=1\" alt=\"\" width=\"640\" height=\"905\" srcset=\"https:\/\/i0.wp.com\/miradordeatarfe.es\/wp-content\/uploads\/2018\/06\/Tuna-de-Granada.jpg?w=3508&amp;ssl=1 3508w, https:\/\/i0.wp.com\/miradordeatarfe.es\/wp-content\/uploads\/2018\/06\/Tuna-de-Granada.jpg?resize=212%2C300&amp;ssl=1 212w, https:\/\/i0.wp.com\/miradordeatarfe.es\/wp-content\/uploads\/2018\/06\/Tuna-de-Granada.jpg?resize=768%2C1086&amp;ssl=1 768w, https:\/\/i0.wp.com\/miradordeatarfe.es\/wp-content\/uploads\/2018\/06\/Tuna-de-Granada.jpg?resize=724%2C1024&amp;ssl=1 724w, https:\/\/i0.wp.com\/miradordeatarfe.es\/wp-content\/uploads\/2018\/06\/Tuna-de-Granada.jpg?resize=600%2C849&amp;ssl=1 600w, https:\/\/i0.wp.com\/miradordeatarfe.es\/wp-content\/uploads\/2018\/06\/Tuna-de-Granada.jpg?w=1280&amp;ssl=1 1280w, https:\/\/i0.wp.com\/miradordeatarfe.es\/wp-content\/uploads\/2018\/06\/Tuna-de-Granada.jpg?w=1920&amp;ssl=1 1920w\" sizes=\"auto, (max-width: 640px) 100vw, 640px\" \/><\/a><\/div>\n<\/div>\n<\/div>\n<\/div>\n<\/div>\n<\/div>\n<div class=\"m_3575772270968622531pre\"><\/div>\n<\/div>\n<\/div>\n<\/div>\n<\/div>\n<p>&nbsp;<\/p>\n","protected":false},"excerpt":{"rendered":"<p>Atarfe acoge este fin de semana un encuentro de tunas procedentes de distintas ciudades.<\/p>\n","protected":false},"author":1,"featured_media":0,"comment_status":"closed","ping_status":"closed","sticky":false,"template":"","format":"standard","meta":{"_coblocks_attr":"","_coblocks_dimensions":"","_coblocks_responsive_height":"","_coblocks_accordion_ie_support":"","jetpack_post_was_ever_published":false,"_jetpack_newsletter_access":"","_jetpack_dont_email_post_to_subs":false,"_jetpack_newsletter_tier_id":0,"_jetpack_memberships_contains_paywalled_content":false,"_jetpack_memberships_contains_paid_content":false,"footnotes":"","jetpack_publicize_message":"","jetpack_publicize_feature_enabled":true,"jetpack_social_post_already_shared":false,"jetpack_social_options":{"image_generator_settings":{"template":"highway","default_image_id":0,"enabled":false},"version":2}},"categories":[2,12,1161,9,44,15],"tags":[81,5160],"class_list":["post-24825","post","type-post","status-publish","format-standard","hentry","category-atarfe","category-cultura","category-ciudadania","category-medio-ambiente","category-noticias-de-hoy","category-ultimas-noticias","tag-atarfe","tag-tunas"],"jetpack_publicize_connections":[],"jetpack_featured_media_url":"","jetpack_likes_enabled":true,"jetpack_sharing_enabled":true,"_links":{"self":[{"href":"https:\/\/miradordeatarfe.es\/index.php?rest_route=\/wp\/v2\/posts\/24825","targetHints":{"allow":["GET"]}}],"collection":[{"href":"https:\/\/miradordeatarfe.es\/index.php?rest_route=\/wp\/v2\/posts"}],"about":[{"href":"https:\/\/miradordeatarfe.es\/index.php?rest_route=\/wp\/v2\/types\/post"}],"author":[{"embeddable":true,"href":"https:\/\/miradordeatarfe.es\/index.php?rest_route=\/wp\/v2\/users\/1"}],"replies":[{"embeddable":true,"href":"https:\/\/miradordeatarfe.es\/index.php?rest_route=%2Fwp%2Fv2%2Fcomments&post=24825"}],"version-history":[{"count":1,"href":"https:\/\/miradordeatarfe.es\/index.php?rest_route=\/wp\/v2\/posts\/24825\/revisions"}],"predecessor-version":[{"id":24827,"href":"https:\/\/miradordeatarfe.es\/index.php?rest_route=\/wp\/v2\/posts\/24825\/revisions\/24827"}],"wp:attachment":[{"href":"https:\/\/miradordeatarfe.es\/index.php?rest_route=%2Fwp%2Fv2%2Fmedia&parent=24825"}],"wp:term":[{"taxonomy":"category","embeddable":true,"href":"https:\/\/miradordeatarfe.es\/index.php?rest_route=%2Fwp%2Fv2%2Fcategories&post=24825"},{"taxonomy":"post_tag","embeddable":true,"href":"https:\/\/miradordeatarfe.es\/index.php?rest_route=%2Fwp%2Fv2%2Ftags&post=24825"}],"curies":[{"name":"wp","href":"https:\/\/api.w.org\/{rel}","templated":true}]}}