{"id":2494,"date":"2015-06-21T09:26:55","date_gmt":"2015-06-21T09:26:55","guid":{"rendered":"http:\/\/miradordeatarfe.es\/?p=2494"},"modified":"2015-06-22T10:06:26","modified_gmt":"2015-06-22T10:06:26","slug":"adios-telesfora-adios-por-juan-alfredo-bellon","status":"publish","type":"post","link":"https:\/\/miradordeatarfe.es\/?p=2494","title":{"rendered":"ADI\u00d3S, TELESFORA, ADI\u00d3S  Por Juan Alfredo Bell\u00f3n"},"content":{"rendered":"<p><strong><em>ADI\u00d3S, TELESFORA, ADI\u00d3S\u00a0 <\/em>Por Juan Alfredo Bell\u00f3n\u00a0 DESDE EL MIRADOR N\u00ba59 del domingo 21-06-2015<\/strong><!--more--><\/p>\n<p style=\"text-align: justify;\"><strong>\u00a0<\/strong>\u00a0\u00a0\u00a0\u00a0\u00a0\u00a0\u00a0\u00a0\u00a0\u00a0\u00a0\u00a0\u00a0\u00a0\u00a0 Aunque es verdad que lo bueno dura poco en la casa del pobre, hay veces en que lo bueno, aunque breve, puede resultar dos veces eso, como en el caso de la casi defenestraci\u00f3n de la concejal de Movilidad Ciudadana del Ayuntamiento granadino a quien el alcalde se ha visto obligado a <em>correr <\/em>desde sus anteriores competencias hacia la de Medio Ambiente por la presi\u00f3n un\u00e1nime del vecindario y mayormente del m\u00e1s perjudicado por su administraci\u00f3n <em>ocurrente <\/em>de los recursos relacionados con el acceso a sus domicilios en el extrarradio incluyendo en tal concepto al Albaic\u00edn, Haza Grande y Sacromonte donde para salir y para entrar en veh\u00edculo con o sin motor y p\u00fablico o privado hay ahora que rodear el periplo de sus respectivos territorios subiendo intrincadas cuestas y circulando en sentido contrario a como se ha venido haciendo desde \u00e9poca inmemorial.<\/p>\n<p style=\"text-align: justify;\">\u00a0\u00a0\u00a0\u00a0\u00a0\u00a0\u00a0\u00a0\u00a0\u00a0\u00a0\u00a0\u00a0\u00a0\u00a0 Y eso para no hablar del alargamiento del tiempo de acceso por la obligaci\u00f3n de transbordar de la LAC a la subred de l\u00edneas de barrio casi desmantelada y complicada hasta la saciedad por la re-denominaci\u00f3n innecesaria de sus efectivos. Tan flagrante ha sido la desorganizaci\u00f3n tozuda de la movilidad urbana, que ha afectado a todos los usuarios individuales y colectivos que se ven obligados a usarla consiguiendo el rechazo un\u00e1nime para con las medidas municipales y siendo clamorosa la exigencia de cambiar a su m\u00e1xima responsable.<\/p>\n<p style=\"text-align: justify;\">\u00a0\u00a0\u00a0\u00a0\u00a0\u00a0\u00a0\u00a0\u00a0\u00a0\u00a0\u00a0\u00a0\u00a0\u00a0 Pero claro, el viejo alcalde se ha tenido que tragar la exigencia de ese cambio a pesar de haber logrado a ultim\u00edsima hora sujetar con alfileres la condicional prolongaci\u00f3n de su mandato con tal de aceptar el traslado de do\u00f1a <em>Telesf\u00e9rica<\/em> y el fin del propio mandato por relevo antes de 2016. La f\u00f3rmula consensuada con Ciudadanos y especialmente con su portavoz, ha sido un apa\u00f1o vergonzoso para salir de Herodes y entrar en Franco, teniendo por tal al derrotado ex-Presidente de la Diputaci\u00f3n Provincial que espero no se sienta menospreciado por compararlo (solo aproximativa y metaf\u00f3ricamente) con el general de quien \u00e9l debe guardar tan buen recuerdo por su empecinamiento en obstaculizar las reivindicaciones del movimiento memorial\u00edstico y los v\u00ednculos que parece le unen a la Dictadura.<\/p>\n<p style=\"text-align: justify;\">\u00a0\u00a0\u00a0\u00a0\u00a0\u00a0\u00a0\u00a0\u00a0\u00a0\u00a0\u00a0\u00a0\u00a0\u00a0 Ojal\u00e1 que ahora se pueda (re)instaurar un talante distinto en la Diputaci\u00f3n y la Provincia de Granada haga valer sus derechos e inquietudes con la (re)implantaci\u00f3n de un talante m\u00e1s democr\u00e1tico en la pol\u00edtica de su nuevo equipo de gobierno. Y ojal\u00e1 la nueva gobernanza de Atarfe consiga descongestionar el <em>modus gobernandi<\/em> de tan se\u00f1alada localidad con la entrada de sangre pol\u00edtica nueva en su Ayuntamiento y la participaci\u00f3n de sus vecinos en la administraci\u00f3n de sus recursos materiales e inmateriales. De la consolidaci\u00f3n de ese talante depende la consecuci\u00f3n de unos objetivos tan viejos como evidentes que son en gran medida compartidos por una amplia mayor\u00eda ciudadana y conectan con la de los tiempos nuevos que corren por la provincia.<\/p>\n","protected":false},"excerpt":{"rendered":"<p>ADI\u00d3S, TELESFORA, ADI\u00d3S\u00a0 Por Juan Alfredo Bell\u00f3n\u00a0 DESDE EL MIRADOR N\u00ba59 del domingo 21-06-2015<\/p>\n","protected":false},"author":1,"featured_media":2495,"comment_status":"closed","ping_status":"closed","sticky":false,"template":"","format":"standard","meta":{"_coblocks_attr":"","_coblocks_dimensions":"","_coblocks_responsive_height":"","_coblocks_accordion_ie_support":"","jetpack_post_was_ever_published":false,"_jetpack_newsletter_access":"","_jetpack_dont_email_post_to_subs":false,"_jetpack_newsletter_tier_id":0,"_jetpack_memberships_contains_paywalled_content":false,"_jetpack_memberships_contains_paid_content":false,"footnotes":"","jetpack_publicize_message":"","jetpack_publicize_feature_enabled":true,"jetpack_social_post_already_shared":false,"jetpack_social_options":{"image_generator_settings":{"template":"highway","default_image_id":0,"enabled":false},"version":2}},"categories":[15],"tags":[898,896,897],"class_list":["post-2494","post","type-post","status-publish","format-standard","has-post-thumbnail","hentry","category-ultimas-noticias","tag-alcalde","tag-lac","tag-telesfora"],"jetpack_publicize_connections":[],"jetpack_featured_media_url":"https:\/\/i0.wp.com\/miradordeatarfe.es\/wp-content\/uploads\/2015\/06\/TEL.jpg?fit=290%2C174&ssl=1","jetpack_likes_enabled":true,"jetpack_sharing_enabled":true,"_links":{"self":[{"href":"https:\/\/miradordeatarfe.es\/index.php?rest_route=\/wp\/v2\/posts\/2494","targetHints":{"allow":["GET"]}}],"collection":[{"href":"https:\/\/miradordeatarfe.es\/index.php?rest_route=\/wp\/v2\/posts"}],"about":[{"href":"https:\/\/miradordeatarfe.es\/index.php?rest_route=\/wp\/v2\/types\/post"}],"author":[{"embeddable":true,"href":"https:\/\/miradordeatarfe.es\/index.php?rest_route=\/wp\/v2\/users\/1"}],"replies":[{"embeddable":true,"href":"https:\/\/miradordeatarfe.es\/index.php?rest_route=%2Fwp%2Fv2%2Fcomments&post=2494"}],"version-history":[{"count":1,"href":"https:\/\/miradordeatarfe.es\/index.php?rest_route=\/wp\/v2\/posts\/2494\/revisions"}],"predecessor-version":[{"id":2496,"href":"https:\/\/miradordeatarfe.es\/index.php?rest_route=\/wp\/v2\/posts\/2494\/revisions\/2496"}],"wp:featuredmedia":[{"embeddable":true,"href":"https:\/\/miradordeatarfe.es\/index.php?rest_route=\/wp\/v2\/media\/2495"}],"wp:attachment":[{"href":"https:\/\/miradordeatarfe.es\/index.php?rest_route=%2Fwp%2Fv2%2Fmedia&parent=2494"}],"wp:term":[{"taxonomy":"category","embeddable":true,"href":"https:\/\/miradordeatarfe.es\/index.php?rest_route=%2Fwp%2Fv2%2Fcategories&post=2494"},{"taxonomy":"post_tag","embeddable":true,"href":"https:\/\/miradordeatarfe.es\/index.php?rest_route=%2Fwp%2Fv2%2Ftags&post=2494"}],"curies":[{"name":"wp","href":"https:\/\/api.w.org\/{rel}","templated":true}]}}