{"id":2497,"date":"2015-06-20T09:35:24","date_gmt":"2015-06-20T09:35:24","guid":{"rendered":"http:\/\/miradordeatarfe.es\/?p=2497"},"modified":"2015-06-21T10:15:47","modified_gmt":"2015-06-21T10:15:47","slug":"la-familia-de-atarfe-que-iba-a-ser-desalojada-logra-15-dias-de-moratoria","status":"publish","type":"post","link":"https:\/\/miradordeatarfe.es\/?p=2497","title":{"rendered":"La familia de Atarfe que iba a ser desalojada logra 15 d\u00edas de moratoria"},"content":{"rendered":"<p class=\"entradilla_noticia\">Stop Desahucios, que ha protagonizado una concentraci\u00f3n en la que ha participado el alcalde, mediar\u00e1 para conseguir una soluci\u00f3n<!--more--><\/p>\n<div class=\"contenedor\">\n<p>La familia de <strong>Atarfe<\/strong>, con un beb\u00e9 de un a\u00f1o, que iba a ser desalojada en la tarde de este jueves en la localidad granadina ha conseguido una moratoria de quince d\u00edas, tras los que tendr\u00e1n que abandonar el inmueble.<\/p>\n<p>Fuentes de Stop Desahucios han informado a <strong>ahoraGranada<\/strong> que en este periodo de plazo intentar\u00e1n negociar para que puedan quedarse en el inmueble, ocupado en la localidad y que ha provocado una concentraci\u00f3n de estos activistas en la tarde de este jueves, a la que ha asistido el nuevo alcalde del municipio, Francisco Rodr\u00edguez Quesada (PASI).<\/p>\n<p>El desalojo se ha ordenado por parte del Juzgado de Instrucci\u00f3n 2 de <strong>Granada<\/strong>, tras la denuncia interpuesta por Retamar Real State. El Juzgado emiti\u00f3 una orden dirigida a la Guardia Civil en la que le pide que los agentes se personen en el lugar de los hechos, en la calle R\u00edo Darro, para identificar a las personas que ocupan el inmueble y \u201cque se requiera esas personas para que justifiquen su permanencia en la vivienda\u201d.<\/p>\n<p>En el caso de no hacerlo, seg\u00fan la juez, les instaba a que se les requiriera \u201cinmediatamente\u201d para que \u201csin excusa y en ese mismo momento\u201d abandonasen la vivienda y en el caso de que se opongan a lo acordado o no acaten tal requerimiento \u201cse proceda a su detenci\u00f3n\u201d.<\/p>\n<p>Adem\u00e1s tambi\u00e9n ped\u00eda que se tomen las medidas oportunas para que el propietario o propietarios se hagan cargo de la vivienda, en una resoluci\u00f3n, de fecha 29 de mayo y a la que ha tenido acceso Europa Press, contra la que cab\u00eda interponer recurso de reforma, pero que sin embargo no paralizar\u00eda lo acordado en el auto.<\/p>\n<p>Seg\u00fan ha indicado una portavoz de \u2018Stop Desahucios\u2019 es \u201cintolerable\u201d que se d\u00e9 esa orden a la Guardia Civil sin que la familia tenga margen de maniobra.<\/p>\n<p><a href=\"http:\/\/www.ahoragranada.com\/noticia\/stop-desahucios-intenta-impedir-el-desalojo-de-una-familia-de-una-vivienda-en-atarfe\/\">http:\/\/www.ahoragranada.com\/noticia\/stop-desahucios-intenta-impedir-el-desalojo-de-una-familia-de-una-vivienda-en-atarfe\/<\/a><\/p>\n<\/div>\n","protected":false},"excerpt":{"rendered":"<p>Stop Desahucios, que ha protagonizado una concentraci\u00f3n en la que ha participado el alcalde, mediar\u00e1&#8230;<\/p>\n","protected":false},"author":1,"featured_media":2498,"comment_status":"closed","ping_status":"closed","sticky":false,"template":"","format":"standard","meta":{"_coblocks_attr":"","_coblocks_dimensions":"","_coblocks_responsive_height":"","_coblocks_accordion_ie_support":"","jetpack_post_was_ever_published":false,"_jetpack_newsletter_access":"","_jetpack_dont_email_post_to_subs":false,"_jetpack_newsletter_tier_id":0,"_jetpack_memberships_contains_paywalled_content":false,"_jetpack_memberships_contains_paid_content":false,"footnotes":"","jetpack_publicize_message":"","jetpack_publicize_feature_enabled":true,"jetpack_social_post_already_shared":false,"jetpack_social_options":{"image_generator_settings":{"template":"highway","default_image_id":0,"enabled":false},"version":2}},"categories":[2,15],"tags":[81,686],"class_list":["post-2497","post","type-post","status-publish","format-standard","has-post-thumbnail","hentry","category-atarfe","category-ultimas-noticias","tag-atarfe","tag-desahucios"],"jetpack_publicize_connections":[],"jetpack_featured_media_url":"https:\/\/i0.wp.com\/miradordeatarfe.es\/wp-content\/uploads\/2015\/06\/Stop-Desahucios-Atarfe-552x310.jpg?fit=552%2C310&ssl=1","jetpack_likes_enabled":true,"jetpack_sharing_enabled":true,"_links":{"self":[{"href":"https:\/\/miradordeatarfe.es\/index.php?rest_route=\/wp\/v2\/posts\/2497","targetHints":{"allow":["GET"]}}],"collection":[{"href":"https:\/\/miradordeatarfe.es\/index.php?rest_route=\/wp\/v2\/posts"}],"about":[{"href":"https:\/\/miradordeatarfe.es\/index.php?rest_route=\/wp\/v2\/types\/post"}],"author":[{"embeddable":true,"href":"https:\/\/miradordeatarfe.es\/index.php?rest_route=\/wp\/v2\/users\/1"}],"replies":[{"embeddable":true,"href":"https:\/\/miradordeatarfe.es\/index.php?rest_route=%2Fwp%2Fv2%2Fcomments&post=2497"}],"version-history":[{"count":2,"href":"https:\/\/miradordeatarfe.es\/index.php?rest_route=\/wp\/v2\/posts\/2497\/revisions"}],"predecessor-version":[{"id":2500,"href":"https:\/\/miradordeatarfe.es\/index.php?rest_route=\/wp\/v2\/posts\/2497\/revisions\/2500"}],"wp:featuredmedia":[{"embeddable":true,"href":"https:\/\/miradordeatarfe.es\/index.php?rest_route=\/wp\/v2\/media\/2498"}],"wp:attachment":[{"href":"https:\/\/miradordeatarfe.es\/index.php?rest_route=%2Fwp%2Fv2%2Fmedia&parent=2497"}],"wp:term":[{"taxonomy":"category","embeddable":true,"href":"https:\/\/miradordeatarfe.es\/index.php?rest_route=%2Fwp%2Fv2%2Fcategories&post=2497"},{"taxonomy":"post_tag","embeddable":true,"href":"https:\/\/miradordeatarfe.es\/index.php?rest_route=%2Fwp%2Fv2%2Ftags&post=2497"}],"curies":[{"name":"wp","href":"https:\/\/api.w.org\/{rel}","templated":true}]}}