{"id":2519,"date":"2015-06-23T06:59:25","date_gmt":"2015-06-23T06:59:25","guid":{"rendered":"http:\/\/miradordeatarfe.es\/?p=2519"},"modified":"2015-06-24T07:52:42","modified_gmt":"2015-06-24T07:52:42","slug":"apertura-de-plazos-de-inscripcion-a-las-ensenanzas-deportivas-de-regimen-especial","status":"publish","type":"post","link":"https:\/\/miradordeatarfe.es\/?p=2519","title":{"rendered":"Apertura de plazos de inscripci\u00f3n a las Ense\u00f1anzas Deportivas de R\u00e9gimen Especial"},"content":{"rendered":"<div>El Instituto Andaluz del Deporte, centro dependiente de la Consejer\u00eda de Educaci\u00f3n, Cultura y Deporte, continua su andadura como primer centro p\u00fablico de ense\u00f1anzas deportivas de r\u00e9gimen especial de Andaluc\u00eda, ofreciendo 650 plazas de titulaciones de T\u00e9cnico Deportivo en un total de diez modalidades deportivas repartidas en sedes de cinco provincias andaluzas.<\/div>\n<p><!--more--><\/p>\n<div>\nEn estrecha colaboraci\u00f3n con siete federaciones deportivas andaluzas, la oferta acad\u00e9mica para el pr\u00f3ximo curso acad\u00e9mico 2015-2016 est\u00e1 compuesta por las titulaciones de T\u00e9cnico Deportivo en Alta Monta\u00f1a (Granada), Baloncesto (M\u00e1laga y Sevilla), Buceo Deportivo (M\u00e1laga), Escalada (Ja\u00e9n), Esqu\u00ed Alpino (Granada), Espeleolog\u00eda (C\u00e1diz), F\u00fatbol (M\u00e1laga y Sevilla), Media Monta\u00f1a (Granada), Snowboard (Granada) y Vela (M\u00e1laga).<\/p>\n<p>Para obtener m\u00e1s informaci\u00f3n sobre los plazos de inscripci\u00f3n, fechas de los cursos, precios p\u00fablicos de matr\u00edcula y requisitos de acceso a las distintas ense\u00f1anzas visite la <a href=\"http:\/\/www.juntadeandalucia.es\/culturaydeporte\/web\/iad\" target=\"_blank\" rel=\"alternate\"><strong>p\u00e1gina web del IAD (pulsa aqu\u00ed)<\/strong><\/a>.<\/div>\n","protected":false},"excerpt":{"rendered":"<p>El Instituto Andaluz del Deporte, centro dependiente de la Consejer\u00eda de Educaci\u00f3n, Cultura y Deporte,&#8230;<\/p>\n","protected":false},"author":1,"featured_media":2520,"comment_status":"closed","ping_status":"closed","sticky":false,"template":"","format":"standard","meta":{"_coblocks_attr":"","_coblocks_dimensions":"","_coblocks_responsive_height":"","_coblocks_accordion_ie_support":"","jetpack_post_was_ever_published":false,"_jetpack_newsletter_access":"","_jetpack_dont_email_post_to_subs":false,"_jetpack_newsletter_tier_id":0,"_jetpack_memberships_contains_paywalled_content":false,"_jetpack_memberships_contains_paid_content":false,"footnotes":"","jetpack_publicize_message":"","jetpack_publicize_feature_enabled":true,"jetpack_social_post_already_shared":false,"jetpack_social_options":{"image_generator_settings":{"template":"highway","default_image_id":0,"enabled":false},"version":2}},"categories":[182,186,15],"tags":[172,129,907],"class_list":["post-2519","post","type-post","status-publish","format-standard","has-post-thumbnail","hentry","category-deportes","category-instituciones","category-ultimas-noticias","tag-andalucia","tag-granada","tag-tecnicos-deportivos"],"jetpack_publicize_connections":[],"jetpack_featured_media_url":"https:\/\/i0.wp.com\/miradordeatarfe.es\/wp-content\/uploads\/2015\/06\/b_580_800_16777215_10_images_stories_noticias_2015_iad_2015.jpg?fit=425%2C324&ssl=1","jetpack_likes_enabled":true,"jetpack_sharing_enabled":true,"_links":{"self":[{"href":"https:\/\/miradordeatarfe.es\/index.php?rest_route=\/wp\/v2\/posts\/2519","targetHints":{"allow":["GET"]}}],"collection":[{"href":"https:\/\/miradordeatarfe.es\/index.php?rest_route=\/wp\/v2\/posts"}],"about":[{"href":"https:\/\/miradordeatarfe.es\/index.php?rest_route=\/wp\/v2\/types\/post"}],"author":[{"embeddable":true,"href":"https:\/\/miradordeatarfe.es\/index.php?rest_route=\/wp\/v2\/users\/1"}],"replies":[{"embeddable":true,"href":"https:\/\/miradordeatarfe.es\/index.php?rest_route=%2Fwp%2Fv2%2Fcomments&post=2519"}],"version-history":[{"count":1,"href":"https:\/\/miradordeatarfe.es\/index.php?rest_route=\/wp\/v2\/posts\/2519\/revisions"}],"predecessor-version":[{"id":2521,"href":"https:\/\/miradordeatarfe.es\/index.php?rest_route=\/wp\/v2\/posts\/2519\/revisions\/2521"}],"wp:featuredmedia":[{"embeddable":true,"href":"https:\/\/miradordeatarfe.es\/index.php?rest_route=\/wp\/v2\/media\/2520"}],"wp:attachment":[{"href":"https:\/\/miradordeatarfe.es\/index.php?rest_route=%2Fwp%2Fv2%2Fmedia&parent=2519"}],"wp:term":[{"taxonomy":"category","embeddable":true,"href":"https:\/\/miradordeatarfe.es\/index.php?rest_route=%2Fwp%2Fv2%2Fcategories&post=2519"},{"taxonomy":"post_tag","embeddable":true,"href":"https:\/\/miradordeatarfe.es\/index.php?rest_route=%2Fwp%2Fv2%2Ftags&post=2519"}],"curies":[{"name":"wp","href":"https:\/\/api.w.org\/{rel}","templated":true}]}}