{"id":2522,"date":"2015-06-24T07:02:17","date_gmt":"2015-06-24T07:02:17","guid":{"rendered":"http:\/\/miradordeatarfe.es\/?p=2522"},"modified":"2015-06-25T07:36:20","modified_gmt":"2015-06-25T07:36:20","slug":"pension-por-enfermedad-denegada-malo-pero-a-trabajar","status":"publish","type":"post","link":"https:\/\/miradordeatarfe.es\/?p=2522","title":{"rendered":"Pensi\u00f3n por enfermedad denegada: malo, pero a trabajar"},"content":{"rendered":"<div id=\"cuerpo_noticia\" class=\"txt_noticia\">\n<p>Los enfermos espa\u00f1oles tambi\u00e9n est\u00e1n siendo los grandes paganos de los recortes. Parece que el sistema de la <strong>Seguridad Social<\/strong> ni es tan seguro ni es tan social. En Espa\u00f1a, cada vez es m\u00e1s dif\u00edcil para los trabajadores acceder a una incapacidad permanente por enfermedad o dolencia que impide trabajar.<\/p>\n<p><!--more--><\/p>\n<p>Carlos Sardinero, abogado del Defensor el Paciente y especialista en Derecho sanitario, asegura que en los \u00faltimos tres a\u00f1os ha aumentado el n\u00famero de denegaciones de incapacidad en todos sus tipos (parcial, total, absoluta y gran invalidez) y el n\u00famero de litigios.<\/p>\n<p>Las <strong>enfermedades traumatol\u00f3gicas,<\/strong> muchas asociadas a las neurol\u00f3gicas; las patolog\u00edas de tipo digestivo, como la de Crohn; las de origen psiqui\u00e1trico; las metab\u00f3licas, as\u00ed como las alergias, en su grado m\u00e1s alto, como la sensibilidad qu\u00edmica m\u00faltiple, e incluso la esclerosis m\u00faltiple son las m\u00e1s afectadas.<\/p>\n<p>&nbsp;<\/p>\n<p>Actualmente, <strong>en Espa\u00f1a solo se reconocen en torno al 30% de las incapacidades solicitadas<\/strong>, el resto tiene que recurrirse en los tribunales para conseguirlas. Y aunque en muchas ocasiones los jueces dan la raz\u00f3n a los afectados, estos procesos se alargan en el tiempo, al menos durante un a\u00f1o, e implican gastos en abogados, peritos, etc.<\/p>\n<p>As\u00ed y todo, casi un mill\u00f3n de espa\u00f1oles cobra una <strong>prestaci\u00f3n por enfermedad por un importe medio de unos 920 euros mensuales.<\/strong><\/p>\n<p>\u201cSe ha pasado de una situaci\u00f3n de fraudes y abusos, donde era f\u00e1cil acceder a una pensi\u00f3n, a casos extremos, en los que pacientes con incontinencia, sin parte del colon o con la bolsa de colostom\u00eda puesta les env\u00edan a trabajar\u201d, cuenta Javier de la Pe\u00f1a, director del gabinete Lex Abogac\u00eda. Y es que, en estos momentos, \u201cla Seguridad Social \u00fanicamente se gu\u00eda por criterios primordialmente econ\u00f3micos\u201d.<\/p>\n<p>Los casos m\u00e1s frecuentes se concentran en la <strong>denegaci\u00f3n de la prestaci\u00f3n<\/strong>, aunque sea en el grado m\u00ednimo, y en el reconocimiento de un grado inferior al que le corresponde al trabajador, no en los extremos, como la gran invalidez, donde es patente que el paciente necesita de otra persona para las actividades cotidianas.<\/p>\n<p>Es en este punto donde se produce el mayor n\u00famero de litigios porque, seg\u00fan explica Sardinero, <strong>con la pensi\u00f3n absoluta<\/strong>, donde el trabajador no puede desempe\u00f1ar ning\u00fan otro trabajo, este <strong>obtendr\u00eda el 100% de la base de cotizaci\u00f3n a la Seguridad Social<\/strong>, <strong>mientras que con la total, que permite al enfermo trabajar en otra cosa, solo da derecho a percibir el 55% de la base de cotizaci\u00f3n<\/strong>, lo que supone un gran ahorro para un sistema con unos recursos muy mermados.<\/p>\n<div id=\"sumario_1|despiece\" class=\"derecha\"><a name=\"sumario_1\"><\/a><\/p>\n<div class=\"aside estirar\">\n<div class=\"mod_despiece\">\n<h3>Incapacidades permanentes<\/h3>\n<p>Aunque en Espa\u00f1a, actualmente, casi un mill\u00f3n de personas cobran una prestaci\u00f3n por enfermedad (incapacidad permanente), desde diciembre de 2011 la cifra ha descendido un 1,2%, seg\u00fan las estad\u00edsticas del Ministerio de Empleo y Seguridad Social.<\/p>\n<\/div>\n<\/div>\n<\/div>\n<p>Adem\u00e1s, \u201ces una ficci\u00f3n pensar que una persona con una incapacidad total reconocida pueda acceder a otro empleo distinto al que lleva desempa\u00f1ando toda su vida\u201d, dice Sardinero, ya que los afectados suelen ser personas de m\u00e1s de 50 a\u00f1os.<\/p>\n<p>Pero <strong>no solo han aumentado las denegaciones, tambi\u00e9n se han incrementado las revocaciones de pensiones ya concedidas<\/strong>, eso s\u00ed, casi todas a la baja. Alrededor de 65.000 revisiones de grado realiza el Instituto Nacional de la Seguridad Social cada a\u00f1o.<\/p>\n<p>Las <strong>revisiones suelen ser cada dos a\u00f1os<\/strong> y \u201cla Seguridad Social est\u00e1 al acecho en cuanto el enfermo presenta la m\u00ednima mejor\u00eda\u201d, ya que el sistema entiende que el paciente termina por adquirir habilidades para paliar la patolog\u00eda.<\/p>\n<p>Esto es lo que est\u00e1 ocurriendo en algunos <strong>casos de esclerosis m\u00faltiple o de p\u00e1rkinson<\/strong>. Cuenta Jos\u00e9 Mar\u00eda Ramos, responsable de asesor\u00eda jur\u00eddica de la Federaci\u00f3n Espa\u00f1ola para la Lucha contra la Esclerosis M\u00faltiple, que esta enfermedad suele cursar con brotes, que puede generar ceguera, afectar al habla, a la marcha, etc., y si da la casualidad de que la revisi\u00f3n se produce en este momento, pueden enviar a trabajar al afectado.<\/p>\n<p>Una de las causas de que el sistema no funcione obedece a que las exploraciones f\u00edsicas suelen ser superficiales y en muchos casos ni se realizan.<\/p>\n<p class=\"aside estirar\">Los procesos de valoraci\u00f3n tendr\u00edan que ser m\u00e1s exhaustivos y tendr\u00eda que haber una relaci\u00f3n directa entre los evaluadores y los m\u00e9dicos que tratan al paciente (especialista, rehabilitador, fisioterapeuta, etc.) para tener una visi\u00f3n m\u00e1s completa, explica Pe\u00f1a. \u201cEsto acabar\u00eda con el fraude y con las denegaciones injustificadas\u201d, concluye.<\/p>\n<div id=\"sumario_2|despiece\" class=\"centro\">\n<div class=\"aside estirar\">\n<div class=\"mod_despiece\">\n<p>Los episodios de dolor, la fibromialgia, las migra\u00f1as cr\u00f3nicas, los trastornos ansioso-depresivos cronificados e incapacitantes, las enfermedades de espalda y de columna (hernias discales, protusiones, etc.) \u2013que pueden cursar con mucho dolor\u2013,la artrosis y las patolog\u00edas digestivas, como la enfermedad de Crohn, se est\u00e1n llevando la peor parte, y m\u00e1s desde la \u00faltima reforma legal de las mutuas privadas llevada a cabo por el Gobierno.<\/p>\n<p>Con ella, las mutuas tienen la capacidad de realizar inspecciones a los enfermos desde el primer d\u00eda en el que el m\u00e9dico de familia da la baja laboral, adem\u00e1s de proponer el alta. De hecho, no es tan raro que a los pocos d\u00edas de estar de baja los trabajadores reciban una llamada \u201cde control\u201d de la mutua.<\/p>\n<p>\u201cNo ha cambiado la norma, dice Sardinero, sino la interpretaci\u00f3n de la misma\u201d, pero hay cuestiones que recoge la Ley General de la Seguridad Social que deber\u00edan revisarse, porque en ning\u00fan momento fija cuestiones como la modulaci\u00f3n del dolor o que la misma patolog\u00eda en dos personas diferentes tiene consecuencias diferentes.<\/p>\n<p>Por ello, en los litigios es determinante el abogado escogido, el juez y el perito que le toque al paciente, ya que a veces una migra\u00f1a cr\u00f3nica o una depresi\u00f3n puede o no ser declarada incapacitante.<\/p>\n<p><a href=\"http:\/\/cincodias.com\/cincodias\/2015\/06\/18\/empresas\/1434618860_572850.html\">http:\/\/cincodias.com\/cincodias\/2015\/06\/18\/empresas\/1434618860_572850.html<\/a><\/p>\n<\/div>\n<\/div>\n<\/div>\n<\/div>\n","protected":false},"excerpt":{"rendered":"<p>Los enfermos espa\u00f1oles tambi\u00e9n est\u00e1n siendo los grandes paganos de los recortes. Parece que el&#8230;<\/p>\n","protected":false},"author":1,"featured_media":2524,"comment_status":"closed","ping_status":"closed","sticky":false,"template":"","format":"standard","meta":{"_coblocks_attr":"","_coblocks_dimensions":"","_coblocks_responsive_height":"","_coblocks_accordion_ie_support":"","jetpack_post_was_ever_published":false,"_jetpack_newsletter_access":"","_jetpack_dont_email_post_to_subs":false,"_jetpack_newsletter_tier_id":0,"_jetpack_memberships_contains_paywalled_content":false,"_jetpack_memberships_contains_paid_content":false,"footnotes":"","jetpack_publicize_message":"","jetpack_publicize_feature_enabled":true,"jetpack_social_post_already_shared":false,"jetpack_social_options":{"image_generator_settings":{"template":"highway","default_image_id":0,"enabled":false},"version":2}},"categories":[186,15,10],"tags":[908,909],"class_list":["post-2522","post","type-post","status-publish","format-standard","has-post-thumbnail","hentry","category-instituciones","category-ultimas-noticias","category-salud","tag-bajas-de-enfermedad","tag-mutuas"],"jetpack_publicize_connections":[],"jetpack_featured_media_url":"https:\/\/i0.wp.com\/miradordeatarfe.es\/wp-content\/uploads\/2015\/06\/1434618860_572850_1434619243_sumario_normal.jpg?fit=250%2C165&ssl=1","jetpack_likes_enabled":true,"jetpack_sharing_enabled":true,"_links":{"self":[{"href":"https:\/\/miradordeatarfe.es\/index.php?rest_route=\/wp\/v2\/posts\/2522","targetHints":{"allow":["GET"]}}],"collection":[{"href":"https:\/\/miradordeatarfe.es\/index.php?rest_route=\/wp\/v2\/posts"}],"about":[{"href":"https:\/\/miradordeatarfe.es\/index.php?rest_route=\/wp\/v2\/types\/post"}],"author":[{"embeddable":true,"href":"https:\/\/miradordeatarfe.es\/index.php?rest_route=\/wp\/v2\/users\/1"}],"replies":[{"embeddable":true,"href":"https:\/\/miradordeatarfe.es\/index.php?rest_route=%2Fwp%2Fv2%2Fcomments&post=2522"}],"version-history":[{"count":2,"href":"https:\/\/miradordeatarfe.es\/index.php?rest_route=\/wp\/v2\/posts\/2522\/revisions"}],"predecessor-version":[{"id":2525,"href":"https:\/\/miradordeatarfe.es\/index.php?rest_route=\/wp\/v2\/posts\/2522\/revisions\/2525"}],"wp:featuredmedia":[{"embeddable":true,"href":"https:\/\/miradordeatarfe.es\/index.php?rest_route=\/wp\/v2\/media\/2524"}],"wp:attachment":[{"href":"https:\/\/miradordeatarfe.es\/index.php?rest_route=%2Fwp%2Fv2%2Fmedia&parent=2522"}],"wp:term":[{"taxonomy":"category","embeddable":true,"href":"https:\/\/miradordeatarfe.es\/index.php?rest_route=%2Fwp%2Fv2%2Fcategories&post=2522"},{"taxonomy":"post_tag","embeddable":true,"href":"https:\/\/miradordeatarfe.es\/index.php?rest_route=%2Fwp%2Fv2%2Ftags&post=2522"}],"curies":[{"name":"wp","href":"https:\/\/api.w.org\/{rel}","templated":true}]}}