{"id":2526,"date":"2015-06-01T12:06:33","date_gmt":"2015-06-01T12:06:33","guid":{"rendered":"http:\/\/miradordeatarfe.es\/?p=2526"},"modified":"2015-06-30T07:38:36","modified_gmt":"2015-06-30T07:38:36","slug":"ana-gamez-deja-la-primera-linea-politica-para-volver-a-las-aulas","status":"publish","type":"post","link":"https:\/\/miradordeatarfe.es\/?p=2526","title":{"rendered":"Ana G\u00e1mez deja la primera l\u00ednea pol\u00edtica para volver a las aulas"},"content":{"rendered":"<div class=\"content\">\n<div id=\"main\">\n<div class=\"item\">\n<div class=\"anteti\"><\/div>\n<div class=\"cols2-2\">\n<div class=\"colA\">\n<div class=\"entrad\">La delegada de Educaci\u00f3n, Cultura y Deporte cree que la actividad pol\u00edtica no debe \u00abprofesionalizarse\u00bb. De su etapa al frente de la Delegaci\u00f3n, asegura haber aprendido \u00abmucho\u00bb, hasta de \u00ablos malos ratos\u00bb.<\/div>\n<\/div>\n<\/div>\n<\/div>\n<\/div>\n<\/div>\n<p><!--more--><\/p>\n<p>Tras dos legislaturas al frente de una de las \u00e1reas m\u00e1s complicadas del Gobierno andaluz, la de Educaci\u00f3n, que exige vocaci\u00f3n y compromiso para atender el d\u00eda a d\u00eda de m\u00e1s de 200.000 estudiantes, los centros en los que estudian, las actividades que practican, su profesorado y sus familias, Ana G\u00e1mez deja la primera l\u00ednea de la pol\u00edtica para volver a las aulas.<\/p>\n<p>Ocho a\u00f1os son \u00absuficientes\u00bb, en palabras de G\u00e1mez, que entiende la pol\u00edtica como una actividad que \u00abno deber\u00eda profesionalizarse\u00bb. Y con esa convicci\u00f3n, y \u00abcumplida\u00bb la tarea que ha desempe\u00f1ado, regresa a su trabajo.<\/p>\n<p>De esta etapa \u00abde mucho inter\u00e9s\u00bb al frente de Educaci\u00f3n, responsabilidad a la que sum\u00f3 las competencias de Cultura y Deporte en 2012, ha aprendido \u00abmucho\u00bb, incluso de \u00ablos malos ratos\u00bb, que tambi\u00e9n ha vivido. Y cree que la actividad p\u00fablica es algo que \u00abdeber\u00edan plantearse muchos ciudadanos\u00bb porque \u00aba lo mejor nos cambiaba el punto de vista sobre lo p\u00fablico y la tarea de quien se dedica a lo p\u00fablico\u00bb. Ojal\u00e1 \u00abmuchas personas se dedicaran al bien com\u00fan\u00bb.<\/p>\n","protected":false},"excerpt":{"rendered":"<p>La delegada de Educaci\u00f3n, Cultura y Deporte cree que la actividad pol\u00edtica no debe \u00abprofesionalizarse\u00bb&#8230;.<\/p>\n","protected":false},"author":1,"featured_media":2527,"comment_status":"closed","ping_status":"closed","sticky":false,"template":"","format":"standard","meta":{"_coblocks_attr":"","_coblocks_dimensions":"","_coblocks_responsive_height":"","_coblocks_accordion_ie_support":"","jetpack_post_was_ever_published":false,"_jetpack_newsletter_access":"","_jetpack_dont_email_post_to_subs":false,"_jetpack_newsletter_tier_id":0,"_jetpack_memberships_contains_paywalled_content":false,"_jetpack_memberships_contains_paid_content":false,"footnotes":"","jetpack_publicize_message":"","jetpack_publicize_feature_enabled":true,"jetpack_social_post_already_shared":false,"jetpack_social_options":{"image_generator_settings":{"template":"highway","default_image_id":0,"enabled":false},"version":2}},"categories":[187,15],"tags":[27,42],"class_list":["post-2526","post","type-post","status-publish","format-standard","has-post-thumbnail","hentry","category-centros-educativos","category-ultimas-noticias","tag-educacion","tag-politica"],"jetpack_publicize_connections":[],"jetpack_featured_media_url":"https:\/\/i0.wp.com\/miradordeatarfe.es\/wp-content\/uploads\/2015\/06\/iniciocursogranada.jpg?fit=450%2C300&ssl=1","jetpack_likes_enabled":true,"jetpack_sharing_enabled":true,"_links":{"self":[{"href":"https:\/\/miradordeatarfe.es\/index.php?rest_route=\/wp\/v2\/posts\/2526","targetHints":{"allow":["GET"]}}],"collection":[{"href":"https:\/\/miradordeatarfe.es\/index.php?rest_route=\/wp\/v2\/posts"}],"about":[{"href":"https:\/\/miradordeatarfe.es\/index.php?rest_route=\/wp\/v2\/types\/post"}],"author":[{"embeddable":true,"href":"https:\/\/miradordeatarfe.es\/index.php?rest_route=\/wp\/v2\/users\/1"}],"replies":[{"embeddable":true,"href":"https:\/\/miradordeatarfe.es\/index.php?rest_route=%2Fwp%2Fv2%2Fcomments&post=2526"}],"version-history":[{"count":1,"href":"https:\/\/miradordeatarfe.es\/index.php?rest_route=\/wp\/v2\/posts\/2526\/revisions"}],"predecessor-version":[{"id":2528,"href":"https:\/\/miradordeatarfe.es\/index.php?rest_route=\/wp\/v2\/posts\/2526\/revisions\/2528"}],"wp:featuredmedia":[{"embeddable":true,"href":"https:\/\/miradordeatarfe.es\/index.php?rest_route=\/wp\/v2\/media\/2527"}],"wp:attachment":[{"href":"https:\/\/miradordeatarfe.es\/index.php?rest_route=%2Fwp%2Fv2%2Fmedia&parent=2526"}],"wp:term":[{"taxonomy":"category","embeddable":true,"href":"https:\/\/miradordeatarfe.es\/index.php?rest_route=%2Fwp%2Fv2%2Fcategories&post=2526"},{"taxonomy":"post_tag","embeddable":true,"href":"https:\/\/miradordeatarfe.es\/index.php?rest_route=%2Fwp%2Fv2%2Ftags&post=2526"}],"curies":[{"name":"wp","href":"https:\/\/api.w.org\/{rel}","templated":true}]}}