{"id":25265,"date":"2018-09-04T09:05:27","date_gmt":"2018-09-04T07:05:27","guid":{"rendered":"http:\/\/miradordeatarfe.es\/?p=25265"},"modified":"2018-09-03T19:11:09","modified_gmt":"2018-09-03T17:11:09","slug":"la-propuesta-del-gobierno-del-solo-si-es-si-en-los-delitos-sexuales-ya-esta-en-un-convenio-ratificado-por-rajoy-en-2014","status":"publish","type":"post","link":"https:\/\/miradordeatarfe.es\/?p=25265","title":{"rendered":"La propuesta del Gobierno del \u00absolo s\u00ed es s\u00ed\u00bb en los delitos sexuales ya est\u00e1 en un convenio ratificado por Rajoy en 2014"},"content":{"rendered":"<header class=\"nav-down\">\n<div class=\"subtitle bkn mce sk2\">\n<p style=\"text-align: justify;\">Carmen Calvo anunci\u00f3 sin detalles una reforma inspirada por la m\u00e1xima \u00absi una mujer no dice s\u00ed expresamente, lo dem\u00e1s es no\u00bb.El Convenio de Estambul, a\u00fan sin aplicar, ahonda en la l\u00ednea de adaptar las legislaciones al \u00absolo s\u00ed es s\u00ed\u00bb y basa la violaci\u00f3n en el consentimiento y no en la violencia e intimidaci\u00f3n, como ocurre en el C\u00f3digo Penal<\/p>\n<\/div>\n<section id=\"edi-ad-slot-ed-bajo-titular\" class=\"md-advertisement md hspace ad-article no-adv-socios\" role=\"marquee\"><\/section>\n<\/header>\n<p><!--more--><\/p>\n<div class=\"pg-body\">\n<aside class=\"slidebar\">\n<article class=\"md-multimedia md md-sk1\">\n<div class=\"hd\">\n<p class=\"headline-aux\">\u00abParece que hasta que una mujer no dice &#8216;no&#8217;, est\u00e1 a disposici\u00f3n sexual. La sexualidad se ha construido en negativo. Lo que se pretende es darle la vuelta: hasta que no hay un &#8216;s\u00ed&#8217;, el sexo no es libre\u00bb, sostiene la abogada Carla Vall<\/p>\n<\/div>\n<div class=\"bd\">\n<p><strong> \u00abLa sentencia de la manada les dice a las mujeres que deben sufrir violencia extrema para ser agredidas\u00bb<\/strong><\/p>\n<\/div>\n<\/article>\n<\/aside>\n<div id=\"edi-body\" class=\"mce-body mce no-sticky-adv-socios\">\n<p class=\"mce\" style=\"text-align: justify;\">Que la m\u00e1xima del \u00absi una mujer no dice s\u00ed expresamente, todo lo dem\u00e1s es no\u00bb inspire la reforma del C\u00f3digo Penal.\u00a0Este fue el mensaje que lanz\u00f3 la vicepresidenta y ministra de Igualdad Carmen Calvo\u00a0\u00a0 al explicar c\u00f3mo cree el Gobierno que deben regularse los delitos sexuales para \u00abasegurar que no pongan en riesgo a trav\u00e9s de la interpretaci\u00f3n lo que son grav\u00edsimos delitos contra las mujeres\u00bb.<\/p>\n<p class=\"mce\" style=\"text-align: justify;\">Aunque Calvo no detall\u00f3 la propuesta m\u00e1s all\u00e1 del titular ni su gabinete ha precisado en qu\u00e9 consistir\u00e1, las palabras de la ministra han servido para abrir un debate sobre el consentimiento m\u00e1s all\u00e1 de considerar el \u00absolo s\u00ed es s\u00ed\u00bb como un \u00ablema sustantivo\u00bb, tal y como mencion\u00f3 la vicepresidenta. Lo cierto es que actualmente el sexo sin consentimiento ya constituye un delito, concretamente contra la libertad sexual, pero el anuncio del Ejecutivo ha desatado reacciones de, mayoritariamente, hombres preocupados por sus relaciones sexuales y algunas voces en el mundo jur\u00eddico que plantean c\u00f3mo podr\u00eda materializarse la propuesta<span class=\"mce\"> \u00a0sobre el papel.<\/span><\/p>\n<section id=\"edi-ad-slot-intext\" class=\"md-advertisement md hspace no-adv-socios\" role=\"marquee\"><\/section>\n<p class=\"mce\" style=\"text-align: justify;\">\u00bfEs posible ir m\u00e1s all\u00e1? \u00bfSe puede regular el consentimiento? \u00bfA qu\u00e9 se refer\u00eda Carmen Calvo? \u00bfEste \u00ablema sustantivo\u00bb del \u00absolo s\u00ed es s\u00ed\u00bb debe abordarse desde el \u00e1mbito penal? Para Ignacio Gonz\u00e1lez, portavoz de Jueces y Juezas para la Democracia, es \u00abaventurado\u00bb posicionarse ante una propuesta gen\u00e9rica que carece de detalle, pero \u00abbienvenidas sean las proposiciones que traten de proteger la libertad sexual de las mujeres. En cualquier caso, deber\u00e1 respetar los principios constitucionales y el derecho penal democr\u00e1tico\u00bb, estima.<\/p>\n<p class=\"mce\" style=\"text-align: justify;\">En este sentido, ya hay un instrumento que respira en la l\u00ednea de adaptar las legislaciones europeas al \u00absolo s\u00ed es s\u00ed\u00bb,\u00a0 tal y como han hecho\u00a0en los \u00faltimos tiempos pa\u00edses como Suecia o Alemania, nombrados por Calvo en su comparecencia. Se trata del<em> Convenio del Consejo de Europa sobre prevenci\u00f3n y lucha contra la violencia contra la mujer y la violencia dom\u00e9stica<\/em>, tambi\u00e9n llamado Convenio de Estambul, aprobado en 2011 y ratificado por Espa\u00f1a tres a\u00f1os despu\u00e9s, en 2014. Sin embargo, a\u00fan no se ha aplicado.<\/p>\n<p class=\"mce\" style=\"text-align: justify;\">Este convenio basa la definici\u00f3n de agresi\u00f3n sexual en la ausencia del consentimiento y no en si se da violencia e intimidaci\u00f3n. El C\u00f3digo Penal espa\u00f1ol, sin embargo, diferencia entre agresi\u00f3n y abuso, entendiendo este \u00faltimo como un delito contra la libertad sexual en el que no media ni violencia ni intimidaci\u00f3n. Esta distinci\u00f3n sirvi\u00f3 a la Audiencia Provincial de Navarra para condenar a los cinco miembros de &#8216;la manada&#8217; por abuso sexual y no por agresi\u00f3n. Es decir, aplicando un tipo penal de menor gravedad. Adem\u00e1s, es el que se suele\u00a0asignar\u00a0 a los casos de agresiones a menores perpetradas por conocidos,\u00a0que son la mayor\u00eda.<\/p>\n<p class=\"mce\" style=\"text-align: justify;\">\u00abEste es un primer paso. Diferenciar entre agresi\u00f3n y abuso es una gradaci\u00f3n que parte de una base err\u00f3nea. Por otro lado, hay que modificar el imaginario colectivo en el que se asocia que abusar de personas que tienen dificultades para expresar el consentimiento, por ejemplo, afectadas por el alcohol o menores, es\u00a0menos da\u00f1ino para la v\u00edctima\u00bb, explica la jurista especializada en violencia sexual Encarna Bodel\u00f3n.<\/p>\n<h3 style=\"text-align: justify;\">Del \u00abno\u00bb al \u00abs\u00ed\u00bb<\/h3>\n<p class=\"mce\" style=\"text-align: justify;\">Al acabar con esta distinci\u00f3n, el C\u00f3digo Penal reconocer\u00eda un solo tipo de agresi\u00f3n sexual basado \u00fanicamente en la idea del consentimiento, tal y como est\u00e1 recogido en la ley sobre violencia sexual\u00a0 presentada por Unidos Podemos-En Com\u00fa Podem-En Marea. En este sentido, podr\u00edan darse diferentes agravantes en funci\u00f3n de determinadas circunstancias, como el uso de la violencia, si hubo o no penetraci\u00f3n o la especial vulnerabilidad de la v\u00edctima, por ejemplo.<\/p>\n<p class=\"mce\" style=\"text-align: justify;\">Es en este sentido en el que est\u00e1n avanzando las legislaciones nombradas por Carmen Calvo. As\u00ed, Alemania reform\u00f3 su legislaci\u00f3n hace casi dos a\u00f1os para cambiar la idea de que la v\u00edctima deb\u00eda resistirse y el agresor utilizar la violencia para ser considerada una violaci\u00f3n. Es decir, se trata de construir el consentimiento en base a un paradigma diferente: pasar de que haga falta un \u00abno\u00bb a que solo si hay un \u00abs\u00ed\u00bb es sexo libre.<\/p>\n<p class=\"mce\" style=\"text-align: justify;\">De\u00a0esta manera define el consentimiento el Convenio de Estambul. El instrumento obliga a los Estados a tipificar como delito la penetraci\u00f3n y otros actos de violencia sexual en los que no medie el consentimiento, del que asegura que \u00abdebe prestarse voluntariamente como manifestaci\u00f3n del libre arbitrio de la persona considerado en el contexto de las condiciones circundantes\u00bb.<\/p>\n<p class=\"mce\" style=\"text-align: justify;\">\u00abSe trata de un cambio de modelo que parte de que la \u00fanica opci\u00f3n para que haya consentimiento es que haya un s\u00ed, que no se est\u00e1 diciendo que tenga que ser verbal\u00bb, explica la abogada penalista y miembro de Dones Juristes Carla Vall. Seg\u00fan la jurista, la interpretaci\u00f3n actual pone el foco en el \u00abno\u00bb de la v\u00edctima, en si se resisti\u00f3 y en c\u00f3mo lo hizo. \u00abAhora parece que hasta que una mujer no dice &#8216;no&#8217;\u00a0y no rechaza la interacci\u00f3n, est\u00e1 a disposici\u00f3n sexual. Es decir, el constructo de la sexualidad se ha hecho en negativo. Lo que se pretende es darle la vuelta y hacerlo en positivo: hasta que no hay un &#8216;s\u00ed&#8217;, el sexo no es libre\u00bb, sostiene.<\/p>\n<p class=\"mce\" style=\"text-align: justify;\">Y es que con la distinci\u00f3n entre agresi\u00f3n y abuso, exigiendo violencia e intimidaci\u00f3n para el primer caso, \u00ablo que est\u00e1 pidiendo el C\u00f3digo Penal en el fondo es que la persona se tenga que resistir\u00bb, apunta Bodel\u00f3n, directora del grupo de investigaci\u00f3n Ant\u00edgona de la Universidad Aut\u00f3noma de Barcelona (UAB). \u00abInvertir esa l\u00f3gica \u2013prosigue\u2013 es partir de la normalidad de que la relaci\u00f3n sexual se base en la aceptaci\u00f3n y no en la negaci\u00f3n. De esta forma, una mujer que no dice nada no quiere decir que est\u00e9 aceptando o manifestando el deseo sexual\u00bb.<\/p>\n<h3 style=\"text-align: justify;\">La pasividad no es consentimiento<\/h3>\n<p class=\"mce\" style=\"text-align: justify;\">Pero, \u00bfc\u00f3mo\u00a0trasladar esto\u00a0al C\u00f3digo Penal? Para Miguel Pasquau, magistrado del Tribunal Superior de Justicia de Andaluc\u00eda (TSJA), la palabra \u00abs\u00ed expresamente\u00bb utilizada por Carmen Calvo en su comparecencia es \u00abun exceso ret\u00f3rico\u00bb porque en el \u00e1mbito del lenguaje jur\u00eddico \u00abhace referencia a una voluntad que se dice con palabras o por escrito, algo que no puede llevarse al C\u00f3digo Penal\u00bb. En todo caso, a\u00f1ade el juez, \u00abse estar\u00eda refiriendo a consentimiento t\u00e1cito\u00bb.<\/p>\n<p class=\"mce\" style=\"text-align: justify;\">M\u00e1s all\u00e1 de terminar con la distinci\u00f3n entre agresi\u00f3n y abuso sexual, Pasquau opina que el \u00absolo s\u00ed es s\u00ed\u00bb de Calvo puede trasladarse al papel en forma de una apreciaci\u00f3n para especificar que \u00abno hace falta una oposici\u00f3n expresa para entender que no hay consentimiento\u00bb. Es decir, que la pasividad de la v\u00edctima no querr\u00e1 decir que hay consentimiento. \u00abEsto ya es as\u00ed actualmente, pero se puede recoger espec\u00edficamente\u00bb, explica el magistrado, que alude a que\u00a0ello dar\u00eda respuesta\u00a0al voto particular de la sentencia de &#8216;la manada&#8217;,\u00a0 en el que Ricardo Gonz\u00e1lez explic\u00f3 c\u00f3mo vio sexo consentido en los hechos denunciados.<\/p>\n<p class=\"mce\" style=\"text-align: justify;\">M\u00e1s all\u00e1 de las cuestiones penales, las juristas feministas consultadas lamentan que el debate jur\u00eddico tape el debate social sobre la construcci\u00f3n de las relaciones sexuales. \u00abLa reacci\u00f3n que hemos visto de muchos hombres en redes estos d\u00edas denota una falta de cultura de la sexualidad compartida muy llamativa\u00bb, argumenta Carla Vall. Por otro lado, insisten en lo importante de dise\u00f1ar un marco integral que aborde la violencia sexual desde diferentes perspectivas (asistencial, de reparaci\u00f3n, de prevenci\u00f3n&#8230;) y huyen del enfoque punitivo: \u00abNo pedimos un aumento de penas, eso es una forma muy err\u00f3nea de afrontar el problema. Lo importante es c\u00f3mo se previene la violencia sexual, c\u00f3mo se reconoce el da\u00f1o y c\u00f3mo se resarce\u00bb, zanja Bodel\u00f3n.<\/p>\n<p><small class=\"byline\"><a class=\"lnk\" title=\"Marta Borraz\" href=\"https:\/\/www.eldiario.es\/autores\/marta_borraz\/\">Marta Borraz<\/a><\/small><\/p>\n<p>FOTO: Miles de personas se concentran frente al Ministerio de Justicia en Madrid contra la sentencia de &#8216;la manada&#8217; <span class=\"font\">OLMO CALVO \/ MADRID<\/span><\/p>\n<\/div>\n<\/div>\n","protected":false},"excerpt":{"rendered":"<p>Carmen Calvo anunci\u00f3 sin detalles una reforma inspirada por la m\u00e1xima \u00absi una mujer no&#8230;<\/p>\n","protected":false},"author":1,"featured_media":25276,"comment_status":"closed","ping_status":"closed","sticky":false,"template":"","format":"standard","meta":{"_coblocks_attr":"","_coblocks_dimensions":"","_coblocks_responsive_height":"","_coblocks_accordion_ie_support":"","jetpack_post_was_ever_published":false,"_jetpack_newsletter_access":"","_jetpack_dont_email_post_to_subs":false,"_jetpack_newsletter_tier_id":0,"_jetpack_memberships_contains_paywalled_content":false,"_jetpack_memberships_contains_paid_content":false,"footnotes":"","jetpack_publicize_message":"","jetpack_publicize_feature_enabled":true,"jetpack_social_post_already_shared":false,"jetpack_social_options":{"image_generator_settings":{"template":"highway","default_image_id":0,"enabled":false},"version":2}},"categories":[1161,14,186,9,44,15],"tags":[41,214],"class_list":["post-25265","post","type-post","status-publish","format-standard","has-post-thumbnail","hentry","category-ciudadania","category-feminismo","category-instituciones","category-medio-ambiente","category-noticias-de-hoy","category-ultimas-noticias","tag-feminismo","tag-violencia-de-genero"],"jetpack_publicize_connections":[],"jetpack_featured_media_url":"https:\/\/i0.wp.com\/miradordeatarfe.es\/wp-content\/uploads\/2018\/09\/IM.jpeg?fit=300%2C168&ssl=1","jetpack_likes_enabled":true,"jetpack_sharing_enabled":true,"_links":{"self":[{"href":"https:\/\/miradordeatarfe.es\/index.php?rest_route=\/wp\/v2\/posts\/25265","targetHints":{"allow":["GET"]}}],"collection":[{"href":"https:\/\/miradordeatarfe.es\/index.php?rest_route=\/wp\/v2\/posts"}],"about":[{"href":"https:\/\/miradordeatarfe.es\/index.php?rest_route=\/wp\/v2\/types\/post"}],"author":[{"embeddable":true,"href":"https:\/\/miradordeatarfe.es\/index.php?rest_route=\/wp\/v2\/users\/1"}],"replies":[{"embeddable":true,"href":"https:\/\/miradordeatarfe.es\/index.php?rest_route=%2Fwp%2Fv2%2Fcomments&post=25265"}],"version-history":[{"count":4,"href":"https:\/\/miradordeatarfe.es\/index.php?rest_route=\/wp\/v2\/posts\/25265\/revisions"}],"predecessor-version":[{"id":25278,"href":"https:\/\/miradordeatarfe.es\/index.php?rest_route=\/wp\/v2\/posts\/25265\/revisions\/25278"}],"wp:featuredmedia":[{"embeddable":true,"href":"https:\/\/miradordeatarfe.es\/index.php?rest_route=\/wp\/v2\/media\/25276"}],"wp:attachment":[{"href":"https:\/\/miradordeatarfe.es\/index.php?rest_route=%2Fwp%2Fv2%2Fmedia&parent=25265"}],"wp:term":[{"taxonomy":"category","embeddable":true,"href":"https:\/\/miradordeatarfe.es\/index.php?rest_route=%2Fwp%2Fv2%2Fcategories&post=25265"},{"taxonomy":"post_tag","embeddable":true,"href":"https:\/\/miradordeatarfe.es\/index.php?rest_route=%2Fwp%2Fv2%2Ftags&post=25265"}],"curies":[{"name":"wp","href":"https:\/\/api.w.org\/{rel}","templated":true}]}}