{"id":2529,"date":"2015-06-29T06:08:30","date_gmt":"2015-06-29T06:08:30","guid":{"rendered":"http:\/\/miradordeatarfe.es\/?p=2529"},"modified":"2015-07-11T11:08:17","modified_gmt":"2015-07-11T11:08:17","slug":"aepd-y-cnmc-confirman-que-los-contadores-de-la-luz-favorecen-robos-en-viviendas-y-el-gobierno-no-actua","status":"publish","type":"post","link":"https:\/\/miradordeatarfe.es\/?p=2529","title":{"rendered":"AEPD y CNMC confirman que los contadores de la luz favorecen robos en viviendas y el Gobierno no act\u00faa"},"content":{"rendered":"<p>Industria hace caso omiso a las denuncias de FACUA y petici\u00f3n de cambios en los equipos realizadas por la CNMC y Endesa. Su luz led delata si los inmuebles est\u00e1n vac\u00edos. La Polic\u00eda Nacional tambi\u00e9n alerta del riesgo.<!--more--><\/p>\n<div class=\"elemento\">\n<div class=\"txtContenido\">\n<p>Tras las denuncias de FACUA-Consumidores en Acci\u00f3n, la Agencia Espa\u00f1ola de Protecci\u00f3n de Datos (AEPD) y la Comisi\u00f3n Nacional de los Mercados y la Competencia (CNMC) han confirmado que los nuevos contadores de la luz favorecen los robos en viviendas, especialmente en periodos vacacionales, ya que ofrecen informaci\u00f3n sobre la ocupaci\u00f3n de los domicilios en tiempo real.<\/p>\n<p>FACUA viene pidiendo medidas desde 2012 y la antigua Comisi\u00f3n Nacional de la Energ\u00eda (ahora integrada en la CNMC) reclam\u00f3 un a\u00f1o despu\u00e9s modificaciones en los contadores, algo que tambi\u00e9n ha hecho Endesa. Sin embargo, el Ministerio de Industria, Energ\u00eda y Turismo sigue sin dar soluci\u00f3n a esta situaci\u00f3n.<\/p>\n<p>Desde el a\u00f1o pasado, el Cuerpo Nacional de Polic\u00eda incluye entre las alertas y recomendaciones para prevenir robos en viviendas durante las vacaciones de verano el peligro que representan los nuevos contadores de la luz.<\/p>\n<p>Y es que estos nuevos equipos de medida son f\u00e1cilmente accesibles si se trata de edificios de pisos y, en el caso de las viviendas unifamiliares, se encuentran directamente en la v\u00eda p\u00fablica, por lo que exponen a los usuarios y a sus hogares.<\/p>\n<p>Los contadores cuentan con un dispositivo de luz led que emite un parpadeo que var\u00eda a una velocidad proporcional al consumo de energ\u00eda en el domicilio, de tal manera que, si el parpadeo es intenso, la vivienda est\u00e1 consumiendo mucha energ\u00eda en ese mismo momento (la casa est\u00e1 ocupada) y si el parpadeo es muy pausado, indica que el consumo energ\u00e9tico es muy bajo, esto es, la casa puede encontrarse vac\u00eda.<\/p>\n<p>FACUA lleva tres a\u00f1os denunciado el peligro que supone para la seguridad privada la exposici\u00f3n p\u00fablica de los datos de los usuarios a trav\u00e9s de dichos contadores. La Comisi\u00f3n Nacional de Energ\u00eda elabor\u00f3 en julio de 2012 un informe tras recibir la denuncia de la organizaci\u00f3n, y remiti\u00f3 un oficio a Industria solicitando la modificaci\u00f3n de la normativa.<\/p>\n<p>Por su parte, Protecci\u00f3n de Datos realiz\u00f3 una investigaci\u00f3n al respecto y concluy\u00f3 que <i>\u00abno se establece en la norma la posibilidad de que se visualice de una forma tan evidente para un tercero ajeno al contrato\u00bb<\/i>. La Agencia se\u00f1al\u00f3 que el funcionamiento de la luz led s\u00f3lo es \u00fatil <i>\u00abpara las verificaciones<\/i>\u00ab, pero \u00e9stas s\u00f3lo se efect\u00faan por un t\u00e9cnico cuando hay que comprobar que los equipos funcionan correctamente.<\/p>\n<p>En su informe, la AEPD lleg\u00f3 a consultar a Endesa, la principal empresa el\u00e9ctrica responsable de dichos contadores, empresa que, seg\u00fan el documento de Protecci\u00f3n de Datos, \u00ab<i>sugiri\u00f3 a la Comisi\u00f3n Nacional de Energ\u00eda que una posible soluci\u00f3n ser\u00eda la programaci\u00f3n de una nueva versi\u00f3n del contador que permita desactivar el led tras el proceso de instalaci\u00f3n y verificaci\u00f3n del funcionamiento del contador<\/i>\u00ab.<\/p>\n<p>En su Recomendaci\u00f3n de 9 de marzo de 2012, relativa a los preparativos para el despliegue de los sistemas de contador inteligente, la Comisi\u00f3n Europea indic\u00f3 que deb\u00eda <em>\u00abprestarse atenci\u00f3n especial a la seguridad y la protecci\u00f3n de los datos personales tratados\u00bb<\/em> por ellos. As\u00ed, se\u00f1al\u00f3 que deb\u00edan incorpor\u00e1rseles <em>\u00abelementos de seguridad de la informaci\u00f3n y protecci\u00f3n de los datos antes de su despliegue y utilizaci\u00f3n generalizada\u00bb<\/em>.<\/p>\n<p><em>\u00abLos Estados miembros deber\u00edan velar por que los operadores de redes y los operadores de los sistemas de contador inteligente (&#8230;) adopten las medidas t\u00e9cnicas y organizativas adecuadas para garantizar la protecci\u00f3n de los datos personales\u00bb<\/em>, se\u00f1ala la citada Recomendacion de Bruselas.<\/p>\n<\/div>\n<\/div>\n<p>&nbsp;<\/p>\n","protected":false},"excerpt":{"rendered":"<p>Industria hace caso omiso a las denuncias de FACUA y petici\u00f3n de cambios en los&#8230;<\/p>\n","protected":false},"author":1,"featured_media":2530,"comment_status":"closed","ping_status":"closed","sticky":false,"template":"","format":"standard","meta":{"_coblocks_attr":"","_coblocks_dimensions":"","_coblocks_responsive_height":"","_coblocks_accordion_ie_support":"","jetpack_post_was_ever_published":false,"_jetpack_newsletter_access":"","_jetpack_dont_email_post_to_subs":false,"_jetpack_newsletter_tier_id":0,"_jetpack_memberships_contains_paywalled_content":false,"_jetpack_memberships_contains_paid_content":false,"footnotes":"","jetpack_publicize_message":"","jetpack_publicize_feature_enabled":true,"jetpack_social_post_already_shared":false,"jetpack_social_options":{"image_generator_settings":{"template":"highway","default_image_id":0,"enabled":false},"version":2}},"categories":[186,9,15],"tags":[783,116,910],"class_list":["post-2529","post","type-post","status-publish","format-standard","has-post-thumbnail","hentry","category-instituciones","category-medio-ambiente","category-ultimas-noticias","tag-construcciones","tag-electricidad","tag-facua"],"jetpack_publicize_connections":[],"jetpack_featured_media_url":"https:\/\/i0.wp.com\/miradordeatarfe.es\/wp-content\/uploads\/2015\/06\/noticia9075h.jpg?fit=995%2C556&ssl=1","jetpack_likes_enabled":true,"jetpack_sharing_enabled":true,"_links":{"self":[{"href":"https:\/\/miradordeatarfe.es\/index.php?rest_route=\/wp\/v2\/posts\/2529","targetHints":{"allow":["GET"]}}],"collection":[{"href":"https:\/\/miradordeatarfe.es\/index.php?rest_route=\/wp\/v2\/posts"}],"about":[{"href":"https:\/\/miradordeatarfe.es\/index.php?rest_route=\/wp\/v2\/types\/post"}],"author":[{"embeddable":true,"href":"https:\/\/miradordeatarfe.es\/index.php?rest_route=\/wp\/v2\/users\/1"}],"replies":[{"embeddable":true,"href":"https:\/\/miradordeatarfe.es\/index.php?rest_route=%2Fwp%2Fv2%2Fcomments&post=2529"}],"version-history":[{"count":1,"href":"https:\/\/miradordeatarfe.es\/index.php?rest_route=\/wp\/v2\/posts\/2529\/revisions"}],"predecessor-version":[{"id":2531,"href":"https:\/\/miradordeatarfe.es\/index.php?rest_route=\/wp\/v2\/posts\/2529\/revisions\/2531"}],"wp:featuredmedia":[{"embeddable":true,"href":"https:\/\/miradordeatarfe.es\/index.php?rest_route=\/wp\/v2\/media\/2530"}],"wp:attachment":[{"href":"https:\/\/miradordeatarfe.es\/index.php?rest_route=%2Fwp%2Fv2%2Fmedia&parent=2529"}],"wp:term":[{"taxonomy":"category","embeddable":true,"href":"https:\/\/miradordeatarfe.es\/index.php?rest_route=%2Fwp%2Fv2%2Fcategories&post=2529"},{"taxonomy":"post_tag","embeddable":true,"href":"https:\/\/miradordeatarfe.es\/index.php?rest_route=%2Fwp%2Fv2%2Ftags&post=2529"}],"curies":[{"name":"wp","href":"https:\/\/api.w.org\/{rel}","templated":true}]}}