{"id":25317,"date":"2018-09-02T11:26:06","date_gmt":"2018-09-02T09:26:06","guid":{"rendered":"http:\/\/miradordeatarfe.es\/?p=25317"},"modified":"2019-12-28T12:36:21","modified_gmt":"2019-12-28T11:36:21","slug":"pregon-de-fiestas-2018por-jose-enrique-granados","status":"publish","type":"post","link":"https:\/\/miradordeatarfe.es\/?p=25317","title":{"rendered":"\u00abPREG\u00d3N DE FIESTAS 2018\u00bb por Jos\u00e9 Enrique Granados"},"content":{"rendered":"<div dir=\"auto\" style=\"text-align: justify;\">Magn\u00edfico el preg\u00f3n de fiestas 2018, que la otra noche desde el balc\u00f3n principal del Ayuntamiento declam\u00f3 <strong>Fuencisla Moreno Rueda.<\/strong> Lo transcribimos en nuestra gacetilla de hoy y lo acompa\u00f1amos con una fotograf\u00eda de primeros del siglo XX. En ella vemos a Santa Ana en sus andas antiguas de procesionar, antes de la realizaci\u00f3n de unas nuevas, realizadas en 1915 por el escultor alore\u00f1o Navas Parejo.<\/div>\n<p style=\"text-align: justify;\"><!--more--><\/p>\n<div dir=\"auto\" style=\"text-align: justify;\"><\/div>\n<div dir=\"auto\" style=\"text-align: justify;\">\u201cBuenas noches vecinos y vecinas de Atarfe.<\/div>\n<div dir=\"auto\" style=\"text-align: justify;\"><\/div>\n<div dir=\"auto\" style=\"text-align: justify;\">Antes de iniciar este preg\u00f3n quiero dar las gracias a Fabiola Garc\u00eda, concejala de Cultura, al Sr. Alcalde, a los miembros de la Corporaci\u00f3n Municipal, a mi amigo Jos\u00e9 Enrique Granados y a su Gacetilla y a todas las personas que de un modo u otro han hecho posible que hoy est\u00e9 aqu\u00ed pregonando las fiestas de nuestro pueblo. Gracias a quienes hab\u00e9is decidido acompa\u00f1arme en este acto. Es para m\u00ed un honor y una satisfacci\u00f3n sentiros tan cerca. \u00a1Gracias de todo coraz\u00f3n!<\/div>\n<div dir=\"auto\" style=\"text-align: justify;\"><\/div>\n<div dir=\"auto\" style=\"text-align: justify;\">Como casi todos sab\u00e9is, yo nac\u00ed en Atarfe, en concreto en la calle Barquillo, una calle desde donde era muy f\u00e1cil llegar hasta lo que, por aquellas fechas, era el Ferial. Los d\u00edas previos a las fiestas, desde la puerta de mi casa, ve\u00eda el ir y venir de camiones desmontando chapas de brillantes colores, enormes luces, coches, elefantes, patos, flores con asientos de madera alrededor, barcos, aviones\u2026 Eran los columpios, que fieles a su cita, acud\u00edan cada a\u00f1o a anunciarnos que las fiestas estaban a punto de empezar.<\/div>\n<div dir=\"auto\" style=\"text-align: justify;\"><\/div>\n<div dir=\"auto\" style=\"text-align: justify;\">Recuerdo con infinito cari\u00f1o a todos los ni\u00f1os y las ni\u00f1as del barrio subir hasta la ermita a ver como aquellos hombres armaban con una habilidad sorprendente aquellos artilugios y como, al cabo de un par de d\u00edas, ante nosotros aparec\u00edan perfectamente ensamblados los columpios de las fiestas de Atarfe. Al fondo del Paseo se instalaban las casetas, que casi siempre eran las mismas: las de turrones y barretas, la del chocolate, la de los churros y la de la t\u00f3mbola gigante que anunciaba a bombo y platillo que all\u00ed tocaba siempre y donde a m\u00ed nunca me toc\u00f3 nada.<\/div>\n<div dir=\"auto\" style=\"text-align: justify;\"><\/div>\n<div dir=\"auto\" style=\"text-align: justify;\">Pese a que todo estaba preparado unos d\u00edas antes, las fiestas empezaban el d\u00eda que correspond\u00eda y hasta que eran oficiales, los columpios daban vueltas en solitario ante las miradas de los ni\u00f1os y la t\u00f3mbola nos tentaba con su repetida cantinela sin que nadie se acercara a probar suerte en ella.<\/div>\n<div dir=\"auto\" style=\"text-align: justify;\"><\/div>\n<div dir=\"auto\" style=\"text-align: justify;\">Al fin llegaba el d\u00eda, y con \u00e9l la ilusi\u00f3n y unos nervios que se repet\u00edan a\u00f1o tras a\u00f1o. La diversi\u00f3n empezaba muy pronto. A las 8 de la ma\u00f1ana se o\u00edan los primeros cohetes, los acordes de la banda de m\u00fasica y los cabezudos. A pesar de las altas temperaturas del mes de julio e incluso del mes de septiembre las actividades continuaban durante el d\u00eda, pero cuando m\u00e1s se disfrutaba de las fiestas era por la noche.<\/div>\n<div dir=\"auto\" style=\"text-align: justify;\"><\/div>\n<div dir=\"auto\" style=\"text-align: justify;\">Nada m\u00e1s meterse el sol sub\u00eda la cuesta de mi calle casi corriendo junto con mis hermanas y mis amigas. Cuando se abr\u00eda ante nuestros ojos el Paseo de Santa Ana lleno de m\u00fasica, de luces, de alegr\u00eda y de vida, todo cambiaba a nuestro alrededor. Unos metros m\u00e1s all\u00e1 aparec\u00eda la Calle Real, escenario principal de las fiestas. La calle escasamente iluminada durante todo el a\u00f1o lucia con bombillas de colores. La gente transitaba con sus mejores galas por la calzada saludando a quienes a su paso se encontraba. El escaso tr\u00e1fico desaparec\u00eda y solo el tranv\u00eda amarillo nos comunicaba con los pueblos de alrededor y con la capital.<\/div>\n<div dir=\"auto\" style=\"text-align: justify;\"><\/div>\n<div dir=\"auto\" style=\"text-align: justify;\">En aquellos d\u00edas nuestro mundo se reduc\u00eda a esa calle y a los espacios cercanos a ella, un reducido mundo en el que todos ten\u00edamos cabida y donde ninguno de nosotros necesitaba nada m\u00e1s. Por la calle Real pase\u00e9 mis sue\u00f1os y mis deseos de libertad. Por aquella calle se pase\u00f3 mi juventud como a\u00f1os atr\u00e1s se hab\u00eda paseado la juventud de mis padres y probablemente la juventud de mis abuelos.<\/div>\n<div dir=\"auto\" style=\"text-align: justify;\"><\/div>\n<div dir=\"auto\" style=\"text-align: justify;\">En las muchas conversaciones que tuve la suerte de tener con mi madre, a menudo me hablaba de las fiestas que ella hab\u00eda vivido. Era una \u00e9poca en la que todo era tremendamente dif\u00edcil y, sin embargo, cuando hablaba de ellas siempre lo hac\u00eda con un brillo especial en los ojos, una an\u00e9cdota que contar y una sonrisa en los labios. Y es que esa es la magia de las fiestas, la que hace que, pese a todas las circunstancias, esos d\u00edas dejen un bonito y entra\u00f1able recuerdo en quienes tienen la suerte de poder vivirlas. Y como la historia se repite de madres a hijas y de hijas a nietas, yo hoy siento lo mismo que sent\u00eda ella: que esos d\u00edas que consum\u00eda todos los a\u00f1os y que deseaba poder alargar son uno de los mejores recuerdos que guardo de mi adolescencia y de mi juventud.<\/div>\n<div dir=\"auto\" style=\"text-align: justify;\"><\/div>\n<div dir=\"auto\" style=\"text-align: justify;\">El tiempo, al que nadie puede poner freno, sigui\u00f3 su rumbo y un a\u00f1o dej\u00e9 de ver desde la puerta de mi casa montar los columpios, ni volv\u00ed a o\u00edr el soniquete de la t\u00f3mbola ni las canciones pegadizas de las casetas. Un a\u00f1o el ferial cambi\u00f3 de ubicaci\u00f3n, al otro a\u00f1o volvi\u00f3 a cambiar y al otro tambi\u00e9n. Y es que mientras los a\u00f1os iban pasando por mi vida, tambi\u00e9n iban pasando por el pueblo. El pueblo empez\u00f3 a crecer y todo empez\u00f3 a cambiar, y en esas estamos, cambiando y cambiando, porque los pueblos no se detienen, porque la vida y la historia nunca se pueden detener.<\/div>\n<div dir=\"auto\" style=\"text-align: justify;\"><\/div>\n<div dir=\"auto\" style=\"text-align: justify;\">Yo llegu\u00e9 por primera vez a este Ayuntamiento hace casi 35 a\u00f1os cargada de ilusiones y con la seguridad que la juventud me regalaba. Mi primer trabajo lo hice en el Archivo Municipal. Ten\u00eda 23 a\u00f1os y unos enormes deseos de trabajar, de transformar y hasta de cambiar el mundo, pero fue en el archivo entre papeles descoloridos y arrugados donde me di cuenta de que otras personas con m\u00e1s raz\u00f3n, m\u00e1s esfuerzo y m\u00e1s convicci\u00f3n que yo ya lo hab\u00edan hecho antes. Cada uno de ellos lo hab\u00eda hecho a su manera, pero todos hab\u00edan querido cambiar algo y todos hab\u00edan querido hacerlo lo mejor posible. En algunas ocasiones fueron precisamente las fiestas del pueblo, el mejor escenario para dar a conocer esos cambios. Por eso yo quisiera que este Preg\u00f3n fuera un homenaje a quienes desde el Ayuntamiento o fuera de \u00e9l, a lo largo del tiempo, han hecho posible las fiestas de este pueblo y los cambios que a trav\u00e9s de ellas hemos conocido.<\/div>\n<div dir=\"auto\" style=\"text-align: justify;\"><\/div>\n<div dir=\"auto\" style=\"text-align: justify;\">A escasos metros de aqu\u00ed, en una caseta rodeada de ca\u00f1averales un grupo de hombres y mujeres celebraban la llegada de las libertades. Era una caseta diferente a todas las que aqu\u00ed conoc\u00edamos. En la parte frontal unos s\u00edmbolos, unas siglas y detr\u00e1s de ellas un grupo de personas que brindaban porque al fin hab\u00edan llegado tiempos mejores. En esa caseta hab\u00eda mucha gente conocida por todos. En esa caseta estaba gran parte de mi familia. En esa caseta estaba mi padre. Un homenaje a ellos y un homenaje a ese esp\u00edritu de conciliaci\u00f3n que yo viv\u00ed y que hizo que unos y otros, los de aqu\u00ed y los de un poco m\u00e1s all\u00e1, se sentaran en la misma mesa y al menos por unos d\u00edas compartieran sentimientos parecidos, sinti\u00e9ndose todos hijos de la misma tierra. Un homenaje a las madres, a las abuelas y a todas las mujeres que mes a mes iban ahorrando lo que buenamente pod\u00edan para que sus hijas en las fiestas pudieran estrenar vestido nuevo. Un homenaje a quienes con escasos recursos organizaban unos eventos festivos: a los acaldes, a los concejales, a los miembros de las antiguas comisiones\u00a0 de fiestas, a quienes organizaban los actos religiosos&#8230; Y un homenaje cargado de emoci\u00f3n y de sentimientos a todos los que tuvieron que partir de este pueblo y siempre guardaron en sus corazones la imagen de Santa Ana recorriendo sus calles y la m\u00fasica que la acompa\u00f1aba. Un recuerdo a las madres y aquellas plegarias silenciosas que le dedicaban cada 26 de julio a la patrona pidi\u00e9ndole protecci\u00f3n para sus hijos que se hab\u00edan tenido que ir a tierra extra\u00f1a: \u201cSanta Ana bendita, prot\u00e9gelo de todo mal\u201d.<\/div>\n<div dir=\"auto\" style=\"text-align: justify;\"><\/div>\n<div dir=\"auto\" style=\"text-align: justify;\">Todo iba modific\u00e1ndose al paso del tiempo: las fiestas de septiembre desaparecieron, la romer\u00eda, las reinas de las fiestas, las cuca\u00f1as, las carocas, el chal\u00e9 o las carreras de cintas, sin embargo, ha ido permaneciendo inalterable el esp\u00edritu que acompa\u00f1aba las fiestas, las ganas de divertirse, los vestidos de flamenca, las casetas, el chocolate y los churros de madrugada y en mi caso, la tradici\u00f3n de estrenar vestido, porque las fiestas se lo merecen y porque as\u00ed lo he decidido.<\/div>\n<div dir=\"auto\" style=\"text-align: justify;\"><\/div>\n<div dir=\"auto\" style=\"text-align: justify;\">Pero Atarfe no son solo sus fiestas. Aunque frente a nosotros haya mucho trabajo por hacer, muchas cosas que mejorar\u00a0 y muchas dificultades que sortear, Atarfe es un gran pueblo. Atarfe guarda su historia en los cientos de legajos que componen su Archivo Municipal y en los restos de piezas arqueol\u00f3gicas encontradas en su t\u00e9rmino. Entre olivares y sierras est\u00e1 encerrado lo m\u00e1s esplendoroso de nuestra historia, un lugar donde existieron unas alquer\u00edas que se convirtieron en ciudad y una ciudad, Medina Elvira, que se convirti\u00f3 en la capital de una de las coras m\u00e1s importantes de Al Andalus. Atarfe es su paisaje, sus calles empinadas y tortuosas, la Ermita de los Tres Juanes, la Canterilla, las Aguas Potables, la Moleona y los Caballicos del Rey. Atarfe es su patrimonio y sus tradiciones, es Santa Ana y los fieles que tan devotamente la acompa\u00f1an. Atarfe para mi son mis abuelos, mis padres, mis hermanas y mis sobrinos. Atarfe es Francis, la persona con la que decid\u00ed compartir mi vida. Atarfe son mis hijos, los que cada d\u00eda hacen que me sienta la persona m\u00e1s feliz del mundo. Atarfe son todas las personas con las que cada d\u00eda me cruzo y con las que comparto un caf\u00e9, un viaje, una charla, una sonrisa; son los amigos de mi infancia y los amigos de mi juventud, mis compa\u00f1eros de trabajo. Atarfe es mi teatro y los amigos con los que me subo al escenario y comparto risas, nervios y muchos sue\u00f1os. Atarfe es la m\u00fasica, la pintura, la danza, el arte\u2026 Atarfe son sus centros educativos y sus centros deportivos, es el Centro Cultural, el que me ha permitido conocer a tanta gente y al que dedico mi vida profesional y una buena parte de mi vida personal. Atarfe, en definitiva, sois todos vosotros. Es el\u00a0 mundo donde he ido creciendo, haci\u00e9ndome adulta, es el lugar al que estoy unida y del que bajo ning\u00fan concepto me voy a poder separar.<\/div>\n<div dir=\"auto\" style=\"text-align: justify;\"><\/div>\n<div dir=\"auto\" style=\"text-align: justify;\">Por muchos a\u00f1os que pasen y la modernidad traiga de su mano nuevos modelos de convivencia y de diversi\u00f3n, no habr\u00e1 un atarfe\u00f1o que llegado el mes de julio no pregunte \u201cOye\u2026 \u00bfC\u00f3mo caen las fiestas este a\u00f1o?\u201d. Por muchos a\u00f1os que pasen siempre recordar\u00e9 la voz de mi madre y la de tantas madres decid a sus hijos: \u201cLevantaos ya que van a pasar los cabezuos y se os van a escapar\u201d. Por muchos a\u00f1os que pasen siempre recordar\u00e9 a mi abuela sentada en una silla de enea a la puerta de la ermita para ver entrar a Santa Ana. Y, aunque el tiempo vaya borrando algunas huellas, yo seguir\u00e9 atesorando esos recuerdos para acercarme a ellos cuando la melancol\u00eda me invada, cuando el pasado en forma de canci\u00f3n y de juego me recuerde las fiestas de tiempos pasados.<\/div>\n<div dir=\"auto\" style=\"text-align: justify;\"><\/div>\n<div dir=\"auto\" style=\"text-align: justify;\">Pero mirando al pasado no se debe acabar un Preg\u00f3n de fiestas. Como he dicho al principio la vida no se detiene y el futuro, al que debemos mirar con entusiasmo y optimismo, nos est\u00e1 aguardando. Yo, para el futuro de Atarfe, deseo esperanza y prosperidad. Ojal\u00e1 sigamos adelante construyendo un pueblo donde sea posible la convivencia y la alegr\u00eda. Ojal\u00e1 seamos capaces de remar todos en la misma direcci\u00f3n, porque es el \u00fanico medio que encuentro para poder llegar al mejor destino. Ojal\u00e1 las generaciones venideras se sientan satisfechas y orgullosas del trabajo que hemos realizado. Ojal\u00e1 a ninguno de nosotros, se nos olvide nunca que\u00a0 tenemos algo muy importante que nos une: esta tierra, este cielo, estas calles, este pueblo, nuestro pueblo.<\/div>\n<div dir=\"auto\" style=\"text-align: justify;\"><\/div>\n<div dir=\"auto\" style=\"text-align: justify;\">\u00a1Muchas gracias a todos y felices fiestas 2018!\u201d<\/div>\n<div dir=\"auto\" style=\"text-align: justify;\"><\/div>\n","protected":false},"excerpt":{"rendered":"<p>Magn\u00edfico el preg\u00f3n de fiestas 2018, que la otra noche desde el balc\u00f3n principal del&#8230;<\/p>\n","protected":false},"author":1,"featured_media":25299,"comment_status":"closed","ping_status":"closed","sticky":false,"template":"","format":"standard","meta":{"_coblocks_attr":"","_coblocks_dimensions":"","_coblocks_responsive_height":"","_coblocks_accordion_ie_support":"","jetpack_post_was_ever_published":false,"_jetpack_newsletter_access":"","_jetpack_dont_email_post_to_subs":false,"_jetpack_newsletter_tier_id":0,"_jetpack_memberships_contains_paywalled_content":false,"_jetpack_memberships_contains_paid_content":false,"footnotes":"","jetpack_publicize_message":"","jetpack_publicize_feature_enabled":true,"jetpack_social_post_already_shared":false,"jetpack_social_options":{"image_generator_settings":{"template":"highway","default_image_id":0,"enabled":false},"version":2}},"categories":[2,12,1161,2949,38,44,15],"tags":[81,5226,5225],"class_list":["post-25317","post","type-post","status-publish","format-standard","has-post-thumbnail","hentry","category-atarfe","category-cultura","category-ciudadania","category-opinion-de-fuencisla-moreno","category-opinion-de-jose-enrique-granados","category-noticias-de-hoy","category-ultimas-noticias","tag-atarfe","tag-fuencisla-moreno","tag-pregon-de-fiestas"],"jetpack_publicize_connections":[],"jetpack_featured_media_url":"https:\/\/i0.wp.com\/miradordeatarfe.es\/wp-content\/uploads\/2018\/08\/IMG_20180725_221849.jpg?fit=3968%2C2976&ssl=1","jetpack_likes_enabled":true,"jetpack_sharing_enabled":true,"_links":{"self":[{"href":"https:\/\/miradordeatarfe.es\/index.php?rest_route=\/wp\/v2\/posts\/25317","targetHints":{"allow":["GET"]}}],"collection":[{"href":"https:\/\/miradordeatarfe.es\/index.php?rest_route=\/wp\/v2\/posts"}],"about":[{"href":"https:\/\/miradordeatarfe.es\/index.php?rest_route=\/wp\/v2\/types\/post"}],"author":[{"embeddable":true,"href":"https:\/\/miradordeatarfe.es\/index.php?rest_route=\/wp\/v2\/users\/1"}],"replies":[{"embeddable":true,"href":"https:\/\/miradordeatarfe.es\/index.php?rest_route=%2Fwp%2Fv2%2Fcomments&post=25317"}],"version-history":[{"count":2,"href":"https:\/\/miradordeatarfe.es\/index.php?rest_route=\/wp\/v2\/posts\/25317\/revisions"}],"predecessor-version":[{"id":36380,"href":"https:\/\/miradordeatarfe.es\/index.php?rest_route=\/wp\/v2\/posts\/25317\/revisions\/36380"}],"wp:featuredmedia":[{"embeddable":true,"href":"https:\/\/miradordeatarfe.es\/index.php?rest_route=\/wp\/v2\/media\/25299"}],"wp:attachment":[{"href":"https:\/\/miradordeatarfe.es\/index.php?rest_route=%2Fwp%2Fv2%2Fmedia&parent=25317"}],"wp:term":[{"taxonomy":"category","embeddable":true,"href":"https:\/\/miradordeatarfe.es\/index.php?rest_route=%2Fwp%2Fv2%2Fcategories&post=25317"},{"taxonomy":"post_tag","embeddable":true,"href":"https:\/\/miradordeatarfe.es\/index.php?rest_route=%2Fwp%2Fv2%2Ftags&post=25317"}],"curies":[{"name":"wp","href":"https:\/\/api.w.org\/{rel}","templated":true}]}}