{"id":25343,"date":"2018-09-03T08:30:31","date_gmt":"2018-09-03T06:30:31","guid":{"rendered":"http:\/\/miradordeatarfe.es\/?p=25343"},"modified":"2018-08-29T20:34:21","modified_gmt":"2018-08-29T18:34:21","slug":"por-fin-editorial-del-pais","status":"publish","type":"post","link":"https:\/\/miradordeatarfe.es\/?p=25343","title":{"rendered":"\u00abPor fin\u00bb EDITORIAL DEL PAIS"},"content":{"rendered":"<p class=\"articulo-subtitulo\">Las democracias se construyen sobre espacios simb\u00f3licos comunes: el Valle de los Ca\u00eddos nunca lo ser\u00e1 mientras siga Franco all\u00ed<!--more--><\/p>\n<p style=\"text-align: justify;\">Todas las democracias se construyen sobre espacios simb\u00f3licos comunes con los que se identifican la mayor\u00eda de sus ciudadanos. Cuantos m\u00e1s, mejor. La Transici\u00f3n ofrece muchos ejemplos de estos esfuerzos de aceptaci\u00f3n de s\u00edmbolos que no eran inicialmente propios pero que se quer\u00eda que fueran compartidos. Por eso, cuando la derecha lleg\u00f3 al poder, ten\u00eda que haber sacado los restos de Franco del Valle de los Ca\u00eddos: resulta inaceptable que, en un pa\u00eds en el que no quedan rastros legales ni institucionales de la dictadura, su m\u00e1ximo representante siga enterrado con honores en un espacio imposible de encajar en la simbolog\u00eda democr\u00e1tica com\u00fan.<\/p>\n<p style=\"text-align: justify;\">La exhumaci\u00f3n de los restos de Franco llega tarde, pese a que no han faltado momentos para hacerlo. Una investigaci\u00f3n de expertos sobre el Valle de los Ca\u00eddos, encargada en la \u00e9poca de Zapatero, lo pidi\u00f3 en 2011. Un informe presentado ante el Consejo de Derechos Humanos de la ONU en 2014 reclam\u00f3 de nuevo al Ejecutivo que resolviese \u00abde forma urgente\u00bb este asunto. Y en mayo de 2017, el Congreso de los Diputados aprob\u00f3 sin votos en contra, aunque con la abstenci\u00f3n del PP, una proposici\u00f3n no de ley que ped\u00eda el traslado de esos restos. Los Gobiernos de Rajoy se desentendieron de las sugerencias de los expertos, de un mandato de Naciones Unidas y de una decisi\u00f3n de los diputados. Fue una oportunidad perdida para reforzar lo que debi\u00f3 ser desde siempre una pol\u00edtica de Estado: acabar con la anomal\u00eda de lo que es un monumento a la dictadura mientras Franco siga permaneciendo ah\u00ed.<\/p>\n<p style=\"text-align: justify;\">La f\u00f3rmula del Gobierno para justificar la exhumaci\u00f3n es un argumento que ya aparece en los informes de los expertos y de la ONU. El relator sobre la promoci\u00f3n de la verdad de Naciones Unidas lo explic\u00f3 as\u00ed: \u00abDif\u00edcilmente podr\u00e1 pensarse como un lugar en favor de la paz y la reconciliaci\u00f3n mientras siga en el centro del monumento la tumba con flores a un dictador\u00bb. No hace falta agregar nada m\u00e1s.<\/p>\n","protected":false},"excerpt":{"rendered":"<p>Las democracias se construyen sobre espacios simb\u00f3licos comunes: el Valle de los Ca\u00eddos nunca lo&#8230;<\/p>\n","protected":false},"author":1,"featured_media":25344,"comment_status":"closed","ping_status":"closed","sticky":false,"template":"","format":"standard","meta":{"_coblocks_attr":"","_coblocks_dimensions":"","_coblocks_responsive_height":"","_coblocks_accordion_ie_support":"","jetpack_post_was_ever_published":false,"_jetpack_newsletter_access":"","_jetpack_dont_email_post_to_subs":false,"_jetpack_newsletter_tier_id":0,"_jetpack_memberships_contains_paywalled_content":false,"_jetpack_memberships_contains_paid_content":false,"footnotes":"","jetpack_publicize_message":"","jetpack_publicize_feature_enabled":true,"jetpack_social_post_already_shared":false,"jetpack_social_options":{"image_generator_settings":{"template":"highway","default_image_id":0,"enabled":false},"version":2}},"categories":[186,44,15],"tags":[5223,2616],"class_list":["post-25343","post","type-post","status-publish","format-standard","has-post-thumbnail","hentry","category-instituciones","category-noticias-de-hoy","category-ultimas-noticias","tag-franco-exhumacion","tag-valle-de-los-caidos"],"jetpack_publicize_connections":[],"jetpack_featured_media_url":"https:\/\/i0.wp.com\/miradordeatarfe.es\/wp-content\/uploads\/2018\/08\/1535135576_816696_1535135839_noticia_normal_recorte1.jpg?fit=1960%2C1236&ssl=1","jetpack_likes_enabled":true,"jetpack_sharing_enabled":true,"_links":{"self":[{"href":"https:\/\/miradordeatarfe.es\/index.php?rest_route=\/wp\/v2\/posts\/25343","targetHints":{"allow":["GET"]}}],"collection":[{"href":"https:\/\/miradordeatarfe.es\/index.php?rest_route=\/wp\/v2\/posts"}],"about":[{"href":"https:\/\/miradordeatarfe.es\/index.php?rest_route=\/wp\/v2\/types\/post"}],"author":[{"embeddable":true,"href":"https:\/\/miradordeatarfe.es\/index.php?rest_route=\/wp\/v2\/users\/1"}],"replies":[{"embeddable":true,"href":"https:\/\/miradordeatarfe.es\/index.php?rest_route=%2Fwp%2Fv2%2Fcomments&post=25343"}],"version-history":[{"count":1,"href":"https:\/\/miradordeatarfe.es\/index.php?rest_route=\/wp\/v2\/posts\/25343\/revisions"}],"predecessor-version":[{"id":25345,"href":"https:\/\/miradordeatarfe.es\/index.php?rest_route=\/wp\/v2\/posts\/25343\/revisions\/25345"}],"wp:featuredmedia":[{"embeddable":true,"href":"https:\/\/miradordeatarfe.es\/index.php?rest_route=\/wp\/v2\/media\/25344"}],"wp:attachment":[{"href":"https:\/\/miradordeatarfe.es\/index.php?rest_route=%2Fwp%2Fv2%2Fmedia&parent=25343"}],"wp:term":[{"taxonomy":"category","embeddable":true,"href":"https:\/\/miradordeatarfe.es\/index.php?rest_route=%2Fwp%2Fv2%2Fcategories&post=25343"},{"taxonomy":"post_tag","embeddable":true,"href":"https:\/\/miradordeatarfe.es\/index.php?rest_route=%2Fwp%2Fv2%2Ftags&post=25343"}],"curies":[{"name":"wp","href":"https:\/\/api.w.org\/{rel}","templated":true}]}}