{"id":25359,"date":"2018-09-01T13:16:16","date_gmt":"2018-09-01T11:16:16","guid":{"rendered":"http:\/\/miradordeatarfe.es\/?p=25359"},"modified":"2018-09-20T10:03:14","modified_gmt":"2018-09-20T08:03:14","slug":"atarfe-hoy-sabado-la-escuela-municipal-de-teatro-de-atarfe-estrena-una-adaptacion-de-las-arrecogias-de-martin-recuerda","status":"publish","type":"post","link":"https:\/\/miradordeatarfe.es\/?p=25359","title":{"rendered":"Las \u2018ARRECOG\u00cdAS\u2019 de Mart\u00edn Recuerda por Fuencisla Moreno"},"content":{"rendered":"<div id=\"main\">\n<div class=\"item\">\n<div class=\"cols2-2\">\n<div class=\"colA\">\n<div class=\"cuerpo\">\n<p style=\"text-align: justify;\">La Escuela Municipal de Teatro de Atarfe estrena este s\u00e1bado, 1 de septiembre, una adaptaci\u00f3n de la obra dram\u00e1tica de Jos\u00e9 Mart\u00edn Recuerda \u2018Las arrecog\u00edas del beaterio de Santa Mar\u00eda Egipciaca\u2019, el mayor reto esc\u00e9nico para los actores y actrices que dirige V\u00edctor M. Rivera.<!--more--><\/p>\n<p style=\"text-align: justify;\">Con dicha obra arranca una nueva edici\u00f3n de la Muestra de Teatro Local de Atarfe que se celebra en septiembre con el objetivo de acercar el teatro local a los vecinos. \u201cEs una oportunidad para fomentar las artes esc\u00e9nicas y la afici\u00f3n por el teatro a trav\u00e9s de los trabajos que a lo largo del a\u00f1o realizan los alumnos de la escuela municipal, que ya destacan por sus dotes interpretativas\u201d, seg\u00fan explica la concejal de Cultura, Fabiola Garc\u00eda Montijano.<\/p>\n<p style=\"text-align: justify;\">Durante septiembre los alumnos de la escuela que forman parte de la Asociaci\u00f3n Art\u00edstica y Cultural Ciudad de Atarfe pondr\u00e1n en escena cuatro obras: \u2018Una arrecog\u00eda m\u00e1s\u2019, adaptaci\u00f3n de una de las obras m\u00e1s emblem\u00e1ticas de Mart\u00edn Recuerda, en su tiempo censurada, donde se recoge la \u00faltima etapa de la vida de Mariana Pineda en su lucha por la libertad (1 de septiembre); \u2018La \u00faltima estaci\u00f3n\u2019, de la autora atarfe\u00f1a Fuencisla Moreno Rueda, que cuenta tres historias relacionadas con la inmigraci\u00f3n, los beb\u00e9s robados y la herencia de familias (9 de septiembre); \u2018Los pergaminos\u2019, una comedia de Pedro Mu\u00f1oz Seca (14 de septiembre); y \u2018Trapos en la azotea\u2019, adaptaci\u00f3n de la obra \u2018Hoy es fiesta\u2019 de Antonio Buero Vallejo (22 de septiembre).<\/p>\n<p style=\"text-align: justify;\">En la adaptaci\u00f3n de la obra de Mart\u00edn Recuerda participan 14 actores y actrices con amplia trayectoria art\u00edstica que han contribuido con su trabajo al reconocimiento de la escuela municipal en distintos cert\u00e1menes de teatro.<\/p>\n<p style=\"text-align: justify;\">La escenograf\u00eda, cuidada hasta el m\u00ednimo detalle, corre a cargo del propio director V\u00edctor M. Rivera Rueda, y de sus ayudantes Francisco Pozo Mart\u00ednez y Rafael Robles Oca\u00f1a.<\/p>\n<p style=\"text-align: justify;\">La obra de Mart\u00edn Recuerda se desarrolla en el Beaterio de Santa Mar\u00eda Egipciaca, donde permaneci\u00f3 recluida Mariana Pineda junto a otras mujeres \u2018descarriadas\u2019, momentos antes de pasar a la c\u00e1rcel para ser ajusticiada.<\/p>\n<p style=\"text-align: justify;\">Todas las representaciones tendr\u00e1n lugar a las 20 horas en el Centro Cultural Medina Elvira de Atarfe, donde se puede adquirir la entrada de forma anticipada por tan solo 3 euros.<\/p>\n<p><a href=\"http:\/\/www.elindependientedegranada.es\/cultura\/escuela-municipal-teatro-atarfe-estrena-sabado-adaptacion-arrecogias-martin-recuerda\">http:\/\/www.elindependientedegranada.es\/cultura\/escuela-municipal-teatro-atarfe-estrena-sabado-adaptacion-arrecogias-martin-recuerda<\/a><\/p>\n<h5 style=\"text-align: justify;\">foto:En el centro, el director de la escuela, V\u00edctor M. Rivera, con el premio a la mejor escenograf\u00eda del certamen de Alhend\u00edn.<\/h5>\n<\/div>\n<\/div>\n<\/div>\n<\/div>\n<\/div>\n<p>&nbsp;<\/p>\n","protected":false},"excerpt":{"rendered":"<p>La Escuela Municipal de Teatro de Atarfe estrena este s\u00e1bado, 1 de septiembre, una adaptaci\u00f3n&#8230;<\/p>\n","protected":false},"author":1,"featured_media":25360,"comment_status":"closed","ping_status":"closed","sticky":false,"template":"","format":"standard","meta":{"_coblocks_attr":"","_coblocks_dimensions":"","_coblocks_responsive_height":"","_coblocks_accordion_ie_support":"","jetpack_post_was_ever_published":false,"_jetpack_newsletter_access":"","_jetpack_dont_email_post_to_subs":false,"_jetpack_newsletter_tier_id":0,"_jetpack_memberships_contains_paywalled_content":false,"_jetpack_memberships_contains_paid_content":false,"footnotes":"","jetpack_publicize_message":"","jetpack_publicize_feature_enabled":true,"jetpack_social_post_already_shared":false,"jetpack_social_options":{"image_generator_settings":{"template":"highway","default_image_id":0,"enabled":false},"version":2}},"categories":[2,12,2949,186,44,15],"tags":[81,3992,498],"class_list":["post-25359","post","type-post","status-publish","format-standard","has-post-thumbnail","hentry","category-atarfe","category-cultura","category-opinion-de-fuencisla-moreno","category-instituciones","category-noticias-de-hoy","category-ultimas-noticias","tag-atarfe","tag-escuela-municipal","tag-teatro"],"jetpack_publicize_connections":[],"jetpack_featured_media_url":"https:\/\/i0.wp.com\/miradordeatarfe.es\/wp-content\/uploads\/2018\/09\/escuela_municipal_teatro.jpg?fit=700%2C467&ssl=1","jetpack_likes_enabled":true,"jetpack_sharing_enabled":true,"_links":{"self":[{"href":"https:\/\/miradordeatarfe.es\/index.php?rest_route=\/wp\/v2\/posts\/25359","targetHints":{"allow":["GET"]}}],"collection":[{"href":"https:\/\/miradordeatarfe.es\/index.php?rest_route=\/wp\/v2\/posts"}],"about":[{"href":"https:\/\/miradordeatarfe.es\/index.php?rest_route=\/wp\/v2\/types\/post"}],"author":[{"embeddable":true,"href":"https:\/\/miradordeatarfe.es\/index.php?rest_route=\/wp\/v2\/users\/1"}],"replies":[{"embeddable":true,"href":"https:\/\/miradordeatarfe.es\/index.php?rest_route=%2Fwp%2Fv2%2Fcomments&post=25359"}],"version-history":[{"count":3,"href":"https:\/\/miradordeatarfe.es\/index.php?rest_route=\/wp\/v2\/posts\/25359\/revisions"}],"predecessor-version":[{"id":25776,"href":"https:\/\/miradordeatarfe.es\/index.php?rest_route=\/wp\/v2\/posts\/25359\/revisions\/25776"}],"wp:featuredmedia":[{"embeddable":true,"href":"https:\/\/miradordeatarfe.es\/index.php?rest_route=\/wp\/v2\/media\/25360"}],"wp:attachment":[{"href":"https:\/\/miradordeatarfe.es\/index.php?rest_route=%2Fwp%2Fv2%2Fmedia&parent=25359"}],"wp:term":[{"taxonomy":"category","embeddable":true,"href":"https:\/\/miradordeatarfe.es\/index.php?rest_route=%2Fwp%2Fv2%2Fcategories&post=25359"},{"taxonomy":"post_tag","embeddable":true,"href":"https:\/\/miradordeatarfe.es\/index.php?rest_route=%2Fwp%2Fv2%2Ftags&post=25359"}],"curies":[{"name":"wp","href":"https:\/\/api.w.org\/{rel}","templated":true}]}}