{"id":25366,"date":"2018-09-03T11:44:42","date_gmt":"2018-09-03T09:44:42","guid":{"rendered":"http:\/\/miradordeatarfe.es\/?p=25366"},"modified":"2019-12-28T12:36:02","modified_gmt":"2019-12-28T11:36:02","slug":"obituario-a-victor-f-sanchez-martinez-por-jose-enrique-granados","status":"publish","type":"post","link":"https:\/\/miradordeatarfe.es\/?p=25366","title":{"rendered":"\u00abOBITUARIO A VICTOR F. SANCHEZ MARTINEZ \u00abpor Jos\u00e9 Enrique Granados"},"content":{"rendered":"<div dir=\"auto\">\n<div dir=\"auto\" style=\"text-align: justify;\">Por desgracia nos estamos acostumbrando a que esta gacetilla se convierta en un obituario.Ayer mor\u00eda V\u00edctor S\u00e1nchez, alcalde que fue de este pueblo entre 1991 y 2009.<!--more--><\/div>\n<div dir=\"auto\" style=\"text-align: justify;\"><\/div>\n<div dir=\"auto\" style=\"text-align: justify;\">Durante su mandato Atarfe sufri\u00f3 un cambio brutal fruto de sus pol\u00edticas y de la ola transformista que atraves\u00f3 Espa\u00f1a de este a oeste y de norte a sur y que acab\u00f3 como todos sabemos en una tremenda crisis, no solo econ\u00f3mica, tambi\u00e9n de valores y principios.<\/div>\n<div dir=\"auto\" style=\"text-align: justify;\"><\/div>\n<div dir=\"auto\" style=\"text-align: justify;\">Con aciertos y errores, fracasos y \u00e9xitos, el paso de este hombre por el ayuntamiento no dej\u00f3 a nadie indiferente.<\/div>\n<div dir=\"auto\" style=\"text-align: justify;\"><\/div>\n<div dir=\"auto\" style=\"text-align: justify;\">Desde que fue concejal por el PSOE, el m\u00e1s joven de todos, en las primeras elecciones democr\u00e1ticas de 1979 hasta 2009, pasaron 30 a\u00f1os de dedicaci\u00f3n a la pol\u00edtica, primero en la oposici\u00f3n, posteriormente como miembro del equipo de gobierno y finalmente como alcalde. De este tiempo, casi dos d\u00e9cadas estuvo como corregidor, gobernando en minor\u00eda en 1991 tras renunciar a la alcald\u00eda el candidato de Izquierda Unida, aumentando su techo electoral en cada nueva convocatoria electoral hasta alcanzar la mayor\u00eda absoluta. La de\u00a0 2007, fue la \u00faltima legislatura en la que gobern\u00f3, ya que\u00a0 tuvo que dimitir presionado por presuntas corruptelas urban\u00edsticas y medioambientales.<\/div>\n<div dir=\"auto\" style=\"text-align: justify;\"><\/div>\n<div dir=\"auto\" style=\"text-align: justify;\">Mi posici\u00f3n como editor del suplemento de las fiestas que todos los a\u00f1os publicaba IDEAL hizo que le entrevistara en muchas ocasiones. En 1999, tras 20 a\u00f1os de ayuntamientos democr\u00e1ticos le pregunt\u00e9 por los motivos que le llevaron a presentarse como candidato a las \u00faltimas elecciones municipales. De igual forma le interpel\u00e9 por los valores para fomentar la vida pol\u00edtica municipal.<\/div>\n<div dir=\"auto\" style=\"text-align: justify;\"><\/div>\n<div dir=\"auto\" style=\"text-align: justify;\">A la primera de las cuestiones me respondi\u00f3: \u201cEl hombre es un animal pol\u00edtico. Yo como hombre pol\u00edtico, pens\u00e9 que la mejor forma de adquirir ese compromiso era implicarme de lleno en la vida de mi pueblo, desde una opci\u00f3n de izquierdas, colaborando y abanderando proyectos que supongan un avance en el bienestar colectivo. Proyectos que fueran capaces de generar ilusi\u00f3n y desbancar para siempre la terrible apat\u00eda que se apoder\u00f3 de la gran mayor\u00eda de la gente, una vez recuperadas las libertades democr\u00e1ticas. Es cierto que el problema del paro es un elemento distorsionante y coercitivo a la hora de implicar a la gente en la toma de decisiones: &lt;&lt;Primero est\u00e1 mi problema, despu\u00e9s los del colectivo&gt;&gt; y en muchos casos ha servido de freno para que m\u00e1s gente se implique en la construcci\u00f3n de nuestro pueblo, en definitiva, en hacer pol\u00edtica\u201d. Para la segunda la respuesta fue: \u201cEs hora ya que gente nueva vaya implic\u00e1ndose en la toma de decisiones. Pretendo que mis palabras sirvan de est\u00edmulo y que poco a poco, se vayan sumando caras nuevas, ideas nuevas, desde cualquier opci\u00f3n pol\u00edtica, a la aventura de construir nuestro pueblo, el pueblo que queremos. Es necesario e imprescindible que nadie se perpet\u00fae en la vida pol\u00edtica municipal, deben formarse nuevos compromisos, que aseguren el relevo generacional. Sin duda, es muy satisfactorio a nivel personal y tambi\u00e9n colectivo, saber que tu trabajo est\u00e1 contribuyendo a la mejora del bienestar ciudadano, a una mejor calidad de vida, en definitiva a ser m\u00e1s cultos y tolerantes\u201d.<\/div>\n<div dir=\"auto\" style=\"text-align: justify;\"><\/div>\n<div dir=\"auto\" style=\"text-align: justify;\">Este roce hizo que surgiera una estrecha colaboraci\u00f3n, sobre todo durante las primeras legislaturas. Habl\u00e1bamos de Atarfe, de \u201catarfismo\u201d y \u201catarfe\u00f1ismo\u201d. Perge\u00f1\u00e1bamos proyectos, discut\u00edamos sobre medio ambiente, me preguntaba sobre Medina Elvira\u2026\u2026\u2026Consultaba mi opini\u00f3n y algunas veces la tuvo en cuenta.<\/div>\n<div dir=\"auto\"><a href=\"https:\/\/i0.wp.com\/miradordeatarfe.es\/wp-content\/uploads\/2018\/09\/38841232_1886174508135222_6287564416032440320_n.jpg?ssl=1\"><img data-recalc-dims=\"1\" loading=\"lazy\" decoding=\"async\" class=\"alignnone size-full wp-image-25367 aligncenter\" src=\"https:\/\/i0.wp.com\/miradordeatarfe.es\/wp-content\/uploads\/2018\/09\/38841232_1886174508135222_6287564416032440320_n.jpg?resize=638%2C960&#038;ssl=1\" alt=\"\" width=\"638\" height=\"960\" srcset=\"https:\/\/i0.wp.com\/miradordeatarfe.es\/wp-content\/uploads\/2018\/09\/38841232_1886174508135222_6287564416032440320_n.jpg?w=638&amp;ssl=1 638w, https:\/\/i0.wp.com\/miradordeatarfe.es\/wp-content\/uploads\/2018\/09\/38841232_1886174508135222_6287564416032440320_n.jpg?resize=199%2C300&amp;ssl=1 199w, https:\/\/i0.wp.com\/miradordeatarfe.es\/wp-content\/uploads\/2018\/09\/38841232_1886174508135222_6287564416032440320_n.jpg?resize=600%2C903&amp;ssl=1 600w\" sizes=\"auto, (max-width: 638px) 100vw, 638px\" \/><\/a><\/div>\n<div dir=\"auto\" style=\"text-align: justify;\"><\/div>\n<div dir=\"auto\" style=\"text-align: justify;\">En m\u00e1s de una ocasi\u00f3n intent\u00f3 que fuera en las listas electorales, invitaci\u00f3n que continuamente rechac\u00e9. Mi respuesta era siempre la misma: \u201cyo colaboro y colaborar\u00e9 por mi pueblo, en mi \u00e1mbito y desde fuera, est\u00e9s t\u00fa u otro ocupando ese puesto\u201d.<\/div>\n<div dir=\"auto\" style=\"text-align: justify;\">La suya: \u201cestos intelectuales\u2026; luego os quej\u00e1is\u2026\u2026.; siempre en la retaguardia; si no dais un paso adelante me tengo que conformar con lo que tengo\u201d.<\/div>\n<div dir=\"auto\" style=\"text-align: justify;\"><\/div>\n<div dir=\"auto\" style=\"text-align: justify;\">Y desde esa equidistancia nos fuimos distanciando, a la vez que infinidad de palmeros advenedizos y aduladores se sub\u00edan al carro del \u00e9xito, y un\u00edan a la causa, buscando su \u201cpuesto\u201d a la sombra del poder. \u00a1Qu\u00e9 raz\u00f3n ten\u00eda aquel que dec\u00eda que deber\u00edas haber llevado, al igual de los c\u00e9sares, un mindundi que te repitiera al o\u00eddo, te recuerdo que eres mortal, te recuerdo que eres mortal!<\/div>\n<div dir=\"auto\" style=\"text-align: justify;\"><\/div>\n<div dir=\"auto\" style=\"text-align: justify;\">S\u00e9 que tu objetivo era hacer grande tu pueblo, al que tanto estimabas. Por nada del mundo quer\u00edas que Atarfe perdiera su identidad, ambicionabas poner en valor nuestra historia, rescatando Medina Elvira del olvido, tu intenci\u00f3n era combinar el crecimiento con el car\u00e1cter atarfe\u00f1o, apostando por la explotaci\u00f3n sostenible de los recursos. Que iron\u00eda, verdad.<\/div>\n<div dir=\"auto\" style=\"text-align: justify;\"><\/div>\n<div dir=\"auto\" style=\"text-align: justify;\">La historia y nadie m\u00e1s juzgar\u00e1 tu gesti\u00f3n.<\/div>\n<div dir=\"auto\" style=\"text-align: justify;\"><\/div>\n<div dir=\"auto\" style=\"text-align: justify;\">\u201cSit tibi terra levis\u201d.<\/div>\n<div dir=\"auto\" style=\"text-align: justify;\"><\/div>\n<div dir=\"auto\" style=\"text-align: justify;\">Fotograf\u00eda de Paco Aguilera.<\/div>\n<div dir=\"auto\" style=\"text-align: justify;\"><\/div>\n<div dir=\"auto\" style=\"text-align: justify;\">Curiosidades elvirenses.<\/div>\n<\/div>\n<p style=\"text-align: justify;\">\n","protected":false},"excerpt":{"rendered":"<p>Por desgracia nos estamos acostumbrando a que esta gacetilla se convierta en un obituario.Ayer mor\u00eda&#8230;<\/p>\n","protected":false},"author":1,"featured_media":25369,"comment_status":"closed","ping_status":"closed","sticky":false,"template":"","format":"standard","meta":{"_coblocks_attr":"","_coblocks_dimensions":"","_coblocks_responsive_height":"","_coblocks_accordion_ie_support":"","jetpack_post_was_ever_published":false,"_jetpack_newsletter_access":"","_jetpack_dont_email_post_to_subs":false,"_jetpack_newsletter_tier_id":0,"_jetpack_memberships_contains_paywalled_content":false,"_jetpack_memberships_contains_paid_content":false,"footnotes":"","jetpack_publicize_message":"","jetpack_publicize_feature_enabled":true,"jetpack_social_post_already_shared":false,"jetpack_social_options":{"image_generator_settings":{"template":"highway","default_image_id":0,"enabled":false},"version":2}},"categories":[2,186,38,9,44,15],"tags":[820,5230,2405],"class_list":["post-25366","post","type-post","status-publish","format-standard","has-post-thumbnail","hentry","category-atarfe","category-instituciones","category-opinion-de-jose-enrique-granados","category-medio-ambiente","category-noticias-de-hoy","category-ultimas-noticias","tag-muerte","tag-obituario","tag-victor-sanchez"],"jetpack_publicize_connections":[],"jetpack_featured_media_url":"https:\/\/i0.wp.com\/miradordeatarfe.es\/wp-content\/uploads\/2018\/09\/54016386_large-2.png?fit=544%2C116&ssl=1","jetpack_likes_enabled":true,"jetpack_sharing_enabled":true,"_links":{"self":[{"href":"https:\/\/miradordeatarfe.es\/index.php?rest_route=\/wp\/v2\/posts\/25366","targetHints":{"allow":["GET"]}}],"collection":[{"href":"https:\/\/miradordeatarfe.es\/index.php?rest_route=\/wp\/v2\/posts"}],"about":[{"href":"https:\/\/miradordeatarfe.es\/index.php?rest_route=\/wp\/v2\/types\/post"}],"author":[{"embeddable":true,"href":"https:\/\/miradordeatarfe.es\/index.php?rest_route=\/wp\/v2\/users\/1"}],"replies":[{"embeddable":true,"href":"https:\/\/miradordeatarfe.es\/index.php?rest_route=%2Fwp%2Fv2%2Fcomments&post=25366"}],"version-history":[{"count":2,"href":"https:\/\/miradordeatarfe.es\/index.php?rest_route=\/wp\/v2\/posts\/25366\/revisions"}],"predecessor-version":[{"id":36379,"href":"https:\/\/miradordeatarfe.es\/index.php?rest_route=\/wp\/v2\/posts\/25366\/revisions\/36379"}],"wp:featuredmedia":[{"embeddable":true,"href":"https:\/\/miradordeatarfe.es\/index.php?rest_route=\/wp\/v2\/media\/25369"}],"wp:attachment":[{"href":"https:\/\/miradordeatarfe.es\/index.php?rest_route=%2Fwp%2Fv2%2Fmedia&parent=25366"}],"wp:term":[{"taxonomy":"category","embeddable":true,"href":"https:\/\/miradordeatarfe.es\/index.php?rest_route=%2Fwp%2Fv2%2Fcategories&post=25366"},{"taxonomy":"post_tag","embeddable":true,"href":"https:\/\/miradordeatarfe.es\/index.php?rest_route=%2Fwp%2Fv2%2Ftags&post=25366"}],"curies":[{"name":"wp","href":"https:\/\/api.w.org\/{rel}","templated":true}]}}