{"id":2538,"date":"2015-06-25T07:01:16","date_gmt":"2015-06-25T07:01:16","guid":{"rendered":"http:\/\/miradordeatarfe.es\/?p=2538"},"modified":"2015-06-26T07:28:43","modified_gmt":"2015-06-26T07:28:43","slug":"mito-o-realidad-los-seis-consejos-de-salud-de-cada-verano","status":"publish","type":"post","link":"https:\/\/miradordeatarfe.es\/?p=2538","title":{"rendered":"\u00bfMito o realidad? Los seis consejos de salud de cada verano"},"content":{"rendered":"<p>\u00bfNecesitamos beber m\u00e1s agua en verano? \u00bfY dormir menos? \u00bfLas altas temperaturas aceleran el metabolismo? El verano, no solo es la \u00e9poca del a\u00f1o en la que m\u00e1s nos preocupamos del cuidado de nuestro cuerpo, sino tambi\u00e9n es la estaci\u00f3n con m\u00e1s mitos falsos sobre la salud. La web Refinery29 verifica los rumores veraniegos m\u00e1s escuchados cada a\u00f1o.<!--more--><\/p>\n<div class=\"tx mce\">\n<p class=\"mce\">MITOS<\/p>\n<p class=\"mce\"><strong class=\"mce\"> El calor acelera el metabolismo:<\/strong> Seg\u00fan la especialista en p\u00e9rdida de peso, Sue Decotiis, aunque parece que las temperaturas elevadas ayudan a quemar calor\u00edas m\u00e1s r\u00e1pido, este efecto se ve contrarrestado por el instinto de nuestro cuerpo de sudar para mantenernos frescos. Por eso, como el Dr. Lipman se\u00f1ala, \u201cel efecto que la temperatura externa tiene sobre nuestro metabolismo es muy peque\u00f1o en comparaci\u00f3n con los efectos de nuestra dieta, patrones de alimentaci\u00f3n, ejercicio, horario de sue\u00f1o y la ingesta de agua\u201d<b class=\"mce\"> .<\/b><\/p>\n<p class=\"mce\"><strong class=\"mce\"> Beber ocho vasos al d\u00eda en verano: <\/strong>Ya sea verano o en invierno, beber ocho vasos al d\u00eda no es un consejo que deba seguirse. Seg\u00fan la fundadora de Julie Wilcox Method, Julie Wilcox, esta recomendaci\u00f3n no especifica el tama\u00f1o del vaso ni el tama\u00f1o del cuerpo. Cada persona es un mundo, por lo que algunas personas necesitar\u00e1n m\u00e1s de ocho vasos y otras pueden conformarse con menos.<\/p>\n<p class=\"mce\">El Dr. Lipman sugiere \u201cun enfoque m\u00e1s personalizado\u201d. Para saber la cantidad de agua que nuestro cuerpo necesita recomienda calcular \u201cla mitad de tu peso corporal en libras -1kg equivale a 2,2 libras- \u00a0y beber esa cantidad de agua, en onzas \u2013una onza equivale a 30ml-.\u201d<\/p>\n<p class=\"mce\">Por supuesto, cuanto m\u00e1s tiempo se pase al sol, mayor ser\u00e1 tu necesidad de hidrataci\u00f3n. Por eso, en verano, nuestro cuerpo pedir\u00e1 estar m\u00e1s hidratado. Como Lipman se\u00f1ala \u201csi tiene sed, ya est\u00e1 deshidratado\u201d.<\/p>\n<p class=\"mce\"><strong class=\"mce\"> Se necesita una base de bronceado antes de tomar el sol:<\/strong> Este mito que escuchamos cada a\u00f1o se basa en la idea de que es menos probable quemarse si la piel ya est\u00e1 bronceada. Te\u00f3ricamente, tiene sentido: el mecanismo de la piel es oscurecerse como medida defensiva con el fin de minimizar el da\u00f1o causado por los rayos UVA.<\/p>\n<p class=\"mce\">Sin embargo la ciencia no termina de sostener esta teor\u00eda. Seg\u00fan Mayo Clinic, el bronceado no tiene el suficiente nivel de protecci\u00f3n como para prevenir las quemaduras del sol, y mucho menos, de evitar el c\u00e1ncer de piel.<\/p>\n<p class=\"mce\"><strong class=\"mce\"> Tu cuerpo necesita menos horas de sue\u00f1o en verano:<\/strong> Durante las vacaciones de verano madrugamos menos y tenemos m\u00e1s tiempo para echarnos una siesta. Pero las horas que empleamos en dormir solo dependen de cada persona. El ejercicio realizado, la dieta o el estr\u00e9s, son algunos de los factores que determinan la cantidad de horas de sue\u00f1o que necesitamos. Por eso, como el Dr. Lipman explica, \u201caunque algunas personas sienten que duermen menos en verano, no es algo de lo que se pueda beneficiar todo el mundo\u201d.<\/p>\n<p class=\"mce\">REALIDADES<\/p>\n<p class=\"mce\"><b class=\"mce\"> <\/b><strong class=\"mce\"> El picante te ayuda a combatir el calor <\/strong>: Como informa National Geographic, la India, M\u00e9xico, el sur de Italia o el sur de China son lugares de clima c\u00e1lido en los que abunda la comida picante. El uso del chile y de otras especias se ha usado tradicionalmente para combatir mejor las altas temperaturas.<\/p>\n<p class=\"mce\">Los cient\u00edficos tienen diversas teor\u00edas que explican este hecho. Por un lado, se cree que estas especias poseen una funci\u00f3n que combate las bacterias que aparecen en climas c\u00e1lidos. Por otro lado, &#8216;The New York Times&#8217; afirma que los alimentos picantes ayudan al cuerpo a enfriarse por s\u00ed solo. Tal y como explica el Dr. Lipman, \u201cconsumir comida picante suele elevar nuestra temperatura interna, por lo que nos hace sudar. Esto nos ayuda a refrescarnos m\u00e1s r\u00e1pido\u201d.<\/p>\n<p class=\"mce\"><strong class=\"mce\"> La crema solar se debe aplicar mucho antes de la exposici\u00f3n solar:<\/strong> La Dra. DeCotiis afirma que la crema solar se debe aplicar entre 15 y 20 minutos antes de\u00a0 exponerse al sol, pues seg\u00fan la Academia Americana de Dermatolog\u00eda ( American Academy of Dermatology), el protector tarda un cuarto de hora en ser absorbido.<\/p>\n<p class=\"mce\">DeCotiis recomienda una segunda capa cada dos horas as\u00ed como despu\u00e9s de ba\u00f1arse o si se ha sudado excesivamente.<\/p>\n<p><a href=\"http:\/\/www.cuatro.com\/noticias\/sociedad\/Mito-realidad-consejos-salud-verano_0_1833825216.html\">http:\/\/www.cuatro.com\/noticias\/sociedad\/Mito-realidad-consejos-salud-verano_0_1833825216.html<\/a><\/p>\n<\/div>\n<div class=\"md-advertisement md ad_mid01\"><\/div>\n","protected":false},"excerpt":{"rendered":"<p>\u00bfNecesitamos beber m\u00e1s agua en verano? \u00bfY dormir menos? \u00bfLas altas temperaturas aceleran el metabolismo?&#8230;<\/p>\n","protected":false},"author":1,"featured_media":2539,"comment_status":"closed","ping_status":"closed","sticky":false,"template":"","format":"standard","meta":{"_coblocks_attr":"","_coblocks_dimensions":"","_coblocks_responsive_height":"","_coblocks_accordion_ie_support":"","jetpack_post_was_ever_published":false,"_jetpack_newsletter_access":"","_jetpack_dont_email_post_to_subs":false,"_jetpack_newsletter_tier_id":0,"_jetpack_memberships_contains_paywalled_content":false,"_jetpack_memberships_contains_paid_content":false,"footnotes":"","jetpack_publicize_message":"","jetpack_publicize_feature_enabled":true,"jetpack_social_post_already_shared":false,"jetpack_social_options":{"image_generator_settings":{"template":"highway","default_image_id":0,"enabled":false},"version":2}},"categories":[9,15],"tags":[731,620,915,914],"class_list":["post-2538","post","type-post","status-publish","format-standard","has-post-thumbnail","hentry","category-medio-ambiente","category-ultimas-noticias","tag-calor","tag-mitos","tag-realidades","tag-verano"],"jetpack_publicize_connections":[],"jetpack_featured_media_url":"https:\/\/i0.wp.com\/miradordeatarfe.es\/wp-content\/uploads\/2015\/06\/sol_MDSIMA20140726_0050_21.jpg?fit=654%2C371&ssl=1","jetpack_likes_enabled":true,"jetpack_sharing_enabled":true,"_links":{"self":[{"href":"https:\/\/miradordeatarfe.es\/index.php?rest_route=\/wp\/v2\/posts\/2538","targetHints":{"allow":["GET"]}}],"collection":[{"href":"https:\/\/miradordeatarfe.es\/index.php?rest_route=\/wp\/v2\/posts"}],"about":[{"href":"https:\/\/miradordeatarfe.es\/index.php?rest_route=\/wp\/v2\/types\/post"}],"author":[{"embeddable":true,"href":"https:\/\/miradordeatarfe.es\/index.php?rest_route=\/wp\/v2\/users\/1"}],"replies":[{"embeddable":true,"href":"https:\/\/miradordeatarfe.es\/index.php?rest_route=%2Fwp%2Fv2%2Fcomments&post=2538"}],"version-history":[{"count":1,"href":"https:\/\/miradordeatarfe.es\/index.php?rest_route=\/wp\/v2\/posts\/2538\/revisions"}],"predecessor-version":[{"id":2540,"href":"https:\/\/miradordeatarfe.es\/index.php?rest_route=\/wp\/v2\/posts\/2538\/revisions\/2540"}],"wp:featuredmedia":[{"embeddable":true,"href":"https:\/\/miradordeatarfe.es\/index.php?rest_route=\/wp\/v2\/media\/2539"}],"wp:attachment":[{"href":"https:\/\/miradordeatarfe.es\/index.php?rest_route=%2Fwp%2Fv2%2Fmedia&parent=2538"}],"wp:term":[{"taxonomy":"category","embeddable":true,"href":"https:\/\/miradordeatarfe.es\/index.php?rest_route=%2Fwp%2Fv2%2Fcategories&post=2538"},{"taxonomy":"post_tag","embeddable":true,"href":"https:\/\/miradordeatarfe.es\/index.php?rest_route=%2Fwp%2Fv2%2Ftags&post=2538"}],"curies":[{"name":"wp","href":"https:\/\/api.w.org\/{rel}","templated":true}]}}