{"id":254,"date":"2015-03-06T13:08:31","date_gmt":"2015-03-06T13:08:31","guid":{"rendered":"http:\/\/miradordeatarfe.es\/?p=254"},"modified":"2015-03-13T09:30:55","modified_gmt":"2015-03-13T09:30:55","slug":"5-261-euros-de-los-de-hoy-el-sueldo-de-franco-en-1935","status":"publish","type":"post","link":"https:\/\/miradordeatarfe.es\/?p=254","title":{"rendered":"5.261 euros de los de hoy: el sueldo de Franco en 1935"},"content":{"rendered":"<div>\n<div>\n<div id=\"cuerpo_noticia\" class=\"cuerpo_noticia\">\n<p style=\"text-align: justify;\">No corr\u00edan en los a\u00f1os treinta tiempos en que los altos mandos militares se hicieran ricos, pero Francisco Franco, antes de dar el golpe de Estado el 18 de julio de 1936, tampoco es que resultara mal compensado econ\u00f3micamente para su puesto. Otra cosa es que \u00e9l considerara lo contrario\u2026 En una n\u00f3mina de la Pagadur\u00eda Central de Haberes del Ej\u00e9rcito a su nombre consta la cifra de 2.429,98 pesetas (14,60 euros). Se trata de su sueldo en noviembre de 1935, cuando ocupaba el cargo de jefe del Estado Mayor. Lo recoge uno de los m\u00e1s de mil documentos que la Fundaci\u00f3n Jos\u00e9 Mar\u00eda Casta\u00f1\u00e9 acaba de donar a la Residencia de Estudiantes referentes a la \u00e9poca de la Rep\u00fablica, la Guerra Civil y la dictadura franquista.<\/p>\n<p><!--more--><\/p>\n<p style=\"text-align: justify;\">El h\u00e9roe de \u00c1frica con \u00ednfulas y agarraderas, el oficial m\u00e1s joven de Europa en todos los escalafones superados hasta ser nombrado estrafalariamente general\u00edsimo, la figura que las derechas de Jos\u00e9 Mar\u00eda Gil Robles, l\u00edder de la CEDA, consideraban punto de engarce indiscutible entre los poderes pol\u00edticos y unos militares a quienes m\u00e1s val\u00eda tener contentos, fue designado l\u00edder del Ej\u00e9rcito para la II Rep\u00fablica en mayo de 1935.<\/p>\n<p style=\"text-align: justify;\">Tras sus desencuentros con Aza\u00f1a y abrigado por su destreza para hacerse valer como el elemento m\u00e1s pragm\u00e1tico a la hora de mediar entre ambas esferas, Franco se afianzaba con el cargo en una situaci\u00f3n de mando f\u00e9rreo. Depend\u00eda del ministerio de la Guerra, ocupado por Diego Hidalgo. Lo hac\u00eda dentro de un Gobierno empe\u00f1ado en lo que su bi\u00f3grafo Paul Preston describe de esta manera: \u00abLa instauraci\u00f3n legal de un Estado autoritario corporativo\u00bb. Pod\u00eda dominar, sondear, articular mecanismos de sublevaci\u00f3n, por si acaso. Sobre todo pod\u00eda hacerse un traje a medida sin apenas sospechas de Gil Robles, que confesaba su total ignorancia en cuestiones de armas.<\/p>\n<p style=\"text-align: justify;\">Si comparamos aquella cantidad con el coste de la vida actual, la equivalencia se elevar\u00eda a 5.261,80 euros. As\u00ed lo ha calculado para EL PA\u00cdS Ernesto Poveda, del Grupo Icsa, dedicado, entre otras cosas a asuntos de observatorio salarial. El trabajo est\u00e1 hecho con arreglo a la tabla de actualizaci\u00f3n de precios al consumo que establece Jordi Malaquer, catedr\u00e1tico de la Universidad Aut\u00f3noma de Bellaterra (Barcelona). \u00abSe trata de la referencia utilizada por los historiadores econ\u00f3micos avalada por el Banco de Espa\u00f1a\u00bb, explica Poveda.<\/p>\n<div id=\"sumario_1|foto\" class=\"izquierda\" style=\"text-align: justify;\">\n<div class=\"media\">\n<div class=\"foto figure\"><img data-recalc-dims=\"1\" loading=\"lazy\" decoding=\"async\" title=\"\" src=\"https:\/\/i0.wp.com\/ep01.epimg.net\/cultura\/imagenes\/2015\/03\/10\/actualidad\/1426017230_232758_1426017976_sumario_normal.jpg?resize=300%2C534\" alt=\"\" width=\"300\" height=\"534\" \/> <span id=\"capaAmpliarFotoReposo_p4\" class=\"ampliar_foto reposo\"><\/span><\/p>\n<p class=\"figcaption estirar\">La n\u00f3mina de Franco como jefe del Estado Mayor en noviembre de 1935.<\/p>\n<\/div>\n<\/div>\n<\/div>\n<p style=\"text-align: justify;\">Es poco, si lo comparamos con el sueldo del actual mando de la Fuerzas Armas, el almirante general, Fernando Garc\u00eda S\u00e1nchez. Dentro de los datos oficiales, su sueldo, contemplado en los Presupuestos Generales del Estado, asciende a 118.701,86 euros brutos. Pero mucho con arreglo a las pagas que en aquel momento previo al golpe percib\u00edan las tropas.<\/p>\n<p style=\"text-align: justify;\">Con el tiempo, todo fue mejorando. Y la relaci\u00f3n de Franco con el dinero, tomando cuerpo. Las ambiciones del dictador crecieron tambi\u00e9n en ese \u00e1mbito. El mito de la austeridad franquista, para Juli\u00e1n Casanova, que ha coordinado un volumen &#8211;<em>40 a\u00f1os con Franco<\/em>, publicado por Cr\u00edtica-, es falso. \u00abCada vez nos resulta m\u00e1s evidente que actuaba como due\u00f1o de un cortijo. Si lo comparamos con arreglo a un sultanato, puede parecernos moderado. Pero si nos atenemos a las reglas de cualquier r\u00e9gimen occidental, su relaci\u00f3n con el dinero resulta exagerada, contando todos sus privilegios y prebendas\u00bb.<\/p>\n<div id=\"sumario_2|html\" class=\"derecha\" style=\"text-align: justify;\">\n<p class=\"texto_grande\">La cantidad era su salario como jefe del Estado Mayor en la Rep\u00fablica<\/p>\n<\/div>\n<p style=\"text-align: justify;\">Su sueldo como jefe del Estado al final del r\u00e9gimen ascend\u00eda a unas 768.000 pesetas en 1975. De estas, 600.000 se las ingresaba el ministerio de Hacienda como Jefe del Estado y 168.000 restantes las percib\u00eda como capit\u00e1n general y General\u00edsimo de los Ej\u00e9rcitos.<\/p>\n<p style=\"text-align: justify;\">En esta y en otras cuestiones, comenta Preston, cuya biograf\u00eda se reeditar\u00e1 con motivo de los 40 a\u00f1os del fin del franquismo, \u00abevidentemente, se trataba de un hombre comido por la ambici\u00f3n\u00bb. Aunque en asuntos pecuniarios, seg\u00fan su estudioso y profesor de la London School of Economics, \u00abquien m\u00e1s alimentaba esa deriva era su esposa, Carmen Polo\u00bb. El hispanista recuerda haber estudiado papeles en los que la mujer se quejaba abiertamente de haber perdido oportunidades.<\/p>\n<div id=\"sumario_3|html\" class=\"izquierda\" style=\"text-align: justify;\">\n<blockquote><p>Se trataba de un hombre comido por la ambici\u00f3n\u201d<\/p>\n<p class=\"autor_cita\">Paul Preston<\/p>\n<\/blockquote>\n<\/div>\n<p style=\"text-align: justify;\">Sobre todo, antes de escalar a lo m\u00e1s alto. La carrera militar de Franco result\u00f3 un meteoro. Se forj\u00f3 en la Legi\u00f3n, en cada pelda\u00f1o del escalaf\u00f3n sorprend\u00eda como el oficial m\u00e1s joven del continente. Tard\u00f3 s\u00f3lo seis a\u00f1os en ascender de alf\u00e9rez a comandante. No desaprovech\u00f3 ninguna de sus oportunidades. Implacable, fr\u00edo, calculador, sab\u00eda esconder las cartas con una maestr\u00eda en el dominio de la ambig\u00fcedad que le proporcionaba \u00e9xito en cualquiera de sus previsiones.<\/p>\n<p style=\"text-align: justify;\">De no haber sido militar del Ej\u00e9rcito de Tierra, se habr\u00eda convertido en oficial de la Armada, aunque entre sus sue\u00f1os tambi\u00e9n entraba la arquitectura y entre las aficiones que cultiv\u00f3 permanentemente, la pintura. Marruecos fue siempre para \u00e9l tierra talism\u00e1n. Se forj\u00f3 all\u00ed unas tropas que le serv\u00edan con fe ciega y utiliz\u00f3 hasta en la represi\u00f3n de Asturias en 1934. Antes de ser nombrado jefe del Estado Mayor, hab\u00eda sido destinado, como premio precisamente en el aplastamiento de aquella rebeli\u00f3n minera, a \u00c1frica.<\/p>\n<div id=\"sumario_5|html\" class=\"izquierda\" style=\"text-align: justify;\">\n<p class=\"texto_grande\">A su muerte en 1975, cobraba cada mes 768.000 pesetas<\/p>\n<\/div>\n<p style=\"text-align: justify;\">Ocup\u00f3 el puesto que le sirvi\u00f3 en bandeja el populista l\u00edder de los Radicales, Alejandro Lerroux, tan s\u00f3lo tres meses. Tiempo suficiente como para establecer, seg\u00fan Preston, nuevos e importantes contactos que luego le resultar\u00edan imprescindibles al comienzo de la guerra.<\/p>\n<p style=\"text-align: justify;\">Su cometido como jefe del Estado Mayor, en perfecta sinton\u00eda con Gil Robles, consist\u00eda principalmente en corregir las reformas que Aza\u00f1a, una de sus bestias negras, hab\u00eda aplicado al ej\u00e9rcito en su etapa de mando. Trabajaba hasta altas horas de la madrugada, incluidos fines de semana, para disgusto de su familia. Paraliz\u00f3 los ascensos por m\u00e9ritos impuestos en la \u00e9poca precedente. Purg\u00f3 a varios altos mandos por una ideolog\u00eda, a su juicio, \u00abindeseable\u00bb, mientras otros irredentos antirrepublicanos fueron reconocidos. Emilio Mola, uno de los cabecillas del golpe, entr\u00f3 como m\u00e1ximo responsable de las tropas en Marruecos, por ejemplo.<\/p>\n<p style=\"text-align: justify;\">Tampoco dej\u00f3 Franco de establecer contactos exteriores. Firm\u00f3 acuerdos con fabricantes de armas alemanes como parte de un planeado rearme. De hecho, siempre record\u00f3 como fundamental su paso por el cargo en el Estado Mayor y crucial para su victoria posterior en la guerra. Como presupuesto de la Rep\u00fablica, aquellas 2.429,28 pesetas al mes, resultaron una p\u00e9sima inversi\u00f3n.<\/p>\n<div id=\"sumario_4|despiece\" class=\"centro\">\n<div class=\"aside estirar\">\n<h2 style=\"text-align: justify;\">Papeles desconocidos y verdades por desvelar<\/h2>\n<p style=\"text-align: justify;\">La pasi\u00f3n por la historia, la clarividente sensaci\u00f3n de haber sido testigo e hijo de un siglo excepcional, fue lo que en un principio llev\u00f3 a Jos\u00e9 Mar\u00eda Casta\u00f1\u00e9 a empezar a reunir papeles. Su obsesi\u00f3n eran los conflictos b\u00e9licos y sus consecuencias violentas. As\u00ed fue como hace ya 26 a\u00f1os, este empresario financiero decidi\u00f3 invertir una buena parte de su capital en un legado.<\/p>\n<p>De los m\u00e1s de 10.000 documentos que obran en poder de su fundaci\u00f3n \u2014constituida en 2004\u2014, la mayor\u00eda corresponden a la Primera y Segunda Guerra Mundiales, la contienda civil espa\u00f1ola y las consecuencias o pr\u00f3logos de estas tragedias. La revoluci\u00f3n rusa, las secuelas del comunismo, del fascismo, la apisonadora atroz del totalitarismo, el Holocausto, el exilio\u2026, han sido sus principales preocupaciones.<\/p>\n<p>Entre los m\u00e1s de 600 documentos referentes al franquismo que acaba de donar a la Residencia de Estudiantes de Madrid y que depositar\u00e1n en el mes de abril, la mayor\u00eda pertenecen a la propia fundaci\u00f3n y un total de 120 a su legado personal. Por lo que han podido apreciar los historiadores consultados, algunos de estos papeles, podr\u00edan pertenecer al archivo privado de Franco, seg\u00fan sostiene Paul Preston.<\/p>\n<p>Los documentos oficiales del r\u00e9gimen han quedado custodiados, no sin pol\u00e9mica y con quejas de los historiadores por su acceso restringido, en la Fundaci\u00f3n Francisco Franco. Pero exist\u00eda un buen n\u00famero de papeles con los que en su d\u00eda mercadeaba por medio de intermediarios, su yerno, Crist\u00f3bal Mart\u00ednez Bordi\u00fa, marqu\u00e9s de Villaverde. Estos han acabado dispersos en diferentes lugares. El autor brit\u00e1nico y bi\u00f3grafo del dictador cree que algunos de ellos, cuya oferta recibi\u00f3 hace a\u00f1os directa o indirectamente, pueden haber acabado en diversas colecciones diferentes, aunque entre los destinatarios para los que se le pidi\u00f3 una valoraci\u00f3n, en su d\u00eda, estuviera la Universidad de Yale. Pero aquello, finalmente, confirma Preston, no cuaj\u00f3.<\/p>\n<\/div>\n<\/div>\n<\/div>\n<\/div>\n<\/div>\n<p>&nbsp;<\/p>\n","protected":false},"excerpt":{"rendered":"<p>No corr\u00edan en los a\u00f1os treinta tiempos en que los altos mandos militares se hicieran&#8230;<\/p>\n","protected":false},"author":1,"featured_media":0,"comment_status":"closed","ping_status":"closed","sticky":false,"template":"","format":"standard","meta":{"_coblocks_attr":"","_coblocks_dimensions":"","_coblocks_responsive_height":"","_coblocks_accordion_ie_support":"","jetpack_post_was_ever_published":false,"_jetpack_newsletter_access":"","_jetpack_dont_email_post_to_subs":false,"_jetpack_newsletter_tier_id":0,"_jetpack_memberships_contains_paywalled_content":false,"_jetpack_memberships_contains_paid_content":false,"footnotes":"","jetpack_publicize_message":"","jetpack_publicize_feature_enabled":true,"jetpack_social_post_already_shared":false,"jetpack_social_options":{"image_generator_settings":{"template":"highway","default_image_id":0,"enabled":false},"version":2}},"categories":[12],"tags":[90,146,147],"class_list":["post-254","post","type-post","status-publish","format-standard","hentry","category-cultura","tag-cultura","tag-franco","tag-sueldos"],"jetpack_publicize_connections":[],"jetpack_featured_media_url":"","jetpack_likes_enabled":true,"jetpack_sharing_enabled":true,"_links":{"self":[{"href":"https:\/\/miradordeatarfe.es\/index.php?rest_route=\/wp\/v2\/posts\/254","targetHints":{"allow":["GET"]}}],"collection":[{"href":"https:\/\/miradordeatarfe.es\/index.php?rest_route=\/wp\/v2\/posts"}],"about":[{"href":"https:\/\/miradordeatarfe.es\/index.php?rest_route=\/wp\/v2\/types\/post"}],"author":[{"embeddable":true,"href":"https:\/\/miradordeatarfe.es\/index.php?rest_route=\/wp\/v2\/users\/1"}],"replies":[{"embeddable":true,"href":"https:\/\/miradordeatarfe.es\/index.php?rest_route=%2Fwp%2Fv2%2Fcomments&post=254"}],"version-history":[{"count":1,"href":"https:\/\/miradordeatarfe.es\/index.php?rest_route=\/wp\/v2\/posts\/254\/revisions"}],"predecessor-version":[{"id":256,"href":"https:\/\/miradordeatarfe.es\/index.php?rest_route=\/wp\/v2\/posts\/254\/revisions\/256"}],"wp:attachment":[{"href":"https:\/\/miradordeatarfe.es\/index.php?rest_route=%2Fwp%2Fv2%2Fmedia&parent=254"}],"wp:term":[{"taxonomy":"category","embeddable":true,"href":"https:\/\/miradordeatarfe.es\/index.php?rest_route=%2Fwp%2Fv2%2Fcategories&post=254"},{"taxonomy":"post_tag","embeddable":true,"href":"https:\/\/miradordeatarfe.es\/index.php?rest_route=%2Fwp%2Fv2%2Ftags&post=254"}],"curies":[{"name":"wp","href":"https:\/\/api.w.org\/{rel}","templated":true}]}}