{"id":2541,"date":"2015-06-26T06:04:50","date_gmt":"2015-06-26T06:04:50","guid":{"rendered":"http:\/\/miradordeatarfe.es\/?p=2541"},"modified":"2015-06-28T10:15:24","modified_gmt":"2015-06-28T10:15:24","slug":"mil-adolescentes-denuncian-cada-ano-a-sus-novios-por-malos-tratos","status":"publish","type":"post","link":"https:\/\/miradordeatarfe.es\/?p=2541","title":{"rendered":"Mil adolescentes denuncian cada a\u00f1o a sus novios por malos tratos"},"content":{"rendered":"<p>El 1 de julio entra en vigor el nuevo C\u00f3digo Penal que tipifica el acoso como delito. Son tres denuncias cada d\u00eda de chicas de 16 y 17 a\u00f1os pero tambi\u00e9n de ni\u00f1as de 13 o 14 a\u00f1os.<!--more--><\/p>\n<p><a href=\"https:\/\/i0.wp.com\/miradordeatarfe.es\/wp-content\/uploads\/2015\/06\/chart.jpeg?ssl=1\"><img data-recalc-dims=\"1\" loading=\"lazy\" decoding=\"async\" class=\"alignnone  wp-image-2542\" src=\"https:\/\/i0.wp.com\/miradordeatarfe.es\/wp-content\/uploads\/2015\/06\/chart.jpeg?resize=640%2C308&#038;ssl=1\" alt=\"chart\" width=\"640\" height=\"308\" srcset=\"https:\/\/i0.wp.com\/miradordeatarfe.es\/wp-content\/uploads\/2015\/06\/chart.jpeg?w=1540&amp;ssl=1 1540w, https:\/\/i0.wp.com\/miradordeatarfe.es\/wp-content\/uploads\/2015\/06\/chart.jpeg?resize=300%2C144&amp;ssl=1 300w, https:\/\/i0.wp.com\/miradordeatarfe.es\/wp-content\/uploads\/2015\/06\/chart.jpeg?resize=1024%2C492&amp;ssl=1 1024w, https:\/\/i0.wp.com\/miradordeatarfe.es\/wp-content\/uploads\/2015\/06\/chart.jpeg?resize=600%2C288&amp;ssl=1 600w, https:\/\/i0.wp.com\/miradordeatarfe.es\/wp-content\/uploads\/2015\/06\/chart.jpeg?w=1280&amp;ssl=1 1280w\" sizes=\"auto, (max-width: 640px) 100vw, 640px\" \/><\/a><\/p>\n<p>Seg\u00fan ha sabido la Cadena SER, en Espa\u00f1a <strong>cada a\u00f1o m\u00e1s de mil adolescentes<\/strong> y chicas menores de edad presentan ante la polic\u00eda denuncias por haber sido maltratadas por sus novios o exnovios. Son tres denuncias cada d\u00eda de chicas de 16 y 17 a\u00f1os pero tambi\u00e9n de ni\u00f1as de 13 o 14 a\u00f1os. Y estamos hablando de <strong>violencia psicol\u00f3gica, de control y tambi\u00e9n de agresiones y palizas.<\/strong><\/p>\n<p>Las expertas policiales en violencia de g\u00e9nero est\u00e1n sorprendidas porque las menores no saben identificar el maltrato psicol\u00f3gico que se ha extendido como la p\u00f3lvora por las redes sociales. <strong>No saben que son v\u00edctimas y toleran cuando te\u00f3ricamente han sido educadas para no aguantar<\/strong>. A partir del uno de julio podr\u00e1n denunciar como delito el acoso y el control que puedan sufrir con el env\u00edo masivo de WhatsApp o continuas llamadas al m\u00f3vil<\/p>\n<p>Cinco mil quinientas denuncias por violencia de g\u00e9nero presentadas en los \u00faltimos cinco a\u00f1os por chicas menores de edad.\u00a0 Son datos oficiales del ministerio de Interior a los que ha tenido accedo a la Cadena Ser por el ministerio de Interior. Son m\u00e1s de mil denuncias cada a\u00f1o y significa que <strong>a lo largo del d\u00eda de hoy tres adolescentes acudir\u00e1n a una comisaria<\/strong>.<\/p>\n<p>Ir\u00e1n acompa\u00f1adas de amigas en algunos casos o de los padres en otros y a veces su comportamiento es igual que el de las v\u00edctimas adultas. \u00ab<strong>Ven que su hija est\u00e1 sufriendo pero no quiere denunciar<\/strong> y es frustrante para los padres porque el hecho no va a prosperar\u00bb cuenta a la Cadena Ser Elena Palacios, la jefa del Servicio de Atenci\u00f3n a la Familia de la Polic\u00eda Nacional.<\/p>\n<div id=\"sumario_1|video\" class=\"centro\">\n<div class=\"datos_sumario\"><\/div>\n<\/div>\n<p>Y no quieren denunciar <strong>por miedo, por verg\u00fcenza, por dependencia emocional del maltratador o porque no se identifican como v\u00edctimas<\/strong>, no saben que est\u00e1n sufriendo violencia nos dice la inspectora jefa. \u00abNos ha sorprendido que nuestras menores sufran algo que consider\u00e1bamos que estaba superado y que solo afectaba a las mujeres adultas, que nuestras hijas est\u00e9n sufriendo esto cuando no las hemos educado para aguanten\u00bb.<\/p>\n<p><strong>El nuevo C\u00f3digo Penal<\/strong> va a entrar en vigor dentro de unos d\u00edas, el uno de julio. Elena Palacios destaca que <strong>tipificar\u00e1 como delito el acoso<\/strong> y hostigamiento que sufren muchas j\u00f3venes a trav\u00e9s del whatsap o el m\u00f3vil. \u00abEs un machaque que te hace estar en tensi\u00f3n, en vilo porque sabes que es tu pareja o expareja que te est\u00e1 controlando y hay muchacas que reciben muchas de estas llamadas por la noche que les producen problemas de insomnio y de ansiedad\u00bb. El nuevo delito de acoso est\u00e1 castigado con <strong>penas de c\u00e1rcel de hasta dos a\u00f1os<\/strong>.<\/p>\n","protected":false},"excerpt":{"rendered":"<p>El 1 de julio entra en vigor el nuevo C\u00f3digo Penal que tipifica el acoso&#8230;<\/p>\n","protected":false},"author":1,"featured_media":2543,"comment_status":"closed","ping_status":"closed","sticky":false,"template":"","format":"standard","meta":{"_coblocks_attr":"","_coblocks_dimensions":"","_coblocks_responsive_height":"","_coblocks_accordion_ie_support":"","jetpack_post_was_ever_published":false,"_jetpack_newsletter_access":"","_jetpack_dont_email_post_to_subs":false,"_jetpack_newsletter_tier_id":0,"_jetpack_memberships_contains_paywalled_content":false,"_jetpack_memberships_contains_paid_content":false,"footnotes":"","jetpack_publicize_message":"","jetpack_publicize_feature_enabled":true,"jetpack_social_post_already_shared":false,"jetpack_social_options":{"image_generator_settings":{"template":"highway","default_image_id":0,"enabled":false},"version":2}},"categories":[14,9,15],"tags":[57,214],"class_list":["post-2541","post","type-post","status-publish","format-standard","has-post-thumbnail","hentry","category-feminismo","category-medio-ambiente","category-ultimas-noticias","tag-acoso","tag-violencia-de-genero"],"jetpack_publicize_connections":[],"jetpack_featured_media_url":"https:\/\/i0.wp.com\/miradordeatarfe.es\/wp-content\/uploads\/2015\/06\/VIO1.jpg?fit=265%2C190&ssl=1","jetpack_likes_enabled":true,"jetpack_sharing_enabled":true,"_links":{"self":[{"href":"https:\/\/miradordeatarfe.es\/index.php?rest_route=\/wp\/v2\/posts\/2541","targetHints":{"allow":["GET"]}}],"collection":[{"href":"https:\/\/miradordeatarfe.es\/index.php?rest_route=\/wp\/v2\/posts"}],"about":[{"href":"https:\/\/miradordeatarfe.es\/index.php?rest_route=\/wp\/v2\/types\/post"}],"author":[{"embeddable":true,"href":"https:\/\/miradordeatarfe.es\/index.php?rest_route=\/wp\/v2\/users\/1"}],"replies":[{"embeddable":true,"href":"https:\/\/miradordeatarfe.es\/index.php?rest_route=%2Fwp%2Fv2%2Fcomments&post=2541"}],"version-history":[{"count":1,"href":"https:\/\/miradordeatarfe.es\/index.php?rest_route=\/wp\/v2\/posts\/2541\/revisions"}],"predecessor-version":[{"id":2544,"href":"https:\/\/miradordeatarfe.es\/index.php?rest_route=\/wp\/v2\/posts\/2541\/revisions\/2544"}],"wp:featuredmedia":[{"embeddable":true,"href":"https:\/\/miradordeatarfe.es\/index.php?rest_route=\/wp\/v2\/media\/2543"}],"wp:attachment":[{"href":"https:\/\/miradordeatarfe.es\/index.php?rest_route=%2Fwp%2Fv2%2Fmedia&parent=2541"}],"wp:term":[{"taxonomy":"category","embeddable":true,"href":"https:\/\/miradordeatarfe.es\/index.php?rest_route=%2Fwp%2Fv2%2Fcategories&post=2541"},{"taxonomy":"post_tag","embeddable":true,"href":"https:\/\/miradordeatarfe.es\/index.php?rest_route=%2Fwp%2Fv2%2Ftags&post=2541"}],"curies":[{"name":"wp","href":"https:\/\/api.w.org\/{rel}","templated":true}]}}