{"id":25424,"date":"2018-09-09T10:07:42","date_gmt":"2018-09-09T08:07:42","guid":{"rendered":"http:\/\/miradordeatarfe.es\/?p=25424"},"modified":"2018-09-20T10:04:29","modified_gmt":"2018-09-20T08:04:29","slug":"la-ultima-estacion-obra-de-teatro-el-domingo-en-atarfe","status":"publish","type":"post","link":"https:\/\/miradordeatarfe.es\/?p=25424","title":{"rendered":"\u00abLA \u00daLTIMA ESTACI\u00d3N\u00bb Obra de teatro en Atarfe, por Fuencisla Moreno"},"content":{"rendered":"<p>El <strong>Centro Cultural Medina Elvira<\/strong> acoge el domingo, 9 de septiembre, el estreno de la obra de teatro \u00abLa \u00faltima estaci\u00f3n\u00bb de la autora atarfe\u00f1a Fuencisla Moreno Rueda. <!--more--><\/p>\n<p>Son historias que se desarrollan en distintas estaciones de tren, protagonizadas por los actores y actrices de la <strong>Escuela de Teatro Ciudad Atarfe<\/strong>, donde se abordan cuestiones de contenido social para su reflexi\u00f3n: desventuras y fatalidades (inmigraci\u00f3n, herencia, beb\u00e9s robados&#8230;) con abundantes pinceladas de humor.<\/p>\n<p>La obra forma parte de la programaci\u00f3n de la Muestra Local de Teatro &#8216;Luna de Oto\u00f1o&#8217; que se celebra en Atarfe durante el mes de septiembre. La entrada es tan solo de 3 euros<\/p>\n<p><a href=\"https:\/\/i0.wp.com\/miradordeatarfe.es\/wp-content\/uploads\/2018\/09\/40660338_1944205922309935_7595450458097844224_n.jpg?ssl=1\"><img data-recalc-dims=\"1\" loading=\"lazy\" decoding=\"async\" class=\"size-full wp-image-25425 aligncenter\" src=\"https:\/\/i0.wp.com\/miradordeatarfe.es\/wp-content\/uploads\/2018\/09\/40660338_1944205922309935_7595450458097844224_n.jpg?resize=640%2C905&#038;ssl=1\" alt=\"\" width=\"640\" height=\"905\" srcset=\"https:\/\/i0.wp.com\/miradordeatarfe.es\/wp-content\/uploads\/2018\/09\/40660338_1944205922309935_7595450458097844224_n.jpg?w=679&amp;ssl=1 679w, https:\/\/i0.wp.com\/miradordeatarfe.es\/wp-content\/uploads\/2018\/09\/40660338_1944205922309935_7595450458097844224_n.jpg?resize=212%2C300&amp;ssl=1 212w, https:\/\/i0.wp.com\/miradordeatarfe.es\/wp-content\/uploads\/2018\/09\/40660338_1944205922309935_7595450458097844224_n.jpg?resize=600%2C848&amp;ssl=1 600w\" sizes=\"auto, (max-width: 640px) 100vw, 640px\" \/><\/a><\/p>\n","protected":false},"excerpt":{"rendered":"<p>El Centro Cultural Medina Elvira acoge el domingo, 9 de septiembre, el estreno de la&#8230;<\/p>\n","protected":false},"author":1,"featured_media":25426,"comment_status":"closed","ping_status":"closed","sticky":false,"template":"","format":"standard","meta":{"_coblocks_attr":"","_coblocks_dimensions":"","_coblocks_responsive_height":"","_coblocks_accordion_ie_support":"","jetpack_post_was_ever_published":false,"_jetpack_newsletter_access":"","_jetpack_dont_email_post_to_subs":false,"_jetpack_newsletter_tier_id":0,"_jetpack_memberships_contains_paywalled_content":false,"_jetpack_memberships_contains_paid_content":false,"footnotes":"","jetpack_publicize_message":"","jetpack_publicize_feature_enabled":true,"jetpack_social_post_already_shared":false,"jetpack_social_options":{"image_generator_settings":{"template":"highway","default_image_id":0,"enabled":false},"version":2}},"categories":[2,12,1161,2949,44,15],"tags":[81,5243,5226,5242],"class_list":["post-25424","post","type-post","status-publish","format-standard","has-post-thumbnail","hentry","category-atarfe","category-cultura","category-ciudadania","category-opinion-de-fuencisla-moreno","category-noticias-de-hoy","category-ultimas-noticias","tag-atarfe","tag-escuela-de-teatro","tag-fuencisla-moreno","tag-teatro-atarfe"],"jetpack_publicize_connections":[],"jetpack_featured_media_url":"https:\/\/i0.wp.com\/miradordeatarfe.es\/wp-content\/uploads\/2018\/09\/%C3%ADndice-1.jpeg?fit=225%2C225&ssl=1","jetpack_likes_enabled":true,"jetpack_sharing_enabled":true,"_links":{"self":[{"href":"https:\/\/miradordeatarfe.es\/index.php?rest_route=\/wp\/v2\/posts\/25424","targetHints":{"allow":["GET"]}}],"collection":[{"href":"https:\/\/miradordeatarfe.es\/index.php?rest_route=\/wp\/v2\/posts"}],"about":[{"href":"https:\/\/miradordeatarfe.es\/index.php?rest_route=\/wp\/v2\/types\/post"}],"author":[{"embeddable":true,"href":"https:\/\/miradordeatarfe.es\/index.php?rest_route=\/wp\/v2\/users\/1"}],"replies":[{"embeddable":true,"href":"https:\/\/miradordeatarfe.es\/index.php?rest_route=%2Fwp%2Fv2%2Fcomments&post=25424"}],"version-history":[{"count":4,"href":"https:\/\/miradordeatarfe.es\/index.php?rest_route=\/wp\/v2\/posts\/25424\/revisions"}],"predecessor-version":[{"id":25777,"href":"https:\/\/miradordeatarfe.es\/index.php?rest_route=\/wp\/v2\/posts\/25424\/revisions\/25777"}],"wp:featuredmedia":[{"embeddable":true,"href":"https:\/\/miradordeatarfe.es\/index.php?rest_route=\/wp\/v2\/media\/25426"}],"wp:attachment":[{"href":"https:\/\/miradordeatarfe.es\/index.php?rest_route=%2Fwp%2Fv2%2Fmedia&parent=25424"}],"wp:term":[{"taxonomy":"category","embeddable":true,"href":"https:\/\/miradordeatarfe.es\/index.php?rest_route=%2Fwp%2Fv2%2Fcategories&post=25424"},{"taxonomy":"post_tag","embeddable":true,"href":"https:\/\/miradordeatarfe.es\/index.php?rest_route=%2Fwp%2Fv2%2Ftags&post=25424"}],"curies":[{"name":"wp","href":"https:\/\/api.w.org\/{rel}","templated":true}]}}