{"id":2545,"date":"2015-06-23T07:10:01","date_gmt":"2015-06-23T07:10:01","guid":{"rendered":"http:\/\/miradordeatarfe.es\/?p=2545"},"modified":"2015-06-24T07:52:33","modified_gmt":"2015-06-24T07:52:33","slug":"nos-sumamos-a-la-campana-contra-el-alquiler-de-vientres","status":"publish","type":"post","link":"https:\/\/miradordeatarfe.es\/?p=2545","title":{"rendered":"Nos sumamos a la campa\u00f1a contra el alquiler de vientres"},"content":{"rendered":"<div class=\"nH w-asV aiw\">\u00a0En nuestro pa\u00eds personalidades de la filosof\u00eda moral como <b> Amelia Valc\u00e1rcel y Victoria Camps<\/b> consideran esta pr\u00e1ctica \u00e9ticamente injustificable y encabezan una iniciativa que junto a personalidades como las constitucionalistas\u00a0 Maria Luisa Balaguer, Mar Esquembre, o Julia Sevilla, las filosofas Alicia Miyares, Teresa L\u00f3pez de la Vieja, Ana de Miguel, Alicia Puleo o Luisa Posada, fil\u00f3sofas del derecho como Juana Gil, Ana Rubio, soci\u00f3logas como Soledad Murillo,\u00a0 Laura Nu\u00f1o o Rosa Cobo y personas del mundo de la cultura y el arte como Laura Freixias, Gemma Lienas, Almudena Hernando o Pilar Aguilar, quieren <b>articular un frente en defensa de\u00a0la dignidad\u00a0y contra la\u00a0cosificaci\u00f3n del cuerpo de las mujeres<\/b>, a trav\u00e9s de la campa\u00f1a <i>\u201cNoSomosVasijas\u201d.<\/i><!--more-->A la campa\u00f1a se han unido\u00a0 entre otras organizaciones\u00a0 la Red Feminista de Derecho Constitucional, Escola D\u00b4Pensament Feminista 25 D\u00b4Abril, Plataforma de Mujeres por la Abolici\u00f3n de la Prostituci\u00f3n, ADIPM, Uni\u00f3n de Asociaci\u00f3n Familiares, Mujeres Juristas Themis, Forum Estatal de Pol\u00edtica Feminista , Asistencia a Mujeres Violadas, Fundaci\u00f3n Mujeres, Dones en Xarxa, Federacion de Mujeres Progresistas, Mujeres para la Salud, Asociaci\u00f3n Malvaluna de Extremadura, Federacion de Mujeres Separadas y Divorciadas, La Federacion Feminista \u00abGloria Arenas\u00bb \u00a0la Plataforma Andaluza de Apoyo al Lobby Europeo de Mujeres, junto a otras como la Plataformas como \u201cNosotras Decidimos\u201d.La campa\u00f1a pretende unir sus fuerzas a las de diferentes Lobbys Europeos de Mujeres y el Movimiento Franc\u00e9s contra los vientres de alquiler.<\/p>\n<p>Las promotoras recuerdan que los vientres de alquiler est\u00e1n prohibidos en\u00a0 la mayor\u00eda de los pa\u00edses del mundo.<\/p>\n<p>Las feministas espa\u00f1olas\u00a0 a trav\u00e9s de\u00a0 la web <a href=\"http:\/\/www.nosomosvasijas.eu%20%20\" target=\"_blank\"> www.nosomosvasijas.eu <\/a>\u00a0y el perfil de twitter <a href=\"https:\/\/twitter.com\/NoSomosVasijas\" target=\"_blank\"> @nosomosvasijas <\/a>pretenden \u201cfomentaran el debate y aportar informaci\u00f3n que, hasta el momento, ha sido poco accesible sobre la realidad que esconde el negocio del alquiler de vientres\u201d.<\/p>\n<p>La filosofa Alicia Miyares, una de las portavoces de la campa\u00f1a,\u00a0 ha indicado que la Plataforma pretende \u201cfrenar cualquier tipo de iniciativa para regularizar los vientres de alquiler y ha recordado que <i>No somos vasijas <\/i>se une a la lucha mundial para <b>impulsar un<\/b> <b>proyecto de <\/b><b>Convenci\u00f3n Internacional <\/b>para prohibir el alquiler de vientres, eufem\u00edsticamente denominado como \u201cmaternidad subrogada\u201d y erradicar esta pr\u00e1ctica\u201d.<b> <\/b><\/p>\n<p>La portavoz ha indicado que la campa\u00f1a\u00a0 <i>\u201cNo somos vasijas\u201d<\/i>\u00a0 hace suyo el lema internacional \u201cStop subrogaci\u00f3n Now\u201d (Paremos la subrogaci\u00f3n ahora) para que los partidos pol\u00edticos y gobiernos\u00a0 -nacional y auton\u00f3micos-\u00a0 tengan en cuenta \u201cque el deseo de paternidad\/maternidad no puede sustituir o violar los derechos humanos de las mujeres o la infancia\u201d.<\/p>\n<p><b>\u00a0<\/b><\/p>\n<p><b>Los medios de comunicaci\u00f3n deben informar del tema \u201cen toda su amplitud\u201d<\/b><\/p>\n<p>Alicia Miyares\u00a0 ha indicado que \u201cno es casual que aprovechando el interregno pol\u00edtico se quiera persuadir a los partidos pol\u00edticos y la opini\u00f3n p\u00fablica hacia una visi\u00f3n dulcificada del alquiler de \u00fateros\u201d.<\/p>\n<p>La filosofa ha indicado que \u201cen los \u00faltimos meses\u00a0 se suceden en prensa y otros medios de comunicaci\u00f3n,\u00a0 pronunciamientos favorables a la pr\u00e1ctica de alquilar vientres de mujeres \u201csin informar sobre las consecuencias\u00a0 f\u00edsicas, \u00e9ticas y pol\u00edticas que tiene estas pr\u00e1cticas\u201d\u00a0 y alerta\u00a0 para que los profesionales de los medios\u00a0 \u201cno se dejen enga\u00f1ar por campa\u00f1as a todas luces parciales\u201d. Como\u00a0 portavoz de la Plataforma, ha hecho un llamamiento a los medios de comunicaci\u00f3n \u201cpara que informen del asunto en toda su amplitud y no den una visi\u00f3n sesgada\u00a0 que predisponga\u00a0 a favor de la regulaci\u00f3n de la pr\u00e1ctica de los vientres de alquiler\u201d<\/p>\n<p><b>El manifiesto<\/b><\/p>\n<p><a href=\"http:\/\/nosomosvasijas\/#manifiesto\" target=\"_blank\">http:\/\/nosomosvasijas\/#<wbr \/>manifiesto<\/a><\/p>\n<p><b>El web un punto focal de informaci\u00f3n, hasta ahora, poco accesible. <\/b><\/p>\n<p>A trav\u00e9s del site <a href=\"http:\/\/www.nosomosvasijas.eu\/\" target=\"_blank\"> www.nosomosvasijas.eu<\/a>\u00a0 se recogen firmas de adhesi\u00f3n\u00a0 al\u00a0 manifiesto\u00a0 que llama a reflexionar para tener presente \u201cque\u00a0el deseo de paternidad nunca puede sustituir o violar los derechos humanos de las mujeres y la infancia\u201d.<\/p>\n<p>Para facilitar la labor de los medios, la campa\u00f1a cuenta con una web que recoger\u00e1 los manifiestos y declaraciones que se publiquen a nivel nacional e internacional\u00a0 e informara sobre los avances\u00a0 y acciones emprendidas.<\/p>\n<p>La web ya recoge los debates franceses sobre esta cuesti\u00f3n y recopila audiovisuales que permiten ver la realidad de las \u201cgranjas de mujeres\u201d en la India.<\/p>\n<p>Alicia Miyares ha manifestado que buscaran\u00a0 alianzas internacionales\u00a0 y har\u00e1n\u00a0 \u201cun llamamiento al mundo de la cooperaci\u00f3n internacional, el ecologismo, la izquierda, el feminismo y los anti-liberales para que se unan contra la mercantilizaci\u00f3n del cuerpo de las mujeres\u201d.<\/p>\n<\/div>\n<div class=\"akc aZ6\"><\/div>\n<div class=\"nH\"><\/div>\n<table class=\"cf gJ\" cellpadding=\"0\">\n<tbody>\n<tr class=\"acZ xD\">\n<td class=\"Bu\"><\/td>\n<td class=\"Bu yM\"><\/td>\n<td class=\"Bu y3\"><\/td>\n<\/tr>\n<tr>\n<td class=\"a0F\"><\/td>\n<\/tr>\n<\/tbody>\n<\/table>\n","protected":false},"excerpt":{"rendered":"<p>\u00a0En nuestro pa\u00eds personalidades de la filosof\u00eda moral como Amelia Valc\u00e1rcel y Victoria Camps consideran&#8230;<\/p>\n","protected":false},"author":1,"featured_media":2547,"comment_status":"closed","ping_status":"closed","sticky":false,"template":"","format":"standard","meta":{"_coblocks_attr":"","_coblocks_dimensions":"","_coblocks_responsive_height":"","_coblocks_accordion_ie_support":"","jetpack_post_was_ever_published":false,"_jetpack_newsletter_access":"","_jetpack_dont_email_post_to_subs":false,"_jetpack_newsletter_tier_id":0,"_jetpack_memberships_contains_paywalled_content":false,"_jetpack_memberships_contains_paid_content":false,"footnotes":"","jetpack_publicize_message":"","jetpack_publicize_feature_enabled":true,"jetpack_social_post_already_shared":false,"jetpack_social_options":{"image_generator_settings":{"template":"highway","default_image_id":0,"enabled":false},"version":2}},"categories":[14,186,9,15],"tags":[917,19,916],"class_list":["post-2545","post","type-post","status-publish","format-standard","has-post-thumbnail","hentry","category-feminismo","category-instituciones","category-medio-ambiente","category-ultimas-noticias","tag-dignidad","tag-mujeres","tag-vientres-de-alquiler"],"jetpack_publicize_connections":[],"jetpack_featured_media_url":"https:\/\/i0.wp.com\/miradordeatarfe.es\/wp-content\/uploads\/2015\/06\/ALQUILER.jpg?fit=290%2C174&ssl=1","jetpack_likes_enabled":true,"jetpack_sharing_enabled":true,"_links":{"self":[{"href":"https:\/\/miradordeatarfe.es\/index.php?rest_route=\/wp\/v2\/posts\/2545","targetHints":{"allow":["GET"]}}],"collection":[{"href":"https:\/\/miradordeatarfe.es\/index.php?rest_route=\/wp\/v2\/posts"}],"about":[{"href":"https:\/\/miradordeatarfe.es\/index.php?rest_route=\/wp\/v2\/types\/post"}],"author":[{"embeddable":true,"href":"https:\/\/miradordeatarfe.es\/index.php?rest_route=\/wp\/v2\/users\/1"}],"replies":[{"embeddable":true,"href":"https:\/\/miradordeatarfe.es\/index.php?rest_route=%2Fwp%2Fv2%2Fcomments&post=2545"}],"version-history":[{"count":2,"href":"https:\/\/miradordeatarfe.es\/index.php?rest_route=\/wp\/v2\/posts\/2545\/revisions"}],"predecessor-version":[{"id":2548,"href":"https:\/\/miradordeatarfe.es\/index.php?rest_route=\/wp\/v2\/posts\/2545\/revisions\/2548"}],"wp:featuredmedia":[{"embeddable":true,"href":"https:\/\/miradordeatarfe.es\/index.php?rest_route=\/wp\/v2\/media\/2547"}],"wp:attachment":[{"href":"https:\/\/miradordeatarfe.es\/index.php?rest_route=%2Fwp%2Fv2%2Fmedia&parent=2545"}],"wp:term":[{"taxonomy":"category","embeddable":true,"href":"https:\/\/miradordeatarfe.es\/index.php?rest_route=%2Fwp%2Fv2%2Fcategories&post=2545"},{"taxonomy":"post_tag","embeddable":true,"href":"https:\/\/miradordeatarfe.es\/index.php?rest_route=%2Fwp%2Fv2%2Ftags&post=2545"}],"curies":[{"name":"wp","href":"https:\/\/api.w.org\/{rel}","templated":true}]}}