{"id":25532,"date":"2018-09-11T11:39:48","date_gmt":"2018-09-11T09:39:48","guid":{"rendered":"http:\/\/miradordeatarfe.es\/?p=25532"},"modified":"2018-09-11T10:15:40","modified_gmt":"2018-09-11T08:15:40","slug":"25532","status":"publish","type":"post","link":"https:\/\/miradordeatarfe.es\/?p=25532","title":{"rendered":"ATARFE: SE CREA LA AGRUPACI\u00d3N DE JUVENTUDES SOCIALISTAS"},"content":{"rendered":"<p>El pasado\u00a0 d\u00eda 23 de julio, fue un d\u00eda hist\u00f3rico para la agrupaci\u00f3n SOCIALISTA de Atarfe. Un grupo de 11 j\u00f3venes atarfe\u00f1as y atarfe\u00f1os rebeldes e inconformistas decidimos que nuestro m<span class=\"text_exposed_show\">unicipio contara con una nueva fuerza socialista, sus JSA Atarfe. <\/span><!--more--><\/p>\n<div class=\"text_exposed_show\">\n<p>Os presentamos a la nueva Ejecutiva de Juventudes Socialistas de <a class=\"_58cn\" href=\"https:\/\/www.facebook.com\/hashtag\/atarfe?source=feed_text&amp;__xts__%5B0%5D=68.ARD7JoP_bHH1Ojr6ZqTVe8QxzXMPZ3JBqMfWGK_z3PtoplsrQkWOzfxNZtEcVO3S3C8iYmOQ3-uNCB-GxJ0Vz7vR31ROjqaiPrwRoNYQPxKZJoMTVLGGnE3k8a-FARgsINRQxIxuswVfPFY1Zk1srxkQ4Rs_V0d5TiTuR3h3lUvwGJJ0blr4KQ&amp;__tn__=%2ANKH-R\" data-ft=\"{&quot;type&quot;:104,&quot;tn&quot;:&quot;*N&quot;}\"><span class=\"_5afx\"><span class=\"_58cl _5afz\" aria-label=\"hashtag\">#<\/span><span class=\"_58cm\">Atarfe<\/span><\/span><\/a>! La conformar\u00e1n 11 compa\u00f1eras y compa\u00f1eros que trabajaran para mejorar la vida de los j\u00f3venes Atarfe\u00f1os! <a class=\"_58cn\" href=\"https:\/\/www.facebook.com\/hashtag\/apoyayparticipa?source=feed_text&amp;__xts__%5B0%5D=68.ARD7JoP_bHH1Ojr6ZqTVe8QxzXMPZ3JBqMfWGK_z3PtoplsrQkWOzfxNZtEcVO3S3C8iYmOQ3-uNCB-GxJ0Vz7vR31ROjqaiPrwRoNYQPxKZJoMTVLGGnE3k8a-FARgsINRQxIxuswVfPFY1Zk1srxkQ4Rs_V0d5TiTuR3h3lUvwGJJ0blr4KQ&amp;__tn__=%2ANKH-R\" data-ft=\"{&quot;type&quot;:104,&quot;tn&quot;:&quot;*N&quot;}\"><span class=\"_5afx\"><span class=\"_58cl _5afz\" aria-label=\"hashtag\">#<\/span><span class=\"_58cm\">ApoyayParticipa<\/span><\/span><\/a> <a class=\"_58cn\" href=\"https:\/\/www.facebook.com\/hashtag\/psoeatarfe?source=feed_text&amp;__xts__%5B0%5D=68.ARD7JoP_bHH1Ojr6ZqTVe8QxzXMPZ3JBqMfWGK_z3PtoplsrQkWOzfxNZtEcVO3S3C8iYmOQ3-uNCB-GxJ0Vz7vR31ROjqaiPrwRoNYQPxKZJoMTVLGGnE3k8a-FARgsINRQxIxuswVfPFY1Zk1srxkQ4Rs_V0d5TiTuR3h3lUvwGJJ0blr4KQ&amp;__tn__=%2ANKH-R\" data-ft=\"{&quot;type&quot;:104,&quot;tn&quot;:&quot;*N&quot;}\"><span class=\"_5afx\"><span class=\"_58cl _5afz\" aria-label=\"hashtag\">#<\/span><span class=\"_58cm\">PSOEAtarfe<\/span><\/span><\/a> <a class=\"_58cn\" href=\"https:\/\/www.facebook.com\/hashtag\/jsaatarfe?source=feed_text&amp;__xts__%5B0%5D=68.ARD7JoP_bHH1Ojr6ZqTVe8QxzXMPZ3JBqMfWGK_z3PtoplsrQkWOzfxNZtEcVO3S3C8iYmOQ3-uNCB-GxJ0Vz7vR31ROjqaiPrwRoNYQPxKZJoMTVLGGnE3k8a-FARgsINRQxIxuswVfPFY1Zk1srxkQ4Rs_V0d5TiTuR3h3lUvwGJJ0blr4KQ&amp;__tn__=%2ANKH-R\" data-ft=\"{&quot;type&quot;:104,&quot;tn&quot;:&quot;*N&quot;}\"><span class=\"_5afx\"><span class=\"_58cl _5afz\" aria-label=\"hashtag\">#<\/span><span class=\"_58cm\">JSAatarfe<\/span><\/span><\/a><\/p>\n<p><a href=\"https:\/\/i0.wp.com\/miradordeatarfe.es\/wp-content\/uploads\/2018\/09\/37844409_279371789478134_7640728011922210816_n.jpg?ssl=1\"><img data-recalc-dims=\"1\" loading=\"lazy\" decoding=\"async\" class=\"alignnone size-full wp-image-25537\" src=\"https:\/\/i0.wp.com\/miradordeatarfe.es\/wp-content\/uploads\/2018\/09\/37844409_279371789478134_7640728011922210816_n.jpg?resize=595%2C290&#038;ssl=1\" alt=\"\" width=\"595\" height=\"290\" srcset=\"https:\/\/i0.wp.com\/miradordeatarfe.es\/wp-content\/uploads\/2018\/09\/37844409_279371789478134_7640728011922210816_n.jpg?w=595&amp;ssl=1 595w, https:\/\/i0.wp.com\/miradordeatarfe.es\/wp-content\/uploads\/2018\/09\/37844409_279371789478134_7640728011922210816_n.jpg?resize=300%2C146&amp;ssl=1 300w\" sizes=\"auto, (max-width: 595px) 100vw, 595px\" \/><\/a><\/p>\n<p>Juventudes Socialistas de ATARFE se constituye como la organizaci\u00f3n juvenil pol\u00edtica de la juventud socialista ATARFE\u00d1A. Nuestros s\u00edmbolos son la estrella y el pu\u00f1o, y el abanderado como s\u00edmbolo hist\u00f3rico.<\/p>\n<p>Se relaciona con el PSOE a trav\u00e9s de una<strong> colaboraci\u00f3n que compagina su independencia org\u00e1nica y pol\u00edtica<\/strong> con la necesaria coordinaci\u00f3n con las opciones estrat\u00e9gicas del PSOE, definida por sus congresos y comit\u00e9s federales, salvaguardando siempre los planteamientos emanados de nuestros propios congresos y comit\u00e9s federales<\/p>\n<p><a href=\"https:\/\/i0.wp.com\/miradordeatarfe.es\/wp-content\/uploads\/2018\/09\/37696666_279008236181156_6589440045017464832_n.jpg?ssl=1\"><img data-recalc-dims=\"1\" loading=\"lazy\" decoding=\"async\" class=\"size-full wp-image-25533 aligncenter\" src=\"https:\/\/i0.wp.com\/miradordeatarfe.es\/wp-content\/uploads\/2018\/09\/37696666_279008236181156_6589440045017464832_n.jpg?resize=640%2C480&#038;ssl=1\" alt=\"\" width=\"640\" height=\"480\" srcset=\"https:\/\/i0.wp.com\/miradordeatarfe.es\/wp-content\/uploads\/2018\/09\/37696666_279008236181156_6589440045017464832_n.jpg?w=960&amp;ssl=1 960w, https:\/\/i0.wp.com\/miradordeatarfe.es\/wp-content\/uploads\/2018\/09\/37696666_279008236181156_6589440045017464832_n.jpg?resize=300%2C225&amp;ssl=1 300w, https:\/\/i0.wp.com\/miradordeatarfe.es\/wp-content\/uploads\/2018\/09\/37696666_279008236181156_6589440045017464832_n.jpg?resize=768%2C576&amp;ssl=1 768w, https:\/\/i0.wp.com\/miradordeatarfe.es\/wp-content\/uploads\/2018\/09\/37696666_279008236181156_6589440045017464832_n.jpg?resize=600%2C450&amp;ssl=1 600w\" sizes=\"auto, (max-width: 640px) 100vw, 640px\" \/><\/a><\/p>\n<p>Las Juventudes tienen un modelo de trabajo, que sigue vigente, en el que los j\u00f3venes socialistas han consolidado su papel como intermediarios entre el PSOE y los j\u00f3venes, y viceversa que est\u00e1 marcado por la presencia de los j\u00f3venes socialistas en la calle, en las universidades y centros de educaci\u00f3n secundaria; por una activa participaci\u00f3n dentro del movimiento asociativo juvenil, la colaboraci\u00f3n con los movimientos sociales, y una intensa actividad pol\u00edtica, que ha permitido trasladar las inquietudes de los j\u00f3venes y sus problemas a los principales \u00e1mbitos de decisi\u00f3n del Partido, y transformarlas en compromisos, y finalmente en pol\u00edticas concretas.<\/p>\n<p><a href=\"https:\/\/i0.wp.com\/miradordeatarfe.es\/wp-content\/uploads\/2018\/09\/37705023_279008432847803_777526167342153728_n.jpg?ssl=1\"><img data-recalc-dims=\"1\" loading=\"lazy\" decoding=\"async\" class=\"alignnone size-full wp-image-25534\" src=\"https:\/\/i0.wp.com\/miradordeatarfe.es\/wp-content\/uploads\/2018\/09\/37705023_279008432847803_777526167342153728_n.jpg?resize=640%2C359&#038;ssl=1\" alt=\"\" width=\"640\" height=\"359\" srcset=\"https:\/\/i0.wp.com\/miradordeatarfe.es\/wp-content\/uploads\/2018\/09\/37705023_279008432847803_777526167342153728_n.jpg?w=960&amp;ssl=1 960w, https:\/\/i0.wp.com\/miradordeatarfe.es\/wp-content\/uploads\/2018\/09\/37705023_279008432847803_777526167342153728_n.jpg?resize=300%2C168&amp;ssl=1 300w, https:\/\/i0.wp.com\/miradordeatarfe.es\/wp-content\/uploads\/2018\/09\/37705023_279008432847803_777526167342153728_n.jpg?resize=768%2C431&amp;ssl=1 768w, https:\/\/i0.wp.com\/miradordeatarfe.es\/wp-content\/uploads\/2018\/09\/37705023_279008432847803_777526167342153728_n.jpg?resize=600%2C337&amp;ssl=1 600w\" sizes=\"auto, (max-width: 640px) 100vw, 640px\" \/><\/a><\/p>\n<p>&nbsp;<\/p>\n<p><a href=\"https:\/\/i0.wp.com\/miradordeatarfe.es\/wp-content\/uploads\/2018\/09\/37782327_279008482847798_5441513110634496_n.jpg?ssl=1\"><img data-recalc-dims=\"1\" loading=\"lazy\" decoding=\"async\" class=\"alignnone size-full wp-image-25536\" src=\"https:\/\/i0.wp.com\/miradordeatarfe.es\/wp-content\/uploads\/2018\/09\/37782327_279008482847798_5441513110634496_n.jpg?resize=640%2C349&#038;ssl=1\" alt=\"\" width=\"640\" height=\"349\" srcset=\"https:\/\/i0.wp.com\/miradordeatarfe.es\/wp-content\/uploads\/2018\/09\/37782327_279008482847798_5441513110634496_n.jpg?w=960&amp;ssl=1 960w, https:\/\/i0.wp.com\/miradordeatarfe.es\/wp-content\/uploads\/2018\/09\/37782327_279008482847798_5441513110634496_n.jpg?resize=300%2C164&amp;ssl=1 300w, https:\/\/i0.wp.com\/miradordeatarfe.es\/wp-content\/uploads\/2018\/09\/37782327_279008482847798_5441513110634496_n.jpg?resize=768%2C419&amp;ssl=1 768w, https:\/\/i0.wp.com\/miradordeatarfe.es\/wp-content\/uploads\/2018\/09\/37782327_279008482847798_5441513110634496_n.jpg?resize=600%2C328&amp;ssl=1 600w\" sizes=\"auto, (max-width: 640px) 100vw, 640px\" \/><\/a><\/p>\n<p>En sus intervenciones dieron las\u00a0 gracias a todas y a todos por el apoyo que han recibdo. \u00ab<strong>Intentaremos trabajar de la mejor manera por y para la juventud de Atarfe.\u00bb<\/strong><\/p>\n<p>Siguelos si estas interesado en :<\/p>\n<h2>Facebook:<\/h2>\n<p><a href=\"https:\/\/www.facebook.com\/pages\/category\/Political-Organization\/Juventudes-Socialistas-Atarfe-276385453110101\/\">https:\/\/www.facebook.com\/pages\/category\/Political-Organization\/Juventudes-Socialistas-Atarfe-276385453110101\/<\/a><\/p>\n<p>https:\/\/twitter.com\/JSAatarfe<\/p>\n<\/div>\n","protected":false},"excerpt":{"rendered":"<p>El pasado\u00a0 d\u00eda 23 de julio, fue un d\u00eda hist\u00f3rico para la agrupaci\u00f3n SOCIALISTA de&#8230;<\/p>\n","protected":false},"author":1,"featured_media":25535,"comment_status":"closed","ping_status":"closed","sticky":false,"template":"","format":"standard","meta":{"_coblocks_attr":"","_coblocks_dimensions":"","_coblocks_responsive_height":"","_coblocks_accordion_ie_support":"","jetpack_post_was_ever_published":false,"_jetpack_newsletter_access":"","_jetpack_dont_email_post_to_subs":false,"_jetpack_newsletter_tier_id":0,"_jetpack_memberships_contains_paywalled_content":false,"_jetpack_memberships_contains_paid_content":false,"footnotes":"","jetpack_publicize_message":"","jetpack_publicize_feature_enabled":true,"jetpack_social_post_already_shared":false,"jetpack_social_options":{"image_generator_settings":{"template":"highway","default_image_id":0,"enabled":false},"version":2}},"categories":[2,1161,9,44,15],"tags":[81,5263],"class_list":["post-25532","post","type-post","status-publish","format-standard","has-post-thumbnail","hentry","category-atarfe","category-ciudadania","category-medio-ambiente","category-noticias-de-hoy","category-ultimas-noticias","tag-atarfe","tag-juventudes-socialistas"],"jetpack_publicize_connections":[],"jetpack_featured_media_url":"https:\/\/i0.wp.com\/miradordeatarfe.es\/wp-content\/uploads\/2018\/09\/37719268_279008282847818_2135046333243850752_n.jpg?fit=960%2C720&ssl=1","jetpack_likes_enabled":true,"jetpack_sharing_enabled":true,"_links":{"self":[{"href":"https:\/\/miradordeatarfe.es\/index.php?rest_route=\/wp\/v2\/posts\/25532","targetHints":{"allow":["GET"]}}],"collection":[{"href":"https:\/\/miradordeatarfe.es\/index.php?rest_route=\/wp\/v2\/posts"}],"about":[{"href":"https:\/\/miradordeatarfe.es\/index.php?rest_route=\/wp\/v2\/types\/post"}],"author":[{"embeddable":true,"href":"https:\/\/miradordeatarfe.es\/index.php?rest_route=\/wp\/v2\/users\/1"}],"replies":[{"embeddable":true,"href":"https:\/\/miradordeatarfe.es\/index.php?rest_route=%2Fwp%2Fv2%2Fcomments&post=25532"}],"version-history":[{"count":2,"href":"https:\/\/miradordeatarfe.es\/index.php?rest_route=\/wp\/v2\/posts\/25532\/revisions"}],"predecessor-version":[{"id":25540,"href":"https:\/\/miradordeatarfe.es\/index.php?rest_route=\/wp\/v2\/posts\/25532\/revisions\/25540"}],"wp:featuredmedia":[{"embeddable":true,"href":"https:\/\/miradordeatarfe.es\/index.php?rest_route=\/wp\/v2\/media\/25535"}],"wp:attachment":[{"href":"https:\/\/miradordeatarfe.es\/index.php?rest_route=%2Fwp%2Fv2%2Fmedia&parent=25532"}],"wp:term":[{"taxonomy":"category","embeddable":true,"href":"https:\/\/miradordeatarfe.es\/index.php?rest_route=%2Fwp%2Fv2%2Fcategories&post=25532"},{"taxonomy":"post_tag","embeddable":true,"href":"https:\/\/miradordeatarfe.es\/index.php?rest_route=%2Fwp%2Fv2%2Ftags&post=25532"}],"curies":[{"name":"wp","href":"https:\/\/api.w.org\/{rel}","templated":true}]}}