{"id":25545,"date":"2018-09-12T11:17:11","date_gmt":"2018-09-12T09:17:11","guid":{"rendered":"http:\/\/miradordeatarfe.es\/?p=25545"},"modified":"2018-09-20T10:02:19","modified_gmt":"2018-09-20T08:02:19","slug":"atarfe-los-pergaminos-obra-de-teatro-este-viernes","status":"publish","type":"post","link":"https:\/\/miradordeatarfe.es\/?p=25545","title":{"rendered":"ATARFE: \u00abLOS PERGAMINOS\u00bb por Fuencisla Moreno"},"content":{"rendered":"<p>La Escuela de Teatro Ciudad Atarfe pone en escena este viernes (20:30 horas), 14 de viernes, en el Centro Cultural Medina Elvira la comedia \u00abLos Pergaminos\u00bb, una obra de Pedro Mu\u00f1oz Seca que se encuadra en la programaci\u00f3n de la Muestra de Teatro Local \u00abLuna de oto\u00f1o\u00bb que se est\u00e1 celebrando durante el mes de septiembre. <!--more--><\/p>\n<p>La obra que adapta V\u00edctor M. Rivera es una de las comedias m\u00e1s divertida de Mu\u00f1oz Seca.<\/p>\n<p>La acci\u00f3n transcurre en un pueblo de la provincia de C\u00f3rdoba donde una familia de la nobleza espa\u00f1ola se prepara para la petici\u00f3n de mano de su \u00fanica hija.<\/p>\n<p>Los pretendientes forman la pareja ideal y la boda reportar\u00e1 beneficios econ\u00f3micos y prestigio para ambas familias, pero las cosas no van a ser como ellos imaginan y la situaci\u00f3n de los enamorados, de sus familias y de todas las personas que est\u00e1n vinculados a ellos se tornar\u00e1 muy complicada.<\/p>\n<p>La entrada cuesta solo 3 euros.<\/p>\n<p><a href=\"https:\/\/i0.wp.com\/miradordeatarfe.es\/wp-content\/uploads\/2018\/09\/IMG-20180911-WA0010.jpg?ssl=1\"><img data-recalc-dims=\"1\" loading=\"lazy\" decoding=\"async\" class=\"alignnone size-full wp-image-25546\" src=\"https:\/\/i0.wp.com\/miradordeatarfe.es\/wp-content\/uploads\/2018\/09\/IMG-20180911-WA0010.jpg?resize=640%2C905&#038;ssl=1\" alt=\"\" width=\"640\" height=\"905\" srcset=\"https:\/\/i0.wp.com\/miradordeatarfe.es\/wp-content\/uploads\/2018\/09\/IMG-20180911-WA0010.jpg?w=1131&amp;ssl=1 1131w, https:\/\/i0.wp.com\/miradordeatarfe.es\/wp-content\/uploads\/2018\/09\/IMG-20180911-WA0010.jpg?resize=212%2C300&amp;ssl=1 212w, https:\/\/i0.wp.com\/miradordeatarfe.es\/wp-content\/uploads\/2018\/09\/IMG-20180911-WA0010.jpg?resize=768%2C1086&amp;ssl=1 768w, https:\/\/i0.wp.com\/miradordeatarfe.es\/wp-content\/uploads\/2018\/09\/IMG-20180911-WA0010.jpg?resize=724%2C1024&amp;ssl=1 724w, https:\/\/i0.wp.com\/miradordeatarfe.es\/wp-content\/uploads\/2018\/09\/IMG-20180911-WA0010.jpg?resize=600%2C849&amp;ssl=1 600w\" sizes=\"auto, (max-width: 640px) 100vw, 640px\" \/><\/a><\/p>\n","protected":false},"excerpt":{"rendered":"<p>La Escuela de Teatro Ciudad Atarfe pone en escena este viernes (20:30 horas), 14 de&#8230;<\/p>\n","protected":false},"author":1,"featured_media":25547,"comment_status":"closed","ping_status":"closed","sticky":false,"template":"","format":"standard","meta":{"_coblocks_attr":"","_coblocks_dimensions":"","_coblocks_responsive_height":"","_coblocks_accordion_ie_support":"","jetpack_post_was_ever_published":false,"_jetpack_newsletter_access":"","_jetpack_dont_email_post_to_subs":false,"_jetpack_newsletter_tier_id":0,"_jetpack_memberships_contains_paywalled_content":false,"_jetpack_memberships_contains_paid_content":false,"footnotes":"","jetpack_publicize_message":"","jetpack_publicize_feature_enabled":true,"jetpack_social_post_already_shared":false,"jetpack_social_options":{"image_generator_settings":{"template":"highway","default_image_id":0,"enabled":false},"version":2}},"categories":[2,12,2949,44,15],"tags":[81,498],"class_list":["post-25545","post","type-post","status-publish","format-standard","has-post-thumbnail","hentry","category-atarfe","category-cultura","category-opinion-de-fuencisla-moreno","category-noticias-de-hoy","category-ultimas-noticias","tag-atarfe","tag-teatro"],"jetpack_publicize_connections":[],"jetpack_featured_media_url":"https:\/\/i0.wp.com\/miradordeatarfe.es\/wp-content\/uploads\/2018\/09\/los-pergaminos-2.jpg?fit=418%2C327&ssl=1","jetpack_likes_enabled":true,"jetpack_sharing_enabled":true,"_links":{"self":[{"href":"https:\/\/miradordeatarfe.es\/index.php?rest_route=\/wp\/v2\/posts\/25545","targetHints":{"allow":["GET"]}}],"collection":[{"href":"https:\/\/miradordeatarfe.es\/index.php?rest_route=\/wp\/v2\/posts"}],"about":[{"href":"https:\/\/miradordeatarfe.es\/index.php?rest_route=\/wp\/v2\/types\/post"}],"author":[{"embeddable":true,"href":"https:\/\/miradordeatarfe.es\/index.php?rest_route=\/wp\/v2\/users\/1"}],"replies":[{"embeddable":true,"href":"https:\/\/miradordeatarfe.es\/index.php?rest_route=%2Fwp%2Fv2%2Fcomments&post=25545"}],"version-history":[{"count":2,"href":"https:\/\/miradordeatarfe.es\/index.php?rest_route=\/wp\/v2\/posts\/25545\/revisions"}],"predecessor-version":[{"id":25775,"href":"https:\/\/miradordeatarfe.es\/index.php?rest_route=\/wp\/v2\/posts\/25545\/revisions\/25775"}],"wp:featuredmedia":[{"embeddable":true,"href":"https:\/\/miradordeatarfe.es\/index.php?rest_route=\/wp\/v2\/media\/25547"}],"wp:attachment":[{"href":"https:\/\/miradordeatarfe.es\/index.php?rest_route=%2Fwp%2Fv2%2Fmedia&parent=25545"}],"wp:term":[{"taxonomy":"category","embeddable":true,"href":"https:\/\/miradordeatarfe.es\/index.php?rest_route=%2Fwp%2Fv2%2Fcategories&post=25545"},{"taxonomy":"post_tag","embeddable":true,"href":"https:\/\/miradordeatarfe.es\/index.php?rest_route=%2Fwp%2Fv2%2Ftags&post=25545"}],"curies":[{"name":"wp","href":"https:\/\/api.w.org\/{rel}","templated":true}]}}