{"id":2557,"date":"2015-07-01T06:34:06","date_gmt":"2015-07-01T06:34:06","guid":{"rendered":"http:\/\/miradordeatarfe.es\/?p=2557"},"modified":"2015-07-02T07:46:12","modified_gmt":"2015-07-02T07:46:12","slug":"un-pensamiento-verde","status":"publish","type":"post","link":"https:\/\/miradordeatarfe.es\/?p=2557","title":{"rendered":"Un Pensamiento Verde"},"content":{"rendered":"<p>Mucho se habla hoy en d\u00eda acerca de la preservaci\u00f3n del <strong>medio ambiente<\/strong>, de las actividades que deber\u00edan hacerse cotidianas en la vida de cada ser humano para contribuir con la preservaci\u00f3n de nuestro entorno, pero todo eso \u00bfqu\u00e9 aspecto de nuestra personalidad refiere? \u00bfEs eso a lo que llaman conciencia <strong>ecol\u00f3gica<\/strong>?<!--more--><br \/>\n<a href=\"https:\/\/i0.wp.com\/curiotende.com\/wp-content\/uploads\/2015\/05\/11.jpg\"><img data-recalc-dims=\"1\" loading=\"lazy\" decoding=\"async\" class=\"aligncenter wp-image-492 \" src=\"https:\/\/i0.wp.com\/curiotende.com\/wp-content\/uploads\/2015\/05\/11.jpg?resize=595%2C194\" alt=\"1\" width=\"595\" height=\"194\" \/><\/a>La conciencia ecol\u00f3gica es definida por algunos como la internalizaci\u00f3n por parte del ser humano de su dependencia de la <strong>naturaleza<\/strong> y de la responsabilidad que tiene en su preservaci\u00f3n y recuperaci\u00f3n. Esto obviamente no tiene sentido si el verbo no genera acci\u00f3n, o lo que es lo mismo a que se deben demostrar con hechos tangibles la adquisici\u00f3n de este nuevo estado de conciencia, ya que ser\u00e1n las acciones las que verifiquen la legitimidad del mismo.<\/p>\n<p>La forma en la que act\u00fae cada individuo con respecto al <strong>medio ambiente<\/strong> determinar\u00e1 el nivel de la <strong>conciencia ecol\u00f3gica<\/strong> que posee, recordando en todo momento que cualesquiera que sean sus acciones inevitablemente estas impactar\u00e1n de forma positiva o negativa con su entorno.<\/p>\n<p>Existen algunas organizaciones a nivel mundial que tienen como premisa esta condici\u00f3n de <strong>conciencia<\/strong>, es uno de los requisitos para formar parte de sus filas, por ejemplo la Organizaci\u00f3n Mundial de Scouts, contempla dentro de sus objetivos educativos para sus j\u00f3venes el desarrollo progresivo de la <strong>conciencia ecol\u00f3gica<\/strong> a trav\u00e9s de actividades atractivas para ellos que los invitan a tener a la preservaci\u00f3n del <strong>ambiente<\/strong> como ley de vida.<br \/>\n<a href=\"https:\/\/i0.wp.com\/curiotende.com\/wp-content\/uploads\/2015\/05\/y8.jpg\"><img data-recalc-dims=\"1\" loading=\"lazy\" decoding=\"async\" class=\"aligncenter wp-image-494 size-content\" src=\"https:\/\/i0.wp.com\/curiotende.com\/wp-content\/uploads\/2015\/05\/y8-620x264.jpg?resize=620%2C264\" alt=\"y8\" width=\"620\" height=\"264\" \/><\/a>Tanto los emprendedores como los creativos de forma independiente hacen grandes esfuerzos por implementar a gran escala cambios en las comunidades que habitan despertando e incrementando la <strong>conciencia ecol\u00f3gica<\/strong> entre sus habitantes, son aquellos que impulsan la generaci\u00f3n de energ\u00edas limpias y sustentables, el reciclaje, la reutilizaci\u00f3n de desechos s\u00f3lidos y org\u00e1nicos sin descuidar la b\u00fasqueda de la mejora en la calidad de vida de los seres humanos demostrando as\u00ed que la comodidad, la tecnolog\u00eda y la ecolog\u00eda si pueden ir de la mano.<\/p>\n","protected":false},"excerpt":{"rendered":"<p>Mucho se habla hoy en d\u00eda acerca de la preservaci\u00f3n del medio ambiente, de las&#8230;<\/p>\n","protected":false},"author":1,"featured_media":2558,"comment_status":"closed","ping_status":"closed","sticky":false,"template":"","format":"standard","meta":{"_coblocks_attr":"","_coblocks_dimensions":"","_coblocks_responsive_height":"","_coblocks_accordion_ie_support":"","jetpack_post_was_ever_published":false,"_jetpack_newsletter_access":"","_jetpack_dont_email_post_to_subs":false,"_jetpack_newsletter_tier_id":0,"_jetpack_memberships_contains_paywalled_content":false,"_jetpack_memberships_contains_paid_content":false,"footnotes":"","jetpack_publicize_message":"","jetpack_publicize_feature_enabled":true,"jetpack_social_post_already_shared":false,"jetpack_social_options":{"image_generator_settings":{"template":"highway","default_image_id":0,"enabled":false},"version":2}},"categories":[9,15],"tags":[700,923,924,925],"class_list":["post-2557","post","type-post","status-publish","format-standard","has-post-thumbnail","hentry","category-medio-ambiente","category-ultimas-noticias","tag-acogida-de-menores","tag-conciencia-ecologica","tag-reciclar","tag-utilizar"],"jetpack_publicize_connections":[],"jetpack_featured_media_url":"https:\/\/i0.wp.com\/miradordeatarfe.es\/wp-content\/uploads\/2015\/06\/4-620x264.jpg?fit=620%2C264&ssl=1","jetpack_likes_enabled":true,"jetpack_sharing_enabled":true,"_links":{"self":[{"href":"https:\/\/miradordeatarfe.es\/index.php?rest_route=\/wp\/v2\/posts\/2557","targetHints":{"allow":["GET"]}}],"collection":[{"href":"https:\/\/miradordeatarfe.es\/index.php?rest_route=\/wp\/v2\/posts"}],"about":[{"href":"https:\/\/miradordeatarfe.es\/index.php?rest_route=\/wp\/v2\/types\/post"}],"author":[{"embeddable":true,"href":"https:\/\/miradordeatarfe.es\/index.php?rest_route=\/wp\/v2\/users\/1"}],"replies":[{"embeddable":true,"href":"https:\/\/miradordeatarfe.es\/index.php?rest_route=%2Fwp%2Fv2%2Fcomments&post=2557"}],"version-history":[{"count":1,"href":"https:\/\/miradordeatarfe.es\/index.php?rest_route=\/wp\/v2\/posts\/2557\/revisions"}],"predecessor-version":[{"id":2559,"href":"https:\/\/miradordeatarfe.es\/index.php?rest_route=\/wp\/v2\/posts\/2557\/revisions\/2559"}],"wp:featuredmedia":[{"embeddable":true,"href":"https:\/\/miradordeatarfe.es\/index.php?rest_route=\/wp\/v2\/media\/2558"}],"wp:attachment":[{"href":"https:\/\/miradordeatarfe.es\/index.php?rest_route=%2Fwp%2Fv2%2Fmedia&parent=2557"}],"wp:term":[{"taxonomy":"category","embeddable":true,"href":"https:\/\/miradordeatarfe.es\/index.php?rest_route=%2Fwp%2Fv2%2Fcategories&post=2557"},{"taxonomy":"post_tag","embeddable":true,"href":"https:\/\/miradordeatarfe.es\/index.php?rest_route=%2Fwp%2Fv2%2Ftags&post=2557"}],"curies":[{"name":"wp","href":"https:\/\/api.w.org\/{rel}","templated":true}]}}