{"id":2560,"date":"2015-06-27T07:38:40","date_gmt":"2015-06-27T07:38:40","guid":{"rendered":"http:\/\/miradordeatarfe.es\/?p=2560"},"modified":"2015-06-22T17:40:47","modified_gmt":"2015-06-22T17:40:47","slug":"los-nacimientos-aumentaron-ligeramente-en-granada-en-2014-tras-cinco-anos-bajando","status":"publish","type":"post","link":"https:\/\/miradordeatarfe.es\/?p=2560","title":{"rendered":"Los nacimientos aumentaron ligeramente en Granada en 2014 tras cinco a\u00f1os bajando"},"content":{"rendered":"<p>El a\u00f1o pasado nacieron en la provincia 8.397 beb\u00e9s, apenas 57 m\u00e1s que en 2013, pero es el primer incremento de nacimientos que se registra desde 2008, cuando empez\u00f3 la crisis, al igual que ocurre a nivel nacional.<!--more--><\/p>\n<p>ras tantos de crisis, la tan anunciada recuperaci\u00f3n parece haber llegado tambi\u00e9n a los nacimientos, aunque sea muy ligeramente. El a\u00f1o pasado nacieron en Granada 8.397 beb\u00e9s, de los que 4.358 fueron ni\u00f1os y 4.039, ni\u00f1as, seg\u00fan los datos que acaba de publicar el Instituto Nacional de Estad\u00edstica (INE). Son \u00fanicamente 57 m\u00e1s que en 2013, pero es que desde que empez\u00f3 la crisis, en 2008, los nacimientos no hicieron m\u00e1s que bajar.<\/p>\n<p>Ese a\u00f1o, 2008, se registraron 10.546 nacimientos en la provincia, la cifra m\u00e1s alta desde mitad de la d\u00e9cada de los 80 del siglo pasado. Y conforme iban creciendo las dificultades econ\u00f3micas, los paritorios se iban vaciando. En 2013 hubo la cifra m\u00e1s baja de nacimientos en toda la serie hist\u00f3rica del INE, que comienza en 1975. Se lleg\u00f3 hace dos a\u00f1os a solo 8.340, un 21% menos que en 2008. Una reducci\u00f3n a\u00fan superior a la producida a nivel nacional, que fue del 18%.<\/p>\n<p>Y el a\u00f1o pasado, al fin, han vuelto a crecer. Esos 57 beb\u00e9s m\u00e1s de 2014 suponen un 0,68% de incremento, aunque es una subida superior a la que ha habido en el conjunto del pa\u00eds. En toda Espa\u00f1a nacieron el a\u00f1o pasado 426.303 ni\u00f1os y ni\u00f1as, 588 m\u00e1s que en 2013, lo que representa \u00fanicamente un 0,1% m\u00e1s.<\/p>\n<h4>Menos mujeres en edad f\u00e9rtil<\/h4>\n<p>Adem\u00e1s de la incidencia de la crisis en la decisi\u00f3n de tener o no hijos, el INE apunta tambi\u00e9n razones demogr\u00e1ficas en el continuado descenso de nacimientos desde 2008. \u00abEl n\u00famero de mujeres entre 15 y 49 a\u00f1os (en edad de ser madres) contin\u00faa bajando desde 2009 debido a tres razones. En primer lugar, porque llegan a ese rango de edades generaciones menos numerosas nacidas durante la crisis de natalidad de los 80 y primera mitad de los 90. En segundo lugar, por el menor aporte de la inmigraci\u00f3n exterior. Y, en tercer lugar, por el mayor n\u00famero de emigraciones al exterior de los \u00faltimos a\u00f1os\u00bb, indica el INE en una nota informativa.<\/p>\n<p>Como curiosidad, el mes con m\u00e1s nacimientos el a\u00f1o pasado fue septiembre, lo que supone que la \u00e9poca de mayor fecundaci\u00f3n fue noviembre o principios de diciembre, con la entrada de los primeros fr\u00edos.<\/p>\n<p><a href=\"http:\/\/www.elindependientedegranada.es\/ciudadania\/nacimientos-aumentaron-ligeramente-granada-2014-cinco-anos-bajando\">http:\/\/www.elindependientedegranada.es\/ciudadania\/nacimientos-aumentaron-ligeramente-granada-2014-cinco-anos-bajando<\/a><\/p>\n","protected":false},"excerpt":{"rendered":"<p>El a\u00f1o pasado nacieron en la provincia 8.397 beb\u00e9s, apenas 57 m\u00e1s que en 2013,&#8230;<\/p>\n","protected":false},"author":1,"featured_media":2562,"comment_status":"closed","ping_status":"closed","sticky":false,"template":"","format":"standard","meta":{"_coblocks_attr":"","_coblocks_dimensions":"","_coblocks_responsive_height":"","_coblocks_accordion_ie_support":"","jetpack_post_was_ever_published":false,"_jetpack_newsletter_access":"","_jetpack_dont_email_post_to_subs":false,"_jetpack_newsletter_tier_id":0,"_jetpack_memberships_contains_paywalled_content":false,"_jetpack_memberships_contains_paid_content":false,"footnotes":"","jetpack_publicize_message":"","jetpack_publicize_feature_enabled":true,"jetpack_social_post_already_shared":false,"jetpack_social_options":{"image_generator_settings":{"template":"highway","default_image_id":0,"enabled":false},"version":2}},"categories":[186,9],"tags":[928,927,926],"class_list":["post-2560","post","type-post","status-publish","format-standard","has-post-thumbnail","hentry","category-instituciones","category-medio-ambiente","tag-ine","tag-nacimientos","tag-partos"],"jetpack_publicize_connections":[],"jetpack_featured_media_url":"https:\/\/i0.wp.com\/miradordeatarfe.es\/wp-content\/uploads\/2015\/06\/mdphoto.jpg?fit=640%2C427&ssl=1","jetpack_likes_enabled":true,"jetpack_sharing_enabled":true,"_links":{"self":[{"href":"https:\/\/miradordeatarfe.es\/index.php?rest_route=\/wp\/v2\/posts\/2560","targetHints":{"allow":["GET"]}}],"collection":[{"href":"https:\/\/miradordeatarfe.es\/index.php?rest_route=\/wp\/v2\/posts"}],"about":[{"href":"https:\/\/miradordeatarfe.es\/index.php?rest_route=\/wp\/v2\/types\/post"}],"author":[{"embeddable":true,"href":"https:\/\/miradordeatarfe.es\/index.php?rest_route=\/wp\/v2\/users\/1"}],"replies":[{"embeddable":true,"href":"https:\/\/miradordeatarfe.es\/index.php?rest_route=%2Fwp%2Fv2%2Fcomments&post=2560"}],"version-history":[{"count":1,"href":"https:\/\/miradordeatarfe.es\/index.php?rest_route=\/wp\/v2\/posts\/2560\/revisions"}],"predecessor-version":[{"id":2561,"href":"https:\/\/miradordeatarfe.es\/index.php?rest_route=\/wp\/v2\/posts\/2560\/revisions\/2561"}],"wp:featuredmedia":[{"embeddable":true,"href":"https:\/\/miradordeatarfe.es\/index.php?rest_route=\/wp\/v2\/media\/2562"}],"wp:attachment":[{"href":"https:\/\/miradordeatarfe.es\/index.php?rest_route=%2Fwp%2Fv2%2Fmedia&parent=2560"}],"wp:term":[{"taxonomy":"category","embeddable":true,"href":"https:\/\/miradordeatarfe.es\/index.php?rest_route=%2Fwp%2Fv2%2Fcategories&post=2560"},{"taxonomy":"post_tag","embeddable":true,"href":"https:\/\/miradordeatarfe.es\/index.php?rest_route=%2Fwp%2Fv2%2Ftags&post=2560"}],"curies":[{"name":"wp","href":"https:\/\/api.w.org\/{rel}","templated":true}]}}