{"id":25619,"date":"2018-09-17T11:44:10","date_gmt":"2018-09-17T09:44:10","guid":{"rendered":"http:\/\/miradordeatarfe.es\/?p=25619"},"modified":"2018-09-17T15:12:30","modified_gmt":"2018-09-17T13:12:30","slug":"ii-gymkana-fotograficaciudad-de-atarfe","status":"publish","type":"post","link":"https:\/\/miradordeatarfe.es\/?p=25619","title":{"rendered":"II Gymkana Fotografica:\u201cCiudad de Atarfe\u201d"},"content":{"rendered":"<div dir=\"auto\">\n<div dir=\"auto\" style=\"text-align: justify;\">La II Gymkana fotogr\u00e1fica \u201cCiudad de Atarfe\u201d , se desarrolla en Atarfe y pedanias, donde queremos hacer referencia y conocer, historia y costumbres de el Atarfe en el que vivimos . Mediante\u00a0pistas iremos dando a conocer los lugares donde realizar las fotograf\u00edas.<\/div>\n<div dir=\"auto\" style=\"text-align: justify;\"><!--more--><\/div>\n<div dir=\"auto\" style=\"text-align: justify;\">Por ello y debido a la gran aceptaci\u00f3n de la I Gymkana, nos animamos a poner en marcha esta\u00a0 II Gymkana, y os animamos a participar en ella.<\/div>\n<div dir=\"auto\" style=\"text-align: justify;\"><\/div>\n<div dir=\"auto\" style=\"text-align: justify;\">Bases que regir\u00e1n la II Gymkana Fotografica Ciudad de Atarfe.<\/div>\n<div dir=\"auto\" style=\"text-align: justify;\"><\/div>\n<div dir=\"auto\" style=\"text-align: justify;\"><strong>Participantes:<\/strong><\/div>\n<div dir=\"auto\" style=\"text-align: justify;\"><\/div>\n<div dir=\"auto\" style=\"text-align: justify;\">-Podr\u00e1n participar todas las personas aficionadas y\/o profesionales que as\u00ed lo deseen ci\u00f1\u00e9ndose a las siguientes bases.<\/div>\n<div dir=\"auto\" style=\"text-align: justify;\"><\/div>\n<div dir=\"auto\" style=\"text-align: justify;\"><strong>Categor\u00edas:<\/strong><\/div>\n<div dir=\"auto\" style=\"text-align: justify;\"><\/div>\n<div dir=\"auto\" style=\"text-align: justify;\">-Habr\u00e1 dos categor\u00edas, una primera para C\u00e1maras R\u00e9flex y una segunda para Tel\u00e9fonos\/Tablet.<\/div>\n<div dir=\"auto\" style=\"text-align: justify;\"><\/div>\n<div dir=\"auto\" style=\"text-align: justify;\">\u00a0<strong>Derechos de inscripci\u00f3n: <\/strong>10 Euros.<\/div>\n<div dir=\"auto\" style=\"text-align: justify;\"><\/div>\n<div dir=\"auto\" style=\"text-align: justify;\"><strong>Inscripci\u00f3n:<\/strong><\/div>\n<div dir=\"auto\" style=\"text-align: justify;\"><\/div>\n<div dir=\"auto\" style=\"text-align: justify;\">-La inscripci\u00f3n se realizar\u00e1 desde el d\u00eda 12 de Septiembre de 2018 hasta\u00a0 el d\u00eda 15 de Octubre de 2018.<\/div>\n<div dir=\"auto\" style=\"text-align: justify;\">En el numero de cuenta ES49 0133 2661 6641 0000 3772<\/div>\n<div dir=\"auto\" style=\"text-align: justify;\"><\/div>\n<div dir=\"auto\" style=\"text-align: justify;\">En el cual deber\u00e1n incluir el Nombre, apellidos y DNI del participante.\u00a0 Una vez realizada la inscripci\u00f3n deber\u00e1 enviar un correo a\u00a0 <a href=\"mailto:gymkana@regalagranada.es\" target=\"_blank\" rel=\"noopener\">gymkana@regalagranada.es<\/a> con el resguardo del ingreso.<\/div>\n<div dir=\"auto\" style=\"text-align: justify;\"><\/div>\n<div dir=\"auto\" style=\"text-align: justify;\"><strong>Fecha, Hora y lugar:<\/strong><\/div>\n<div dir=\"auto\" style=\"text-align: justify;\"><\/div>\n<div dir=\"auto\" style=\"text-align: justify;\">D\u00eda: S\u00e1bado 20 de Octubre de 2018\u00a0 de 10:00 h. a 12:00 h.<\/div>\n<div dir=\"auto\" style=\"text-align: justify;\">Punto de encuentro: Plaza del Ayuntamiento de Atarfe.<\/div>\n<div dir=\"auto\" style=\"text-align: justify;\"><\/div>\n<div dir=\"auto\" style=\"text-align: justify;\"><strong>Funcionamiento de la Gymkana:<\/strong><\/div>\n<div dir=\"auto\" style=\"text-align: justify;\"><\/div>\n<div dir=\"auto\" style=\"text-align: justify;\">&#8211; Cada participante vendr\u00e1 provisto de su dispositivo digital, de su propia tarjeta de memoria.<\/div>\n<div dir=\"auto\" style=\"text-align: justify;\">&#8211; La tarjeta de memoria tiene que estar vac\u00eda en el momento del inicio de la Gymkana y el dispositivo con la fecha y hora correctamente ajustada.<\/div>\n<div dir=\"auto\" style=\"text-align: justify;\">&#8211; Todo participante al inicio de la Gymkana deber\u00e1 de tomar una fotograf\u00eda de control que validar\u00e1 su participaci\u00f3n.<\/div>\n<div dir=\"auto\" style=\"text-align: justify;\">-Todas las fotograf\u00edas deber\u00e1n de ser realizadas al m\u00e1ximo de resoluci\u00f3n del dispositivo, en formato JPG y en Color o Blanco y Negro.<\/div>\n<div dir=\"auto\" style=\"text-align: justify;\">-En total se realizar\u00e1n 12 instant\u00e1neas de 12 lugares diferentes de Atarfe y su t\u00e9rmino municipal, a los cuales se llegar\u00e1 mediante pistas que facilitar\u00e1 la organizaci\u00f3n.<\/div>\n<div dir=\"auto\" style=\"text-align: justify;\">-Cada participante elegir\u00e1 el orden de las pistas, no debiendo de seguir el orden l\u00f3gico, pero si tendr\u00e1 que realizar fotograf\u00edas a todas las pistas.<\/div>\n<div dir=\"auto\" style=\"text-align: justify;\">-Cada participante tomar\u00e1 las instant\u00e1neas que crea necesarias para cada pista, pero en el momento de su presentaci\u00f3n debe de seleccionar solo una fotograf\u00eda por pista, siendo obligatorio realizar fotograf\u00eda de todas las pistas.<\/div>\n<div dir=\"auto\" style=\"text-align: justify;\">&#8211; Las doce fotograf\u00edas se enviar\u00e1n, via WETRANSFER a <a href=\"mailto:gymkana@regalaranada.es\" target=\"_blank\" rel=\"noopener\">gymkana@regalaranada.es<\/a>, antes de las 00:00h del domingo 21 de Octubre de 2018. Se ampl\u00eda a dos los d\u00edas de duraci\u00f3n de la Gymkana para poder realizar fotograf\u00edas en las distintas franjas horarias, amanecer, atardecer, nocturnas\u2026<\/div>\n<div dir=\"auto\" style=\"text-align: justify;\">&#8211; Las fotograf\u00edas deber\u00e1n haber sido realizadas el mismo d\u00eda y horas de duraci\u00f3n de la Gymkana, ya que se revisaran todas las fotograf\u00edas y las fotograf\u00edas manipuladas con cualquier programa de fotograf\u00eda, as\u00ed como renombradas ser\u00e1n eliminadas.<\/div>\n<div dir=\"auto\" style=\"text-align: justify;\"><\/div>\n<div dir=\"auto\" style=\"text-align: justify;\"><strong>Premios:\u00a0 \u00a0 \u00a0<\/strong> \u00a0 \u00a0 \u00a0 \u00a0 \u00a0REFLEX\u00a0 \u00a0 \u00a0 \u00a0 \u00a0 \u00a0 \u00a0 \u00a0 \u00a0 \u00a0 \u00a0 \u00a0Movil\/Tablet<\/div>\n<div dir=\"auto\" style=\"text-align: justify;\"><\/div>\n<div dir=\"auto\" style=\"text-align: justify;\">1\u00ba Premio:\u00a0 \u00a0 \u00a0 \u00a0 \u00a0 \u00a0 \u00a0 500\u20ac\u00a0 \u00a0 \u00a0 \u00a0 \u00a0 \u00a0 \u00a0 \u00a0 \u00a0 \u00a0 \u00a0 \u00a0 \u00a0 \u00a0 \u00a0 \u00a0 \u00a0 \u00a0 100\u20ac<\/div>\n<div dir=\"auto\" style=\"text-align: justify;\">2\u00ba Premio:\u00a0 \u00a0 \u00a0 \u00a0 \u00a0 \u00a0 \u00a0 200\u20ac\u00a0 \u00a0 \u00a0 \u00a0 \u00a0 \u00a0 \u00a0 \u00a0 \u00a0 \u00a0 \u00a0 \u00a0 \u00a0 \u00a0 \u00a0 \u00a0 \u00a0 \u00a0 \u00a0 50\u20ac<\/div>\n<div dir=\"auto\" style=\"text-align: justify;\">3\u00ba Premio:\u00a0 \u00a0 \u00a0 \u00a0 \u00a0 \u00a0 \u00a0 100\u20ac\u00a0 \u00a0 \u00a0 \u00a0 \u00a0 \u00a0 \u00a0 \u00a0 \u00a0 \u00a0 \u00a0 \u00a0 \u00a0 \u00a0 \u00a0 \u00a0 \u00a0 \u00a0 \u00a0 25\u20ac<\/div>\n<div dir=\"auto\" style=\"text-align: justify;\"><\/div>\n<div dir=\"auto\" style=\"text-align: justify;\">Diploma de participaci\u00f3n a todos los concursantes.<\/div>\n<div dir=\"auto\" style=\"text-align: justify;\"><\/div>\n<div dir=\"auto\" style=\"text-align: justify;\"><strong>Jurado, fallo y entrega de premios<\/strong>:<\/div>\n<div dir=\"auto\" style=\"text-align: justify;\"><\/div>\n<div dir=\"auto\" style=\"text-align: justify;\">&#8211; El jurado estar\u00e1 formado por tres fot\u00f3grafos de reconocido prestigio.<\/div>\n<div dir=\"auto\" style=\"text-align: justify;\">&#8211; El fallo del jurado se comunicara a los premiados una vez que se produzca. La decisi\u00f3n del jurado ser\u00e1 inapelable. Pudiendo declarar desierto alg\u00fan premio.<\/div>\n<div dir=\"auto\" style=\"text-align: justify;\">&#8211; El acto de entrega de premios tendr\u00e1 lugar en el C.C. Medina Elvira el s\u00e1bado d\u00eda 3 de Noviembre de 2018 a las 17:00 horas,<\/div>\n<div dir=\"auto\" style=\"text-align: justify;\"><\/div>\n<div dir=\"auto\" style=\"text-align: justify;\"><strong>Varios:<\/strong><\/div>\n<div dir=\"auto\" style=\"text-align: justify;\">&#8211; La organizaci\u00f3n se reserva el derecho de resolver cualquier conflicto que pueda surgir en la interpretaci\u00f3n de las bases o durante la realizaci\u00f3n del Gymkana<\/div>\n<div dir=\"auto\" style=\"text-align: justify;\">&#8211; La participaci\u00f3n en el Gymkana implica la aceptaci\u00f3n de las bases.<\/div>\n<div dir=\"auto\" style=\"text-align: justify;\">&#8211; Las fotograf\u00edas ganadoras pasar\u00e1n a formar parte del archivo para futuras promociones de la Gymkana, siempre haciendo referencia al nombre del Autor.<\/div>\n<div dir=\"auto\" style=\"text-align: justify;\"><\/div>\n<div dir=\"auto\" style=\"text-align: justify;\">Para cualquier duda ponerse en contacto con Jose C. Serrano Fotografos en Facebook, al correo <a href=\"mailto:gymkana@regalagranada.es\" target=\"_blank\" rel=\"noopener\">gymkana@regalagranada.es<\/a> \u00f3 al tel\u00e9fono 958.357.291.<\/div>\n<\/div>\n<p style=\"text-align: justify;\">\n","protected":false},"excerpt":{"rendered":"<p>La II Gymkana fotogr\u00e1fica \u201cCiudad de Atarfe\u201d , se desarrolla en Atarfe y pedanias, donde&#8230;<\/p>\n","protected":false},"author":1,"featured_media":25645,"comment_status":"closed","ping_status":"closed","sticky":false,"template":"","format":"standard","meta":{"_coblocks_attr":"","_coblocks_dimensions":"","_coblocks_responsive_height":"","_coblocks_accordion_ie_support":"","jetpack_post_was_ever_published":false,"_jetpack_newsletter_access":"","_jetpack_dont_email_post_to_subs":false,"_jetpack_newsletter_tier_id":0,"_jetpack_memberships_contains_paywalled_content":false,"_jetpack_memberships_contains_paid_content":false,"footnotes":"","jetpack_publicize_message":"","jetpack_publicize_feature_enabled":true,"jetpack_social_post_already_shared":false,"jetpack_social_options":{"image_generator_settings":{"template":"highway","default_image_id":0,"enabled":false},"version":2}},"categories":[2,12,186,44,15],"tags":[81,444,5278],"class_list":["post-25619","post","type-post","status-publish","format-standard","has-post-thumbnail","hentry","category-atarfe","category-cultura","category-instituciones","category-noticias-de-hoy","category-ultimas-noticias","tag-atarfe","tag-ciudad-atarfe","tag-gymkana-fotografica"],"jetpack_publicize_connections":[],"jetpack_featured_media_url":"https:\/\/i0.wp.com\/miradordeatarfe.es\/wp-content\/uploads\/2018\/09\/DSCN8083.jpg?fit=800%2C600&ssl=1","jetpack_likes_enabled":true,"jetpack_sharing_enabled":true,"_links":{"self":[{"href":"https:\/\/miradordeatarfe.es\/index.php?rest_route=\/wp\/v2\/posts\/25619","targetHints":{"allow":["GET"]}}],"collection":[{"href":"https:\/\/miradordeatarfe.es\/index.php?rest_route=\/wp\/v2\/posts"}],"about":[{"href":"https:\/\/miradordeatarfe.es\/index.php?rest_route=\/wp\/v2\/types\/post"}],"author":[{"embeddable":true,"href":"https:\/\/miradordeatarfe.es\/index.php?rest_route=\/wp\/v2\/users\/1"}],"replies":[{"embeddable":true,"href":"https:\/\/miradordeatarfe.es\/index.php?rest_route=%2Fwp%2Fv2%2Fcomments&post=25619"}],"version-history":[{"count":1,"href":"https:\/\/miradordeatarfe.es\/index.php?rest_route=\/wp\/v2\/posts\/25619\/revisions"}],"predecessor-version":[{"id":25620,"href":"https:\/\/miradordeatarfe.es\/index.php?rest_route=\/wp\/v2\/posts\/25619\/revisions\/25620"}],"wp:featuredmedia":[{"embeddable":true,"href":"https:\/\/miradordeatarfe.es\/index.php?rest_route=\/wp\/v2\/media\/25645"}],"wp:attachment":[{"href":"https:\/\/miradordeatarfe.es\/index.php?rest_route=%2Fwp%2Fv2%2Fmedia&parent=25619"}],"wp:term":[{"taxonomy":"category","embeddable":true,"href":"https:\/\/miradordeatarfe.es\/index.php?rest_route=%2Fwp%2Fv2%2Fcategories&post=25619"},{"taxonomy":"post_tag","embeddable":true,"href":"https:\/\/miradordeatarfe.es\/index.php?rest_route=%2Fwp%2Fv2%2Ftags&post=25619"}],"curies":[{"name":"wp","href":"https:\/\/api.w.org\/{rel}","templated":true}]}}