{"id":25687,"date":"2018-09-19T07:33:13","date_gmt":"2018-09-19T05:33:13","guid":{"rendered":"http:\/\/miradordeatarfe.es\/?p=25687"},"modified":"2019-10-16T13:13:22","modified_gmt":"2019-10-16T11:13:22","slug":"la-justicia-declara-el-derecho-de-un-trabajador-a-tener-un-turno-de-manana-para-cuidar-de-su-hijo","status":"publish","type":"post","link":"https:\/\/miradordeatarfe.es\/?p=25687","title":{"rendered":"La justicia declara el derecho de un trabajador a tener un turno de ma\u00f1ana para cuidar de su hijo"},"content":{"rendered":"<div class=\"subtitle bkn mce sk2\">\n<p style=\"text-align: justify;\">El empleado trabajaba en turnos rotatorios de ma\u00f1ana, tarde y noche, de lunes a viernes en 40 horas semanales, y pidi\u00f3 fijar su turno a las ma\u00f1anas y reducir su jornada.La empresa en un primer momento acept\u00f3 la reducci\u00f3n de jornada pero se neg\u00f3 a fijarle en un solo turno por \u00abcausas organizativas\u00bb<!--more--><\/p>\n<p style=\"text-align: justify;\">El juzgado da la raz\u00f3n al trabajador considerando que no hay razones que provoquen un \u00abtrastorno relevante en la organizaci\u00f3n o planificaci\u00f3n de la actividad de la empresa\u00bb<\/p>\n<\/div>\n<div id=\"edi-body\" class=\"mce-body mce no-sticky-adv-socios\">\n<p class=\"mce\" style=\"text-align: justify;\">Antonio (nombre ficticio) es maquinista en una l\u00ednea de producci\u00f3n de una empresa peque\u00f1a situada en Logro\u00f1o desde el a\u00f1o 2006. Trabaja a tiempo completo de lunes a viernes en turnos rotatorios de ma\u00f1ana, tarde y noche. Recientemente ha sido padre y este sistema de turnos le dificulta la conciliaci\u00f3n. El trabajador \u2013que obtuvo la reducci\u00f3n de jornada\u2013 ante la negativa de la empresa a fijarle su turno en horario de ma\u00f1ana interpuso una demanda en abril de 2018. Una sentencia firme del Juzgado de lo Social N\u00ba1 de Logro\u00f1o le ha dado la raz\u00f3n. Se da la circunstancia de que su mujer ha iniciado una excedencia voluntaria, recalca el tribunal.<\/p>\n<p class=\"mce\" style=\"text-align: justify;\">El trabajador se encarga de liderar, organizar y supervisar a los integrantes de una de las cinco l\u00edneas de producci\u00f3n que tiene el centro. Todos los trabajadores de esta \u00e1rea trabajan en turnos rotatorios de ma\u00f1ana, tarde y noche y adem\u00e1s, hay tres ayudantes \u00abcomod\u00edn\u00bb que sustituyen a los empleados que est\u00e9n ausentes por vacaciones, bajas m\u00e9dicas u horas sindicales, indica la sentencia.<\/p>\n<p class=\"mce\" style=\"text-align: justify;\">Antonio solicit\u00f3 a su empresa una reducci\u00f3n de jornada y fijar su turno a las ma\u00f1anas para cuidar de su hijo de tres a\u00f1os y el centro de trabajo \u00fanicamente le concedi\u00f3 lo primero (por ley no pueden negarse hasta que el menor cumple 12 a\u00f1os). La direcci\u00f3n argument\u00f3 \u00abcausas organizativas\u00bb que \u00abafectar\u00edan al resto de maquinistas que \u00fanicamente podr\u00edan rotar en turnos de tarde y noche, pero nunca en el de ma\u00f1ana\u00bb, seg\u00fan recoge la sentencia que finalmente le ha dado la raz\u00f3n al trabajador.<\/p>\n<p class=\"mce\" style=\"text-align: justify;\">El juzgado basa sus argumentos en el\u00a0<a class=\"mce\" href=\"https:\/\/www.boe.es\/buscar\/act.php?id=BOE-A-2015-11430&amp;tn=1&amp;p=20180704#a34\"> art\u00edculo 34.8<\/a> del Estatuto de los Trabajadores (norma suprema por la que se rige el derecho laboral en Espa\u00f1a), que establece \u00abel derecho del trabajador a adaptar la duraci\u00f3n y distribuci\u00f3n de la jornada de trabajo para hacer efectivo su derecho a la conciliaci\u00f3n de la vida personal, familiar y laboral\u00bb. Adem\u00e1s, recuerda que esta norma \u00abtiene por objeto asegurar el ejercicio de la patria potestad y preservar el inter\u00e9s del menor\u00bb.<\/p>\n<p class=\"mce\" style=\"text-align: justify;\">En este contexto la justicia tiene en cuenta la jurisprudencia del Tribunal Supremo en relaci\u00f3n al derecho a acogerse a esta jornada. Una sentencia de 2001 establece que \u00aben los supuestos de jornada reducida por guarda legal, se tiende a proteger no solo el derecho de los trabajadores a conciliar para cumplir con los deberes inherentes a la patria potestad, sino tambi\u00e9n el propio inter\u00e9s del menor a recibir la mejor atenci\u00f3n posible\u00bb.<\/p>\n<p class=\"mce\" style=\"text-align: justify;\">De esta manera, el juzgado declara que Antonio no solo tiene derecho a reducir su jornada una hora diaria, sino que obliga a la empresa a fijar su turno en horario de ma\u00f1ana de 6.00 a 13.00 horas. El tribunal subraya que \u00abhay posibilidades de distribuci\u00f3n del trabajo\u00bb con los tres ayudantes \u00abcomod\u00edn\u00bb que apoyan la l\u00ednea de producci\u00f3n. Concluye que no hay razones que provoquen un \u00abtrastorno relevante en la organizaci\u00f3n o planificaci\u00f3n de la actividad de la empresa\u00bb.<\/p>\n<p class=\"mce\" style=\"text-align: justify;\">Isabel Cerrajer\u00eda, portavoz de USO y conocedora del caso, explica que \u00abno hay problema real para reorganizar las l\u00edneas de producci\u00f3n de la empresa\u00bb, y que no existe un conflicto de intereses entre ambas partes. Por ese motivo el fallo no se detiene a analizar la situaci\u00f3n personal del trabajador, ni el hecho de que su mujer tenga una excedencia voluntaria.<\/p>\n<p><a href=\"https:\/\/www.eldiario.es\/economia\/tribunal-declara-derecho-trabajador-reducir_0_803519870.html\">https:\/\/www.eldiario.es\/economia\/tribunal-declara-derecho-trabajador-reducir_0_803519870.html<\/a><\/p>\n<p>FOTO: Ciudad de la Justicia en una imagen de archivo<\/p>\n<\/div>\n","protected":false},"excerpt":{"rendered":"<p>El empleado trabajaba en turnos rotatorios de ma\u00f1ana, tarde y noche, de lunes a viernes&#8230;<\/p>\n","protected":false},"author":1,"featured_media":25688,"comment_status":"closed","ping_status":"closed","sticky":false,"template":"","format":"standard","meta":{"_coblocks_attr":"","_coblocks_dimensions":"","_coblocks_responsive_height":"","_coblocks_accordion_ie_support":"","jetpack_post_was_ever_published":false,"_jetpack_newsletter_access":"","_jetpack_dont_email_post_to_subs":false,"_jetpack_newsletter_tier_id":0,"_jetpack_memberships_contains_paywalled_content":false,"_jetpack_memberships_contains_paid_content":false,"footnotes":"","jetpack_publicize_message":"","jetpack_publicize_feature_enabled":true,"jetpack_social_post_already_shared":false,"jetpack_social_options":{"image_generator_settings":{"template":"highway","default_image_id":0,"enabled":false},"version":2}},"categories":[1161,186,44,15],"tags":[292],"class_list":["post-25687","post","type-post","status-publish","format-standard","has-post-thumbnail","hentry","category-ciudadania","category-instituciones","category-noticias-de-hoy","category-ultimas-noticias","tag-justicia"],"jetpack_publicize_connections":[],"jetpack_featured_media_url":"https:\/\/i0.wp.com\/miradordeatarfe.es\/wp-content\/uploads\/2018\/09\/juzgado-violencia-genero-telde_EDIIMA20140429_0548_28.jpg?fit=643%2C442&ssl=1","jetpack_likes_enabled":true,"jetpack_sharing_enabled":true,"_links":{"self":[{"href":"https:\/\/miradordeatarfe.es\/index.php?rest_route=\/wp\/v2\/posts\/25687","targetHints":{"allow":["GET"]}}],"collection":[{"href":"https:\/\/miradordeatarfe.es\/index.php?rest_route=\/wp\/v2\/posts"}],"about":[{"href":"https:\/\/miradordeatarfe.es\/index.php?rest_route=\/wp\/v2\/types\/post"}],"author":[{"embeddable":true,"href":"https:\/\/miradordeatarfe.es\/index.php?rest_route=\/wp\/v2\/users\/1"}],"replies":[{"embeddable":true,"href":"https:\/\/miradordeatarfe.es\/index.php?rest_route=%2Fwp%2Fv2%2Fcomments&post=25687"}],"version-history":[{"count":1,"href":"https:\/\/miradordeatarfe.es\/index.php?rest_route=\/wp\/v2\/posts\/25687\/revisions"}],"predecessor-version":[{"id":25689,"href":"https:\/\/miradordeatarfe.es\/index.php?rest_route=\/wp\/v2\/posts\/25687\/revisions\/25689"}],"wp:featuredmedia":[{"embeddable":true,"href":"https:\/\/miradordeatarfe.es\/index.php?rest_route=\/wp\/v2\/media\/25688"}],"wp:attachment":[{"href":"https:\/\/miradordeatarfe.es\/index.php?rest_route=%2Fwp%2Fv2%2Fmedia&parent=25687"}],"wp:term":[{"taxonomy":"category","embeddable":true,"href":"https:\/\/miradordeatarfe.es\/index.php?rest_route=%2Fwp%2Fv2%2Fcategories&post=25687"},{"taxonomy":"post_tag","embeddable":true,"href":"https:\/\/miradordeatarfe.es\/index.php?rest_route=%2Fwp%2Fv2%2Ftags&post=25687"}],"curies":[{"name":"wp","href":"https:\/\/api.w.org\/{rel}","templated":true}]}}