{"id":25718,"date":"2018-09-22T08:28:01","date_gmt":"2018-09-22T06:28:01","guid":{"rendered":"http:\/\/miradordeatarfe.es\/?p=25718"},"modified":"2018-09-19T12:34:56","modified_gmt":"2018-09-19T10:34:56","slug":"quiquiriqui-festival-de-teatro-de-titeres-de-granada","status":"publish","type":"post","link":"https:\/\/miradordeatarfe.es\/?p=25718","title":{"rendered":"Quiquiriqu\u00ed Festival de Teatro de t\u00edteres de Granada"},"content":{"rendered":"<p style=\"text-align: justify;\">SE CELEBRA EN EL Centro Federico Garc\u00eda Lorca \u00a0\/\u00a0 Del 28 de\u00a0septiembre al 7 de octubre de 2018<!--more--><\/p>\n<p style=\"text-align: justify;\">\u00a0En septiembre vuelve la segunda edici\u00f3n del<strong>\u00a0Quiquiriqu\u00ed.\u00a0Festival de Teatro de t\u00edteres de Granada<\/strong>.\u00a0Del 28 de septiembre al 7 de octubre en el Centro Federico Garc\u00eda Lorca disfrutaremos de su diversa\u00a0y\u00a0destacada programaci\u00f3n, en la que\u00a0habr\u00e1\u00a0espect\u00e1culos para todas la edades\u00a0\u2013entre los que se encuentran\u00a0varios estrenos en Espa\u00f1a\u2013 y actividades\u00a0complementarias como\u00a0coloquios, talleres o\u00a0presentaciones de libros.<\/p>\n<p style=\"text-align: justify;\">El festival ya\u00a0fue un aut\u00e9ntico \u00e9xito en sus dos ediciones\u00a0anteriores\u00a0por la calidad de sus propuestas y\u00a0sus\u00a0atractivas e\u00a0innovadoras actividades paralelas, como La Incubadora, un encuentro de j\u00f3venes creadores y artistas emergentes que mostraron\u00a0sus\u00a0creaciones ante un grupo de expertos de\u00a0profesionales vinculados con el mundo del t\u00edtere\u00a0desde\u00a0diferentes perfiles.<\/p>\n<p>Pincha\u00a0<a href=\"https:\/\/centrofedericogarcialorca.us16.list-manage.com\/track\/click?u=0f8ec51d221413b68800960b2&amp;id=d80bf80cd9&amp;e=76c53f9d5c\" target=\"_blank\" rel=\"noopener\" data-saferedirecturl=\"https:\/\/www.google.com\/url?q=https:\/\/centrofedericogarcialorca.us16.list-manage.com\/track\/click?u%3D0f8ec51d221413b68800960b2%26id%3Dd80bf80cd9%26e%3D76c53f9d5c&amp;source=gmail&amp;ust=1537437529164000&amp;usg=AFQjCNEXwnZl1CWNwznH3ge8UIn1zlaXmw\">AQU\u00cd<\/a>\u00a0para ver un breve audiovisual\u00a0que resume la pasada edici\u00f3n.<\/p>\n<p>El<strong> Quiquiriqu\u00ed. Festival de Teatro de t\u00edteres de Granada <\/strong>es una idea y propuesta del Centro Federico Garc\u00eda Lorca, con direcci\u00f3n art\u00edstica de la\u00a0<a href=\"https:\/\/centrofedericogarcialorca.us16.list-manage.com\/track\/click?u=0f8ec51d221413b68800960b2&amp;id=c23837594d&amp;e=76c53f9d5c\" target=\"_blank\" rel=\"noopener\" data-saferedirecturl=\"https:\/\/www.google.com\/url?q=https:\/\/centrofedericogarcialorca.us16.list-manage.com\/track\/click?u%3D0f8ec51d221413b68800960b2%26id%3Dc23837594d%26e%3D76c53f9d5c&amp;source=gmail&amp;ust=1537437529164000&amp;usg=AFQjCNE339UhA_cx-HT6BsyShsSeHsr2Hw\">Compa\u00f1\u00eda Etc\u00e9tera<\/a>, y cuenta con el patrocinio del Ministerio de Cultura y la colaboraci\u00f3n del Ayuntamiento de Granada.<\/p>\n<p>Descarga aqu\u00ed la<a href=\"https:\/\/centrofedericogarcialorca.us16.list-manage.com\/track\/click?u=0f8ec51d221413b68800960b2&amp;id=c4f49467e7&amp;e=76c53f9d5c\" target=\"_blank\" rel=\"noopener\" data-saferedirecturl=\"https:\/\/www.google.com\/url?q=https:\/\/centrofedericogarcialorca.us16.list-manage.com\/track\/click?u%3D0f8ec51d221413b68800960b2%26id%3Dc4f49467e7%26e%3D76c53f9d5c&amp;source=gmail&amp;ust=1537437529164000&amp;usg=AFQjCNGl4EQR9fPvC0yrxwMlEB_tln53Zg\">\u00a0programaci\u00f3<\/a><a href=\"https:\/\/centrofedericogarcialorca.us16.list-manage.com\/track\/click?u=0f8ec51d221413b68800960b2&amp;id=f258ac2fac&amp;e=76c53f9d5c\" target=\"_blank\" rel=\"noopener\" data-saferedirecturl=\"https:\/\/www.google.com\/url?q=https:\/\/centrofedericogarcialorca.us16.list-manage.com\/track\/click?u%3D0f8ec51d221413b68800960b2%26id%3Df258ac2fac%26e%3D76c53f9d5c&amp;source=gmail&amp;ust=1537437529164000&amp;usg=AFQjCNGv5lb7bFv-7LtNklOKbRYHb3uipQ\">n<\/a>\u00a0completa<\/p>\n<p><strong>PRECIOS Y VENTA DE ENTRADAS<\/strong><\/p>\n<p><strong>Venta de entradas:<\/strong>\u00a0Internet en<a href=\"https:\/\/centrofedericogarcialorca.us16.list-manage.com\/track\/click?u=0f8ec51d221413b68800960b2&amp;id=df0aa0e553&amp;e=76c53f9d5c\" target=\"_blank\" rel=\"noopener\" data-saferedirecturl=\"https:\/\/www.google.com\/url?q=https:\/\/centrofedericogarcialorca.us16.list-manage.com\/track\/click?u%3D0f8ec51d221413b68800960b2%26id%3Ddf0aa0e553%26e%3D76c53f9d5c&amp;source=gmail&amp;ust=1537437529164000&amp;usg=AFQjCNFDE7hQJOLnjGMmlu9By7M3FMmxSQ\">\u00a0Redentradas.com<\/a>\u00a0\/\/ Tel\u00e9fono: 958 10 81 81 \/\/ Taquilla del Teatro Isabel la Cat\u00f3lica, Kiosko Redentradas (Acera del Casino) y desde una hora antes del comienzo del espect\u00e1culo, si quedaran, en el Centro Federico Garc\u00eda Lorca \/\/<\/p>\n<p><strong>Precios:<\/strong>\u00a0Adultos 13 euros \/\/ menores de 14 a\u00f1os: 8 euros \/\/ Estudiantes, jubilados y parados: 11 euros \/\/\u00a0\u00a0Abono de 8 espect\u00e1culos: 80 euros \/\/ Abono de 4 espect\u00e1culos: 40 euros.\u00a0Queda fuera de abono el espect\u00e1culo\u00a0<em>Cosas que se olvidan f\u00e1cilmente,\u00a0<\/em>debido a su aforo reducido \/\/<\/p>\n<p>&nbsp;<\/p>\n<p>&nbsp;<\/p>\n<p>&nbsp;<\/p>\n<h2><\/h2>\n","protected":false},"excerpt":{"rendered":"<p>SE CELEBRA EN EL Centro Federico Garc\u00eda Lorca \u00a0\/\u00a0 Del 28 de\u00a0septiembre al 7 de&#8230;<\/p>\n","protected":false},"author":1,"featured_media":25719,"comment_status":"closed","ping_status":"closed","sticky":false,"template":"","format":"standard","meta":{"_coblocks_attr":"","_coblocks_dimensions":"","_coblocks_responsive_height":"","_coblocks_accordion_ie_support":"","jetpack_post_was_ever_published":false,"_jetpack_newsletter_access":"","_jetpack_dont_email_post_to_subs":false,"_jetpack_newsletter_tier_id":0,"_jetpack_memberships_contains_paywalled_content":false,"_jetpack_memberships_contains_paid_content":false,"footnotes":"","jetpack_publicize_message":"","jetpack_publicize_feature_enabled":true,"jetpack_social_post_already_shared":false,"jetpack_social_options":{"image_generator_settings":{"template":"highway","default_image_id":0,"enabled":false},"version":2}},"categories":[12,1161,44,15],"tags":[5294,129,5293],"class_list":["post-25718","post","type-post","status-publish","format-standard","has-post-thumbnail","hentry","category-cultura","category-ciudadania","category-noticias-de-hoy","category-ultimas-noticias","tag-cento-lorca","tag-granada","tag-titeres"],"jetpack_publicize_connections":[],"jetpack_featured_media_url":"https:\/\/i0.wp.com\/miradordeatarfe.es\/wp-content\/uploads\/2018\/09\/unnamed.jpg?fit=900%2C550&ssl=1","jetpack_likes_enabled":true,"jetpack_sharing_enabled":true,"_links":{"self":[{"href":"https:\/\/miradordeatarfe.es\/index.php?rest_route=\/wp\/v2\/posts\/25718","targetHints":{"allow":["GET"]}}],"collection":[{"href":"https:\/\/miradordeatarfe.es\/index.php?rest_route=\/wp\/v2\/posts"}],"about":[{"href":"https:\/\/miradordeatarfe.es\/index.php?rest_route=\/wp\/v2\/types\/post"}],"author":[{"embeddable":true,"href":"https:\/\/miradordeatarfe.es\/index.php?rest_route=\/wp\/v2\/users\/1"}],"replies":[{"embeddable":true,"href":"https:\/\/miradordeatarfe.es\/index.php?rest_route=%2Fwp%2Fv2%2Fcomments&post=25718"}],"version-history":[{"count":2,"href":"https:\/\/miradordeatarfe.es\/index.php?rest_route=\/wp\/v2\/posts\/25718\/revisions"}],"predecessor-version":[{"id":25721,"href":"https:\/\/miradordeatarfe.es\/index.php?rest_route=\/wp\/v2\/posts\/25718\/revisions\/25721"}],"wp:featuredmedia":[{"embeddable":true,"href":"https:\/\/miradordeatarfe.es\/index.php?rest_route=\/wp\/v2\/media\/25719"}],"wp:attachment":[{"href":"https:\/\/miradordeatarfe.es\/index.php?rest_route=%2Fwp%2Fv2%2Fmedia&parent=25718"}],"wp:term":[{"taxonomy":"category","embeddable":true,"href":"https:\/\/miradordeatarfe.es\/index.php?rest_route=%2Fwp%2Fv2%2Fcategories&post=25718"},{"taxonomy":"post_tag","embeddable":true,"href":"https:\/\/miradordeatarfe.es\/index.php?rest_route=%2Fwp%2Fv2%2Ftags&post=25718"}],"curies":[{"name":"wp","href":"https:\/\/api.w.org\/{rel}","templated":true}]}}