{"id":25748,"date":"2018-09-26T08:29:45","date_gmt":"2018-09-26T06:29:45","guid":{"rendered":"http:\/\/miradordeatarfe.es\/?p=25748"},"modified":"2018-09-23T13:48:13","modified_gmt":"2018-09-23T11:48:13","slug":"no-me-interesa-el-sexo-y-que","status":"publish","type":"post","link":"https:\/\/miradordeatarfe.es\/?p=25748","title":{"rendered":"No me interesa el sexo, \u00bfy qu\u00e9?"},"content":{"rendered":"<div id=\"articulo-introduccion\" class=\"articulo-introduccion\">\n<p style=\"text-align: justify;\">Los asexuales no se sienten atra\u00eddos f\u00edsicamente por otras personas. Lo defienden como una elecci\u00f3n m\u00e1s, y piden respeto<\/p>\n<\/div>\n<p style=\"text-align: justify;\"><!--more--><\/p>\n<aside class=\"compartir\">\n<div class=\"compartir__interior\">\n<div class=\"compartir-social\">EN EL LIBRO\u00a0<a href=\"http:\/\/revistadeletras.net\/mi-ultimo-suspiro-las-memorias-de-luis-bunuel\/\"><em>Mi \u00faltimo suspiro<\/em>, Luis Bu\u00f1uel<\/a> confesaba: \u00abDesde los 14 a\u00f1os hasta estos \u00faltimos tiempos, el deseo sexual no me ha abandonado jam\u00e1s. Un deseo poderoso, cotidiano, m\u00e1s exigente incluso que el hambre, m\u00e1s dif\u00edcil a menudo de satisfacer\u00bb. Y explicaba que, con la vejez, \u00abapreciaba como una liberaci\u00f3n la desaparici\u00f3n del deseo sexual y de todos los dem\u00e1s deseos\u00bb.<\/div>\n<\/div>\n<\/aside>\n<div id=\"articulo_contenedor\" class=\"articulo__contenedor\">\n<div id=\"cuerpo_noticia\" class=\"articulo-cuerpo\">\n<p style=\"text-align: justify;\">Con mayor o menor magnitud, la c\u00e1rcel del deseo de la que habla Bu\u00f1uel condiciona la vida de la mayor\u00eda de los seres humanos, sobre todo en estos tiempos de hipersexualizaci\u00f3n social. Hay un grupo de personas, sin embargo, que se definen a s\u00ed mismas como asexuales. Cada una lo es a su manera, pero comparten un rasgo determinante: no sienten una atracci\u00f3n sexual convencional hacia otras personas.<\/p>\n<p style=\"text-align: justify;\">En 2001, el estadounidense David Jay, que entonces ten\u00eda diecinueve a\u00f1os, fund\u00f3 la red <a href=\"http:\/\/yonah.org\/channel\/david-jay-aven-asexuality+\">AVEN (Asexual Visibility and Education Network)<\/a> con el prop\u00f3sito de reunir en ella a las personas asexuales y reivindicar su visibilidad. El tri\u00e1ngulo AVEN muestra visualmente el espectro de la asexualidad: la l\u00ednea superior representa la <a href=\"https:\/\/es.wikipedia.org\/wiki\/Escala_de_Kinsey\">escala sexual de Kinsey<\/a>, desde la homosexualidad pura hasta la heterosexualidad pura. En la verticalidad del tri\u00e1ngulo, que va pasando del blanco al negro atravesando toda la escala de grises, se muestra <a href=\"https:\/\/elpais.com\/elpais\/2018\/07\/06\/album\/1530879339_466595.html\" target=\"_blank\" rel=\"noopener\">la intensidad, la frecuencia y las caracter\u00edsticas del deseo sexual<\/a>. Cuanto m\u00e1s abajo, menos pulsi\u00f3n er\u00f3tica existe. El v\u00e9rtice inferior del tri\u00e1ngulo lo ocupan los asexuales puros.<\/p>\n<p style=\"text-align: justify;\">Andrea vive en Madrid y tiene diecinueve a\u00f1os. Es gris-bisexual, lo que quiere decir que puede llegar a sentir excitaci\u00f3n en momentos muy concretos y bajo determinadas circunstancias, pero que el sexo no es para ella el sustento de una relaci\u00f3n ni algo interesante en s\u00ed mismo. Su primera pareja fue un chico demisexual. Los demisexuales s\u00f3lo sienten atracci\u00f3n hacia aquellas personas con las que tienen una conexi\u00f3n emocional muy fuerte, no pueden separar el sexo del amor rom\u00e1ntico. El segundo novio de Andrea era un chico de sexualidad convencional (un alosexual, en su terminolog\u00eda), y despu\u00e9s de una primera etapa de normalidad la relaci\u00f3n fracas\u00f3: \u201cNo me sent\u00eda c\u00f3moda teniendo el sexo tan presente. Era como ver comer a alguien cincuenta hamburguesas seguidas cuando t\u00fa con una te sacias\u201d.<\/p>\n<p style=\"text-align: justify;\">La b\u00fasqueda de un entorno social propicio y ben\u00e9volo en el que poder comportarse con naturalidad y tener relaciones de todo tipo es la mayor dificultad de los asexuales. Avigail\u2019e tiene 25 a\u00f1os y naci\u00f3 hombre en Colombia, aunque ha renunciado a su identidad masculina y se considera de g\u00e9nero neutro. \u00abEn la secundaria casi todos mis compa\u00f1eros de clase pensaban en el sexo todo el tiempo, se la pasaban viendo pelis porno y masturb\u00e1ndose incluso en plena clase. Miraban con morbo a las chicas, y si notaban en ti cierta indiferencia a todo eso, te tachaban de homosexual y te bulleaban\u00bb. Para \u00e9l los a\u00f1os de la adolescencia fueron muy duros, hasta que descubri\u00f3 que hab\u00eda en el mundo gente con su misma orientaci\u00f3n: \u201cEl a\u00f1o pasado decid\u00ed cortar todo lazo rom\u00e1ntico con alosexuales y hasta me jur\u00e9 a m\u00ed mismo que nunca volver\u00eda a estar en una relaci\u00f3n as\u00ed de desequilibrada\u201d.<\/p>\n<p style=\"text-align: justify;\">Los asexuales no quieren que se les confunda con los c\u00e9libes o con los que dejan de practicar sexo por razones morales; no quieren que se les atribuyan problemas hormonales o falta de libido; y no quieren que se sospeche que tienen miedo u odio al sexo. Piden simplemente que su comportamiento sea considerado una orientaci\u00f3n sexual m\u00e1s. Ni Andrea ni Avigail\u2019e creen que su vida sea menos plena o satisfactoria por no tener ese instinto er\u00f3tico casi depredador que tienen la mayor\u00eda de personas en la juventud. \u00abSi existe el sexo sin amor, \u00bfpor qu\u00e9 no puede existir el amor sin sexo?\u00bb, se pregunta Avigail\u2019e, que ha conocido a trav\u00e9s de Internet a una mujer paraguaya con la que planea compartir el futuro.<\/p>\n<p style=\"text-align: justify;\">\u00abNada es blanco o negro\u00bb, dice Andrea, que tiene ahora una relaci\u00f3n con una persona trans y asexual. \u00abPara algunos de nosotros, una simple caricia o un abrazo pueden ser considerados como trato er\u00f3tico. Para otros, un beso. Y para otros, la genitalidad y el coito. No hay por qu\u00e9 hacer clasificaciones tajantes. S\u00f3lo reclamamos que se respete a cada uno en su singularidad y que no se crea que somos bichos raros\u00bb.<\/p>\n<p><a href=\"https:\/\/elpais.com\/elpais\/2018\/08\/01\/eps\/1533131110_417201.html?rel=str_articulo#1537358923219\">https:\/\/elpais.com\/elpais\/2018\/08\/01\/eps\/1533131110_417201.html?rel=str_articulo#1537358923219<\/a><\/p>\n<\/div>\n<\/div>\n","protected":false},"excerpt":{"rendered":"<p>Los asexuales no se sienten atra\u00eddos f\u00edsicamente por otras personas. Lo defienden como una elecci\u00f3n&#8230;<\/p>\n","protected":false},"author":1,"featured_media":25749,"comment_status":"closed","ping_status":"closed","sticky":false,"template":"","format":"standard","meta":{"_coblocks_attr":"","_coblocks_dimensions":"","_coblocks_responsive_height":"","_coblocks_accordion_ie_support":"","jetpack_post_was_ever_published":false,"_jetpack_newsletter_access":"","_jetpack_dont_email_post_to_subs":false,"_jetpack_newsletter_tier_id":0,"_jetpack_memberships_contains_paywalled_content":false,"_jetpack_memberships_contains_paid_content":false,"footnotes":"","jetpack_publicize_message":"","jetpack_publicize_feature_enabled":true,"jetpack_social_post_already_shared":false,"jetpack_social_options":{"image_generator_settings":{"template":"highway","default_image_id":0,"enabled":false},"version":2}},"categories":[1161,9,44,15,10],"tags":[5296,5297],"class_list":["post-25748","post","type-post","status-publish","format-standard","has-post-thumbnail","hentry","category-ciudadania","category-medio-ambiente","category-noticias-de-hoy","category-ultimas-noticias","category-salud","tag-asexual","tag-vida-sexiual"],"jetpack_publicize_connections":[],"jetpack_featured_media_url":"https:\/\/i0.wp.com\/miradordeatarfe.es\/wp-content\/uploads\/2018\/09\/1533131110_417201_1533144920_noticia_normal_recorte1.jpg?fit=1960%2C1202&ssl=1","jetpack_likes_enabled":true,"jetpack_sharing_enabled":true,"_links":{"self":[{"href":"https:\/\/miradordeatarfe.es\/index.php?rest_route=\/wp\/v2\/posts\/25748","targetHints":{"allow":["GET"]}}],"collection":[{"href":"https:\/\/miradordeatarfe.es\/index.php?rest_route=\/wp\/v2\/posts"}],"about":[{"href":"https:\/\/miradordeatarfe.es\/index.php?rest_route=\/wp\/v2\/types\/post"}],"author":[{"embeddable":true,"href":"https:\/\/miradordeatarfe.es\/index.php?rest_route=\/wp\/v2\/users\/1"}],"replies":[{"embeddable":true,"href":"https:\/\/miradordeatarfe.es\/index.php?rest_route=%2Fwp%2Fv2%2Fcomments&post=25748"}],"version-history":[{"count":1,"href":"https:\/\/miradordeatarfe.es\/index.php?rest_route=\/wp\/v2\/posts\/25748\/revisions"}],"predecessor-version":[{"id":25750,"href":"https:\/\/miradordeatarfe.es\/index.php?rest_route=\/wp\/v2\/posts\/25748\/revisions\/25750"}],"wp:featuredmedia":[{"embeddable":true,"href":"https:\/\/miradordeatarfe.es\/index.php?rest_route=\/wp\/v2\/media\/25749"}],"wp:attachment":[{"href":"https:\/\/miradordeatarfe.es\/index.php?rest_route=%2Fwp%2Fv2%2Fmedia&parent=25748"}],"wp:term":[{"taxonomy":"category","embeddable":true,"href":"https:\/\/miradordeatarfe.es\/index.php?rest_route=%2Fwp%2Fv2%2Fcategories&post=25748"},{"taxonomy":"post_tag","embeddable":true,"href":"https:\/\/miradordeatarfe.es\/index.php?rest_route=%2Fwp%2Fv2%2Ftags&post=25748"}],"curies":[{"name":"wp","href":"https:\/\/api.w.org\/{rel}","templated":true}]}}