{"id":25823,"date":"2018-10-13T11:30:24","date_gmt":"2018-10-13T09:30:24","guid":{"rendered":"http:\/\/miradordeatarfe.es\/?p=25823"},"modified":"2019-12-28T12:35:04","modified_gmt":"2019-12-28T11:35:04","slug":"la-linea-ferrea-de-atarfe-por-jose-enrique-granados","status":"publish","type":"post","link":"https:\/\/miradordeatarfe.es\/?p=25823","title":{"rendered":"\u00bb LA LINEA F\u00c9RREA DE ATARFE\u00bbpor Jos\u00e9 Enrique Granados"},"content":{"rendered":"<p style=\"text-align: justify;\">\u201cLa l\u00ednea f\u00e9rrea Granada-Campillos, cuya concesi\u00f3n fue otorgada a D. Jos\u00e9 de Salamanca en 1863 y posteriormente cedida a la Compa\u00f1\u00eda del Ferrocarril de C\u00f3rdoba a M\u00e1laga, comenz\u00f3 a funcionar a partir del a\u00f1o 1874, poniendo en contacto la ciudad y la vega granadina con la l\u00ednea C\u00f3rdoba-M\u00e1laga y a trav\u00e9s de ella con el conjunto del territorio nacional.<!--more--><\/p>\n<p style=\"text-align: justify;\">La l\u00ednea f\u00e9rrea Granada-Bobadilla, concretamente el tramo Granada-Atarfe-Pinos Puente, sirvi\u00f3 como eje articulador de una import<span class=\"text_exposed_show\">ante zona industrial en la que se establecieron numerosas f\u00e1bricas azucareras, alcoholeras y otras empresas que utilizaban este medio de transporte para la llegada de materias primas y para la expedici\u00f3n de sus productos elaborados\u201d. (Patrimonio Industrial en Granada, Rubio Gand\u00eda, Gim\u00e9nez Yanguas y Reyes Mesa, Granada 2003).<\/span><\/p>\n<div class=\"text_exposed_show\">\n<p style=\"text-align: justify;\">En la fotograf\u00eda estado actual de la l\u00ednea f\u00e9rrea junto al nuevo trazado de AVE, y la chimenea del aserradero de maderas de D. Diego Li\u00f1\u00e1n, el rey del Chopo, que contaba con m\u00e1quina de vapor como fuerza motriz. Su emplazamiento facilit\u00f3 la salida de los productos madereros (puntales para la construcci\u00f3n y envases para productos agrarios).<\/p>\n<p style=\"text-align: justify;\">Curiosidades elvirenses.<\/p>\n<\/div>\n","protected":false},"excerpt":{"rendered":"<p>\u201cLa l\u00ednea f\u00e9rrea Granada-Campillos, cuya concesi\u00f3n fue otorgada a D. Jos\u00e9 de Salamanca en 1863&#8230;<\/p>\n","protected":false},"author":1,"featured_media":25824,"comment_status":"closed","ping_status":"closed","sticky":false,"template":"","format":"standard","meta":{"_coblocks_attr":"","_coblocks_dimensions":"","_coblocks_responsive_height":"","_coblocks_accordion_ie_support":"","jetpack_post_was_ever_published":false,"_jetpack_newsletter_access":"","_jetpack_dont_email_post_to_subs":false,"_jetpack_newsletter_tier_id":0,"_jetpack_memberships_contains_paywalled_content":false,"_jetpack_memberships_contains_paid_content":false,"footnotes":"","jetpack_publicize_message":"","jetpack_publicize_feature_enabled":true,"jetpack_social_post_already_shared":false,"jetpack_social_options":{"image_generator_settings":{"template":"highway","default_image_id":0,"enabled":false},"version":2}},"categories":[2,1225,186,38,44,15],"tags":[81,5303],"class_list":["post-25823","post","type-post","status-publish","format-standard","has-post-thumbnail","hentry","category-atarfe","category-ha-de-atarfe","category-instituciones","category-opinion-de-jose-enrique-granados","category-noticias-de-hoy","category-ultimas-noticias","tag-atarfe","tag-linea-de-tren"],"jetpack_publicize_connections":[],"jetpack_featured_media_url":"https:\/\/i0.wp.com\/miradordeatarfe.es\/wp-content\/uploads\/2018\/09\/40066116_1914456015307071_1219985310104944640_n.jpg?fit=960%2C571&ssl=1","jetpack_likes_enabled":true,"jetpack_sharing_enabled":true,"_links":{"self":[{"href":"https:\/\/miradordeatarfe.es\/index.php?rest_route=\/wp\/v2\/posts\/25823","targetHints":{"allow":["GET"]}}],"collection":[{"href":"https:\/\/miradordeatarfe.es\/index.php?rest_route=\/wp\/v2\/posts"}],"about":[{"href":"https:\/\/miradordeatarfe.es\/index.php?rest_route=\/wp\/v2\/types\/post"}],"author":[{"embeddable":true,"href":"https:\/\/miradordeatarfe.es\/index.php?rest_route=\/wp\/v2\/users\/1"}],"replies":[{"embeddable":true,"href":"https:\/\/miradordeatarfe.es\/index.php?rest_route=%2Fwp%2Fv2%2Fcomments&post=25823"}],"version-history":[{"count":2,"href":"https:\/\/miradordeatarfe.es\/index.php?rest_route=\/wp\/v2\/posts\/25823\/revisions"}],"predecessor-version":[{"id":36375,"href":"https:\/\/miradordeatarfe.es\/index.php?rest_route=\/wp\/v2\/posts\/25823\/revisions\/36375"}],"wp:featuredmedia":[{"embeddable":true,"href":"https:\/\/miradordeatarfe.es\/index.php?rest_route=\/wp\/v2\/media\/25824"}],"wp:attachment":[{"href":"https:\/\/miradordeatarfe.es\/index.php?rest_route=%2Fwp%2Fv2%2Fmedia&parent=25823"}],"wp:term":[{"taxonomy":"category","embeddable":true,"href":"https:\/\/miradordeatarfe.es\/index.php?rest_route=%2Fwp%2Fv2%2Fcategories&post=25823"},{"taxonomy":"post_tag","embeddable":true,"href":"https:\/\/miradordeatarfe.es\/index.php?rest_route=%2Fwp%2Fv2%2Ftags&post=25823"}],"curies":[{"name":"wp","href":"https:\/\/api.w.org\/{rel}","templated":true}]}}