{"id":25917,"date":"2018-09-25T11:00:44","date_gmt":"2018-09-25T09:00:44","guid":{"rendered":"http:\/\/miradordeatarfe.es\/?p=25917"},"modified":"2018-09-25T09:42:48","modified_gmt":"2018-09-25T07:42:48","slug":"atarfe-celebra-la-marcha-saludable-con-el-reto-de-lograr-un-millon-de-pasos","status":"publish","type":"post","link":"https:\/\/miradordeatarfe.es\/?p=25917","title":{"rendered":"Atarfe celebra la marcha saludable con el reto de lograr &#8216;un mill\u00f3n de pasos&#8217;DEPORTE"},"content":{"rendered":"<p style=\"text-align: justify;\">El <strong>s\u00e1bado 29 de septiembre se celebra la III Marcha Saludable<\/strong> que recorrer\u00e1 las principales calles del municipio para reducir al m\u00ednimo los factores de riesgo de las enfermedades cardiovasculares.<!--more--><\/p>\n<p style=\"text-align: justify;\">Esta actividad que organiza el Ayuntamiento y la empresa municipal Acidesa, en colaboraci\u00f3n con el Club de Senderismo El Castillejo y el de Atletismo y Monta\u00f1a de Atarfe, se celebra con motivo del D\u00eda Mundial del Coraz\u00f3n y pretende concienciar sobre la necesidad de adoptar h\u00e1bitos saludables para prevenir enfermedades cardiovasculares. Este a\u00f1o el Ayuntamiento se ha marcado como reto conseguir un mill\u00f3n de pasos entre los participantes.<\/p>\n<p style=\"text-align: justify;\"><strong>Para participar es necesario inscribirse en el Centro Cultural Medina Elvira o en la piscina municipal<\/strong>. <strong>Se saldr\u00e1 a las 09:30 horas de la Plaza de Toros<\/strong> y se har\u00e1 un recorrido de dos horas. Una vez finalizada la marcha se ofrecer\u00e1 un desayuno saludable.<\/p>\n<p style=\"text-align: justify;\">Todo ello se enmarca a su vez dentro del programa de actividades<strong> &#8217;12 meses para cuidarse&#8217;<\/strong> que el Ayuntamiento de Atarfe ha puesto en marcha a lo largo del a\u00f1o.<\/p>\n<p style=\"text-align: justify;\">Tambi\u00e9n est\u00e1 prevista pr\u00f3ximamente una charla sobre consulta de h\u00e1bitos saludables a cargo de la doctora Mar\u00eda Jes\u00fas Hern\u00e1ndez Caballero, que abordar\u00e1 el problema de la obesidad.<\/p>\n<p style=\"text-align: justify;\">El Ayuntamiento de Atarfe quiere destacar la importante labor social y de prevenci\u00f3n de enfermedades que se lleva a cabo desde Acidesa, y los numerosos clubes deportivos (f\u00fatbol, baloncesto, atletismo de pista y de monta\u00f1a, voleibol, gimnasia r\u00edtmica, ciclismo y senderismo), y gimnasios del municipio.<\/p>\n<p><a href=\"https:\/\/i0.wp.com\/miradordeatarfe.es\/wp-content\/uploads\/2018\/09\/img7.jpg?ssl=1\"><img data-recalc-dims=\"1\" loading=\"lazy\" decoding=\"async\" class=\"alignnone size-full wp-image-25918\" src=\"https:\/\/i0.wp.com\/miradordeatarfe.es\/wp-content\/uploads\/2018\/09\/img7.jpg?resize=640%2C452&#038;ssl=1\" alt=\"\" width=\"640\" height=\"452\" srcset=\"https:\/\/i0.wp.com\/miradordeatarfe.es\/wp-content\/uploads\/2018\/09\/img7.jpg?w=1600&amp;ssl=1 1600w, https:\/\/i0.wp.com\/miradordeatarfe.es\/wp-content\/uploads\/2018\/09\/img7.jpg?resize=300%2C212&amp;ssl=1 300w, https:\/\/i0.wp.com\/miradordeatarfe.es\/wp-content\/uploads\/2018\/09\/img7.jpg?resize=768%2C543&amp;ssl=1 768w, https:\/\/i0.wp.com\/miradordeatarfe.es\/wp-content\/uploads\/2018\/09\/img7.jpg?resize=1024%2C724&amp;ssl=1 1024w, https:\/\/i0.wp.com\/miradordeatarfe.es\/wp-content\/uploads\/2018\/09\/img7.jpg?resize=600%2C424&amp;ssl=1 600w, https:\/\/i0.wp.com\/miradordeatarfe.es\/wp-content\/uploads\/2018\/09\/img7.jpg?w=1280&amp;ssl=1 1280w\" sizes=\"auto, (max-width: 640px) 100vw, 640px\" \/><\/a> <a href=\"https:\/\/i0.wp.com\/miradordeatarfe.es\/wp-content\/uploads\/2018\/09\/img10.jpg?ssl=1\"><img data-recalc-dims=\"1\" loading=\"lazy\" decoding=\"async\" class=\"alignnone size-full wp-image-25919\" src=\"https:\/\/i0.wp.com\/miradordeatarfe.es\/wp-content\/uploads\/2018\/09\/img10.jpg?resize=640%2C452&#038;ssl=1\" alt=\"\" width=\"640\" height=\"452\" srcset=\"https:\/\/i0.wp.com\/miradordeatarfe.es\/wp-content\/uploads\/2018\/09\/img10.jpg?w=1600&amp;ssl=1 1600w, https:\/\/i0.wp.com\/miradordeatarfe.es\/wp-content\/uploads\/2018\/09\/img10.jpg?resize=300%2C212&amp;ssl=1 300w, https:\/\/i0.wp.com\/miradordeatarfe.es\/wp-content\/uploads\/2018\/09\/img10.jpg?resize=768%2C543&amp;ssl=1 768w, https:\/\/i0.wp.com\/miradordeatarfe.es\/wp-content\/uploads\/2018\/09\/img10.jpg?resize=1024%2C724&amp;ssl=1 1024w, https:\/\/i0.wp.com\/miradordeatarfe.es\/wp-content\/uploads\/2018\/09\/img10.jpg?resize=600%2C424&amp;ssl=1 600w, https:\/\/i0.wp.com\/miradordeatarfe.es\/wp-content\/uploads\/2018\/09\/img10.jpg?w=1280&amp;ssl=1 1280w\" sizes=\"auto, (max-width: 640px) 100vw, 640px\" \/><\/a><\/p>\n","protected":false},"excerpt":{"rendered":"<p>El s\u00e1bado 29 de septiembre se celebra la III Marcha Saludable que recorrer\u00e1 las principales&#8230;<\/p>\n","protected":false},"author":1,"featured_media":0,"comment_status":"closed","ping_status":"closed","sticky":false,"template":"","format":"standard","meta":{"_coblocks_attr":"","_coblocks_dimensions":"","_coblocks_responsive_height":"","_coblocks_accordion_ie_support":"","jetpack_post_was_ever_published":false,"_jetpack_newsletter_access":"","_jetpack_dont_email_post_to_subs":false,"_jetpack_newsletter_tier_id":0,"_jetpack_memberships_contains_paywalled_content":false,"_jetpack_memberships_contains_paid_content":false,"footnotes":"","jetpack_publicize_message":"","jetpack_publicize_feature_enabled":true,"jetpack_social_post_already_shared":false,"jetpack_social_options":{"image_generator_settings":{"template":"highway","default_image_id":0,"enabled":false},"version":2}},"categories":[2,1161,182,44,15,10],"tags":[81,5319,123,5320],"class_list":["post-25917","post","type-post","status-publish","format-standard","hentry","category-atarfe","category-ciudadania","category-deportes","category-noticias-de-hoy","category-ultimas-noticias","category-salud","tag-atarfe","tag-atarfe-saludable","tag-deportes","tag-millon-de-pasos"],"jetpack_publicize_connections":[],"jetpack_featured_media_url":"","jetpack_likes_enabled":true,"jetpack_sharing_enabled":true,"_links":{"self":[{"href":"https:\/\/miradordeatarfe.es\/index.php?rest_route=\/wp\/v2\/posts\/25917","targetHints":{"allow":["GET"]}}],"collection":[{"href":"https:\/\/miradordeatarfe.es\/index.php?rest_route=\/wp\/v2\/posts"}],"about":[{"href":"https:\/\/miradordeatarfe.es\/index.php?rest_route=\/wp\/v2\/types\/post"}],"author":[{"embeddable":true,"href":"https:\/\/miradordeatarfe.es\/index.php?rest_route=\/wp\/v2\/users\/1"}],"replies":[{"embeddable":true,"href":"https:\/\/miradordeatarfe.es\/index.php?rest_route=%2Fwp%2Fv2%2Fcomments&post=25917"}],"version-history":[{"count":2,"href":"https:\/\/miradordeatarfe.es\/index.php?rest_route=\/wp\/v2\/posts\/25917\/revisions"}],"predecessor-version":[{"id":25921,"href":"https:\/\/miradordeatarfe.es\/index.php?rest_route=\/wp\/v2\/posts\/25917\/revisions\/25921"}],"wp:attachment":[{"href":"https:\/\/miradordeatarfe.es\/index.php?rest_route=%2Fwp%2Fv2%2Fmedia&parent=25917"}],"wp:term":[{"taxonomy":"category","embeddable":true,"href":"https:\/\/miradordeatarfe.es\/index.php?rest_route=%2Fwp%2Fv2%2Fcategories&post=25917"},{"taxonomy":"post_tag","embeddable":true,"href":"https:\/\/miradordeatarfe.es\/index.php?rest_route=%2Fwp%2Fv2%2Ftags&post=25917"}],"curies":[{"name":"wp","href":"https:\/\/api.w.org\/{rel}","templated":true}]}}