{"id":25954,"date":"2018-10-01T09:50:51","date_gmt":"2018-10-01T07:50:51","guid":{"rendered":"http:\/\/miradordeatarfe.es\/?p=25954"},"modified":"2018-09-29T10:42:18","modified_gmt":"2018-09-29T08:42:18","slug":"sera-este-otono-2018-tan-calido-como-el-del-ano-pasado","status":"publish","type":"post","link":"https:\/\/miradordeatarfe.es\/?p=25954","title":{"rendered":"\u00bfSer\u00e1 este oto\u00f1o 2018 tan c\u00e1lido como el del a\u00f1o pasado?"},"content":{"rendered":"<div class=\"m_news_new_content\">\n<nav class=\"nav-paginador\" role=\"navigation\">Este oto\u00f1o podr\u00eda ser ligeramente m\u00e1s lluvioso de lo normal en zonas del norte e interior nordeste peninsular.Las temperaturas podr\u00edan ser algo m\u00e1s fr\u00edas en el extremo sur y suroeste peninsular, as\u00ed como en Canarias. En cambio, en el extremo nordeste podr\u00eda ser m\u00e1s c\u00e1lida y suave esta estaci\u00f3n<strong>.<\/strong><\/nav>\n<\/div>\n<p><!--more--><\/p>\n<p>El <strong>oto\u00f1o climatol\u00f3gico comienza este 1 de septiembre<\/strong> \u2013 el astron\u00f3mico lo hizo el pasado d\u00eda 23- y como siempre desde <a href=\"http:\/\/www.eltiempo.es\/\">eltiempo.es<\/a> os traemos la previsi\u00f3n para estos meses oto\u00f1ales. \u00bfTendremos m\u00e1s lluvia de lo normal? \u00bfser\u00e1 una estaci\u00f3n c\u00e1lida o m\u00e1s fr\u00eda de lo normal?<\/p>\n<h3><strong>\u00bfQu\u00e9 es lo normal en oto\u00f1o?<\/strong><\/h3>\n<p>Antes de ver que nos espera en esta estaci\u00f3n es importante saber que es lo habitual ya que hablaremos de valores por encima o debajo de la media. Durante el oto\u00f1o climatol\u00f3gico (los meses de septiembre, octubre y noviembre) la\u00a0temperatura media suele ser de\u00a0<strong>15.9\u00baC\u00a0y las precipitaciones medias suelen ser de 195mm.<\/strong><\/p>\n<p><a href=\"https:\/\/i0.wp.com\/miradordeatarfe.es\/wp-content\/uploads\/2018\/09\/SINCONFIRMAR_normal_oto%C3%B1o.png?ssl=1\"><img data-recalc-dims=\"1\" loading=\"lazy\" decoding=\"async\" class=\"alignnone size-full wp-image-25955\" src=\"https:\/\/i0.wp.com\/miradordeatarfe.es\/wp-content\/uploads\/2018\/09\/SINCONFIRMAR_normal_oto%C3%B1o.png?resize=640%2C360&#038;ssl=1\" alt=\"\" width=\"640\" height=\"360\" srcset=\"https:\/\/i0.wp.com\/miradordeatarfe.es\/wp-content\/uploads\/2018\/09\/SINCONFIRMAR_normal_oto%C3%B1o.png?w=765&amp;ssl=1 765w, https:\/\/i0.wp.com\/miradordeatarfe.es\/wp-content\/uploads\/2018\/09\/SINCONFIRMAR_normal_oto%C3%B1o.png?resize=300%2C169&amp;ssl=1 300w, https:\/\/i0.wp.com\/miradordeatarfe.es\/wp-content\/uploads\/2018\/09\/SINCONFIRMAR_normal_oto%C3%B1o.png?resize=600%2C337&amp;ssl=1 600w\" sizes=\"auto, (max-width: 640px) 100vw, 640px\" \/><\/a><\/p>\n<p>El mes m\u00e1s c\u00e1lido es septiembre y el <strong>m\u00e1s lluvioso noviembre<\/strong>. Las\u00a0temperaturas medias m\u00e1s c\u00e1lidas\u00a0se suelen registran en Canarias, litoral Mediterr\u00e1neo y suroeste de Andaluc\u00eda.<\/p>\n<p>En en el este peninsular, Baleares, Comunidad de Madrid y puntos de Castilla y Le\u00f3n es la estaci\u00f3n m\u00e1s lluviosa del a\u00f1o.<\/p>\n<p>&nbsp;<\/p>\n<p><a href=\"https:\/\/i0.wp.com\/miradordeatarfe.es\/wp-content\/uploads\/2018\/09\/SINCONFIRMAR_zonas_lluviosas_oto%C3%B1o.png?ssl=1\"><img data-recalc-dims=\"1\" loading=\"lazy\" decoding=\"async\" class=\"alignnone size-full wp-image-25957\" src=\"https:\/\/i0.wp.com\/miradordeatarfe.es\/wp-content\/uploads\/2018\/09\/SINCONFIRMAR_zonas_lluviosas_oto%C3%B1o.png?resize=640%2C360&#038;ssl=1\" alt=\"\" width=\"640\" height=\"360\" srcset=\"https:\/\/i0.wp.com\/miradordeatarfe.es\/wp-content\/uploads\/2018\/09\/SINCONFIRMAR_zonas_lluviosas_oto%C3%B1o.png?w=765&amp;ssl=1 765w, https:\/\/i0.wp.com\/miradordeatarfe.es\/wp-content\/uploads\/2018\/09\/SINCONFIRMAR_zonas_lluviosas_oto%C3%B1o.png?resize=300%2C169&amp;ssl=1 300w, https:\/\/i0.wp.com\/miradordeatarfe.es\/wp-content\/uploads\/2018\/09\/SINCONFIRMAR_zonas_lluviosas_oto%C3%B1o.png?resize=600%2C337&amp;ssl=1 600w\" sizes=\"auto, (max-width: 640px) 100vw, 640px\" \/><\/a><\/p>\n<p>El <strong>a\u00f1o pasado tuvimos un oto\u00f1o especialmente c\u00e1lido,<\/strong> el sexto m\u00e1s caluroso de este siglo. Adem\u00e1s, fue muy seco y es que las precipitaciones se quedaron un 59% por debajo de lo normal. Fue el oto\u00f1o <strong>m\u00e1s seco del siglo XXI.<\/strong><\/p>\n<h3><strong>Oto\u00f1o algo m\u00e1s lluvioso en el norte<\/strong><\/h3>\n<p>Aunque las probabilidades est\u00e1n muy ajustadas, hay una <strong>ligera tendencia a tener algo m\u00e1s de precipitaci\u00f3n por encima de la media en el norte e interior nordeste peninsular.<\/strong> Esta probabilidad esta entre el 50 y 60% y entre un 30 y 40% podr\u00eda darse un oto\u00f1o normal en lluvias en esa zona.<\/p>\n<p><a href=\"https:\/\/i0.wp.com\/miradordeatarfe.es\/wp-content\/uploads\/2018\/09\/oto%C3%B1o_precipitacion.png?ssl=1\"><img data-recalc-dims=\"1\" loading=\"lazy\" decoding=\"async\" class=\"alignnone size-full wp-image-25956\" src=\"https:\/\/i0.wp.com\/miradordeatarfe.es\/wp-content\/uploads\/2018\/09\/oto%C3%B1o_precipitacion.png?resize=640%2C360&#038;ssl=1\" alt=\"\" width=\"640\" height=\"360\" srcset=\"https:\/\/i0.wp.com\/miradordeatarfe.es\/wp-content\/uploads\/2018\/09\/oto%C3%B1o_precipitacion.png?w=765&amp;ssl=1 765w, https:\/\/i0.wp.com\/miradordeatarfe.es\/wp-content\/uploads\/2018\/09\/oto%C3%B1o_precipitacion.png?resize=300%2C169&amp;ssl=1 300w, https:\/\/i0.wp.com\/miradordeatarfe.es\/wp-content\/uploads\/2018\/09\/oto%C3%B1o_precipitacion.png?resize=600%2C337&amp;ssl=1 600w\" sizes=\"auto, (max-width: 640px) 100vw, 640px\" \/><\/a><\/p>\n<h3><strong>Con menor probabilidad de lluvias torrenciales en el Mediterr\u00e1neo<\/strong><\/h3>\n<p>La zona del Mediterr\u00e1neo presentar\u00eda, <strong>en principio un oto\u00f1o normal.<\/strong> Con el Mediterr\u00e1neo con una temperatura dentro de lo habitual la probabilidad de tener fuertes lluvias torrenciales en la zona disminuye.<\/p>\n<h3><strong>Con aguas en el atl\u00e1ntico m\u00e1s fr\u00edas \u2026<\/strong><\/h3>\n<p>En la zona del Atl\u00e1ntico tropical las aguas se prev\u00e9n m\u00e1s fr\u00edas de lo normal algo que afectar\u00e1 a la zona de Canarias, con un <strong>oc\u00e9ano m\u00e1s frio de lo normal<\/strong> y unas temperaturas que en las islas pueden estar ligeramente por debajo de la media. Del mismo modo <strong>el sur de la Pen\u00ednsula podr\u00eda experimentar un oto\u00f1o ligeramente m\u00e1s fr\u00edo<\/strong> de lo normal. En cambio, la costa del nordeste y norte de Baleares podr\u00eda tener temperaturas por encima de la media.<\/p>\n<p><a href=\"https:\/\/i0.wp.com\/miradordeatarfe.es\/wp-content\/uploads\/2018\/09\/oto%C3%B1o_temperatura.png?ssl=1\"><img data-recalc-dims=\"1\" loading=\"lazy\" decoding=\"async\" class=\"alignnone size-full wp-image-25958\" src=\"https:\/\/i0.wp.com\/miradordeatarfe.es\/wp-content\/uploads\/2018\/09\/oto%C3%B1o_temperatura.png?resize=640%2C360&#038;ssl=1\" alt=\"\" width=\"640\" height=\"360\" srcset=\"https:\/\/i0.wp.com\/miradordeatarfe.es\/wp-content\/uploads\/2018\/09\/oto%C3%B1o_temperatura.png?w=765&amp;ssl=1 765w, https:\/\/i0.wp.com\/miradordeatarfe.es\/wp-content\/uploads\/2018\/09\/oto%C3%B1o_temperatura.png?resize=300%2C169&amp;ssl=1 300w, https:\/\/i0.wp.com\/miradordeatarfe.es\/wp-content\/uploads\/2018\/09\/oto%C3%B1o_temperatura.png?resize=600%2C337&amp;ssl=1 600w\" sizes=\"auto, (max-width: 640px) 100vw, 640px\" \/><\/a><\/p>\n<h3><strong>Alta probabilidad de El Ni\u00f1o entre oto\u00f1o e invierno<\/strong><\/h3>\n<p>Existe ~60% de probabilidad de desarrollarse el fen\u00f3meno de El Ni\u00f1o durante el oto\u00f1o 2018 del hemisferio norte (septiembre \u2013noviembre), aumentando a ~70% durante el invierno 2018-19. Aunque su influencia directa en Europa no esta tan estudiada como en otras regiones del mundo, si existe una cierta relaci\u00f3n que muestra el Metoffice para Europa durante estos meses, con una <strong>tendencia algo m\u00e1s lluviosa y m\u00e1s c\u00e1lida de lo normal.<\/strong><\/p>\n<p>https:\/\/noticias.eltiempo.es\/sera-este-otono-2018-tan-calido-como-el-del-ano-pasado\/<\/p>\n<p>FOTO PORTADA: <span class=\"irc_su\" dir=\"ltr\">Foto Mafueri CC<\/span><\/p>\n","protected":false},"excerpt":{"rendered":"<p>Este oto\u00f1o podr\u00eda ser ligeramente m\u00e1s lluvioso de lo normal en zonas del norte e&#8230;<\/p>\n","protected":false},"author":1,"featured_media":25959,"comment_status":"closed","ping_status":"closed","sticky":false,"template":"","format":"standard","meta":{"_coblocks_attr":"","_coblocks_dimensions":"","_coblocks_responsive_height":"","_coblocks_accordion_ie_support":"","jetpack_post_was_ever_published":false,"_jetpack_newsletter_access":"","_jetpack_dont_email_post_to_subs":false,"_jetpack_newsletter_tier_id":0,"_jetpack_memberships_contains_paywalled_content":false,"_jetpack_memberships_contains_paid_content":false,"footnotes":"","jetpack_publicize_message":"","jetpack_publicize_feature_enabled":true,"jetpack_social_post_already_shared":false,"jetpack_social_options":{"image_generator_settings":{"template":"highway","default_image_id":0,"enabled":false},"version":2}},"categories":[44,15],"tags":[2119,1112,1275,730],"class_list":["post-25954","post","type-post","status-publish","format-standard","has-post-thumbnail","hentry","category-noticias-de-hoy","category-ultimas-noticias","tag-el-tiempo","tag-lluvia","tag-otono","tag-temperaturas"],"jetpack_publicize_connections":[],"jetpack_featured_media_url":"https:\/\/i0.wp.com\/miradordeatarfe.es\/wp-content\/uploads\/2018\/09\/oto%C3%B1o.jpg?fit=1024%2C743&ssl=1","jetpack_likes_enabled":true,"jetpack_sharing_enabled":true,"_links":{"self":[{"href":"https:\/\/miradordeatarfe.es\/index.php?rest_route=\/wp\/v2\/posts\/25954","targetHints":{"allow":["GET"]}}],"collection":[{"href":"https:\/\/miradordeatarfe.es\/index.php?rest_route=\/wp\/v2\/posts"}],"about":[{"href":"https:\/\/miradordeatarfe.es\/index.php?rest_route=\/wp\/v2\/types\/post"}],"author":[{"embeddable":true,"href":"https:\/\/miradordeatarfe.es\/index.php?rest_route=\/wp\/v2\/users\/1"}],"replies":[{"embeddable":true,"href":"https:\/\/miradordeatarfe.es\/index.php?rest_route=%2Fwp%2Fv2%2Fcomments&post=25954"}],"version-history":[{"count":1,"href":"https:\/\/miradordeatarfe.es\/index.php?rest_route=\/wp\/v2\/posts\/25954\/revisions"}],"predecessor-version":[{"id":25960,"href":"https:\/\/miradordeatarfe.es\/index.php?rest_route=\/wp\/v2\/posts\/25954\/revisions\/25960"}],"wp:featuredmedia":[{"embeddable":true,"href":"https:\/\/miradordeatarfe.es\/index.php?rest_route=\/wp\/v2\/media\/25959"}],"wp:attachment":[{"href":"https:\/\/miradordeatarfe.es\/index.php?rest_route=%2Fwp%2Fv2%2Fmedia&parent=25954"}],"wp:term":[{"taxonomy":"category","embeddable":true,"href":"https:\/\/miradordeatarfe.es\/index.php?rest_route=%2Fwp%2Fv2%2Fcategories&post=25954"},{"taxonomy":"post_tag","embeddable":true,"href":"https:\/\/miradordeatarfe.es\/index.php?rest_route=%2Fwp%2Fv2%2Ftags&post=25954"}],"curies":[{"name":"wp","href":"https:\/\/api.w.org\/{rel}","templated":true}]}}