{"id":26025,"date":"2018-09-28T11:27:22","date_gmt":"2018-09-28T09:27:22","guid":{"rendered":"http:\/\/miradordeatarfe.es\/?p=26025"},"modified":"2023-10-21T20:08:38","modified_gmt":"2023-10-21T18:08:38","slug":"atarfe-excavaciones-de-medina-elvira","status":"publish","type":"post","link":"https:\/\/miradordeatarfe.es\/?p=26025","title":{"rendered":"ATARFE: EXCAVACIONES DE MEDINA ELVIRA 2018"},"content":{"rendered":"<p>El equipo de arque\u00f3logos de la <a class=\"profileLink\" href=\"https:\/\/www.facebook.com\/madinatilbira\/?fref=mentions&amp;__xts__%5B0%5D=68.ARDsJGfa6-zjlsVRN7GxSU1SA8-PVMHV2GICzHil6EjbDDF4txAbWf6jqiROl5Y_NQc-h2rgbSzth3GbdxHAXz5TL1TY0KK0eq3XPz-7MrLrr055PA35S1LCUtdqZOGlyEynQ9wMzhavL286pvRwKJhZxy4yhL5FPP0tKzh5ZWQrGTq1GhiOaA&amp;__tn__=K-R\">Excavaci\u00f3n Madinat Ilbira<\/a> mantendr\u00e1 el viernes 28 una reuni\u00f3n con las personas que han mostrado inter\u00e9s en colaborar como voluntariado.<!--more--><\/p>\n<p>Un equipo internacional hispano-polaco, bajo la direcci\u00f3n de Antonio Malpica Cuello (UGR) y Marian Rebkowski (IAEPAN &#8211; Polonia) comienza hoy lunes 24 de septiembre una nueva campa\u00f1a de investigaci\u00f3n arqueol\u00f3gica en el yacimiento de Madinat Ilbira (Atarfe, Granada).<\/p>\n<p>Si te inscribiste para ser voluntario, acude a la cita del viernes, a las 6 de la tarde, en el <a class=\"profileLink\" href=\"https:\/\/www.facebook.com\/CentroCulturalMedinaElvira\/?fref=mentions&amp;__xts__%5B0%5D=68.ARDsJGfa6-zjlsVRN7GxSU1SA8-PVMHV2GICzHil6EjbDDF4txAbWf6jqiROl5Y_NQc-h2rgbSzth3GbdxHAXz5TL1TY0KK0eq3XPz-7MrLrr055PA35S1LCUtdqZOGlyEynQ9wMzhavL286pvRwKJhZxy4yhL5FPP0tKzh5ZWQrGTq1GhiOaA&amp;__tn__=K-R\">Centro Cultural Medina Elvira<\/a> de Atarfe. \u00a1Gracias!<\/p>\n<p>Fotos del Primer d\u00eda de trabajos de campo, con la limpieza superficial, la toma de datos topogr\u00e1ficos y la documentaci\u00f3n del estado actual de la zona a excavar. <a href=\"https:\/\/t.co\/KCsAyetKbv\" target=\"_blank\" rel=\"noopener\" data-saferedirecturl=\"https:\/\/www.google.com\/url?q=https:\/\/t.co\/KCsAyetKbv&amp;source=gmail&amp;ust=1538152672992000&amp;usg=AFQjCNHCYdRXmtVjmWqnWu5a_RDtt9FNRw\">https:\/\/t.co\/KCsAyetKbv<\/a><\/p>\n<div class=\"nH bkK nn\">\n<div class=\"nH\">\n<div class=\"nH\">\n<div class=\"nH ar4 z\">\n<div>\n<div class=\"AO\">\n<div id=\":4\" class=\"Tm aeJ\">\n<div id=\":2\" class=\"aeF\">\n<div class=\"nH\">\n<div class=\"nH\" role=\"main\">\n<div class=\"nH g id\">\n<table class=\"Bs nH iY bAt\" style=\"height: 37px;\" role=\"presentation\" width=\"17\" cellpadding=\"0\">\n<tbody>\n<tr>\n<td class=\"Bu bAn\">\n<div class=\"nH if\">\n<div class=\"nH aHU\">\n<div class=\"nH hx\">\n<div class=\"nH\" role=\"list\">\n<div class=\"h7 ie nH oy8Mbf\" tabindex=\"-1\" role=\"listitem\">\n<div class=\"Bk\">\n<div class=\"G3 G2\">\n<div>\n<div id=\":gf\">\n<div class=\"gA gt acV\">\n<div class=\"gB xu\">\n<div class=\"ip iq\">\n<div id=\":gj\">\n<table class=\"cf wS\" style=\"height: 31px;\" role=\"presentation\" width=\"8\">\n<tbody>\n<tr>\n<td class=\"amr\"><\/td>\n<\/tr>\n<\/tbody>\n<\/table>\n<\/div>\n<\/div>\n<\/div>\n<\/div>\n<\/div>\n<\/div>\n<\/div>\n<\/div>\n<\/div>\n<\/div>\n<\/div>\n<\/div>\n<div class=\"nH\">\n<div class=\"l2 pfiaof\">\n<div><\/div>\n<\/div>\n<\/div>\n<\/div>\n<\/td>\n<td class=\"Bu yM\"><\/td>\n<td class=\"Bu y3\"><\/td>\n<\/tr>\n<\/tbody>\n<\/table>\n<\/div>\n<\/div>\n<\/div>\n<\/div>\n<\/div>\n<\/div>\n<\/div>\n<\/div>\n<\/div>\n<\/div>\n<\/div>\n<p><a href=\"https:\/\/i0.wp.com\/miradordeatarfe.es\/wp-content\/uploads\/2018\/09\/42564363_2078924675510985_8060369230391934976_n.jpg?ssl=1\"><img data-recalc-dims=\"1\" loading=\"lazy\" decoding=\"async\" class=\"alignnone size-full wp-image-26026\" src=\"https:\/\/i0.wp.com\/miradordeatarfe.es\/wp-content\/uploads\/2018\/09\/42564363_2078924675510985_8060369230391934976_n.jpg?resize=640%2C384&#038;ssl=1\" alt=\"\" width=\"640\" height=\"384\" srcset=\"https:\/\/i0.wp.com\/miradordeatarfe.es\/wp-content\/uploads\/2018\/09\/42564363_2078924675510985_8060369230391934976_n.jpg?w=960&amp;ssl=1 960w, https:\/\/i0.wp.com\/miradordeatarfe.es\/wp-content\/uploads\/2018\/09\/42564363_2078924675510985_8060369230391934976_n.jpg?resize=300%2C180&amp;ssl=1 300w, https:\/\/i0.wp.com\/miradordeatarfe.es\/wp-content\/uploads\/2018\/09\/42564363_2078924675510985_8060369230391934976_n.jpg?resize=768%2C461&amp;ssl=1 768w, https:\/\/i0.wp.com\/miradordeatarfe.es\/wp-content\/uploads\/2018\/09\/42564363_2078924675510985_8060369230391934976_n.jpg?resize=600%2C360&amp;ssl=1 600w\" sizes=\"auto, (max-width: 640px) 100vw, 640px\" \/><\/a><a href=\"https:\/\/i0.wp.com\/miradordeatarfe.es\/wp-content\/uploads\/2018\/09\/42558940_2078924655510987_7726875856060022784_n.jpg?ssl=1\"><img data-recalc-dims=\"1\" loading=\"lazy\" decoding=\"async\" class=\"alignnone size-full wp-image-26027\" src=\"https:\/\/i0.wp.com\/miradordeatarfe.es\/wp-content\/uploads\/2018\/09\/42558940_2078924655510987_7726875856060022784_n.jpg?resize=640%2C384&#038;ssl=1\" alt=\"\" width=\"640\" height=\"384\" srcset=\"https:\/\/i0.wp.com\/miradordeatarfe.es\/wp-content\/uploads\/2018\/09\/42558940_2078924655510987_7726875856060022784_n.jpg?w=960&amp;ssl=1 960w, https:\/\/i0.wp.com\/miradordeatarfe.es\/wp-content\/uploads\/2018\/09\/42558940_2078924655510987_7726875856060022784_n.jpg?resize=300%2C180&amp;ssl=1 300w, https:\/\/i0.wp.com\/miradordeatarfe.es\/wp-content\/uploads\/2018\/09\/42558940_2078924655510987_7726875856060022784_n.jpg?resize=768%2C461&amp;ssl=1 768w, https:\/\/i0.wp.com\/miradordeatarfe.es\/wp-content\/uploads\/2018\/09\/42558940_2078924655510987_7726875856060022784_n.jpg?resize=600%2C360&amp;ssl=1 600w\" sizes=\"auto, (max-width: 640px) 100vw, 640px\" \/><\/a><a href=\"https:\/\/i0.wp.com\/miradordeatarfe.es\/wp-content\/uploads\/2018\/09\/42572754_2078924642177655_9025687873474527232_n.jpg?ssl=1\"><img data-recalc-dims=\"1\" loading=\"lazy\" decoding=\"async\" class=\"alignnone size-full wp-image-26028\" src=\"https:\/\/i0.wp.com\/miradordeatarfe.es\/wp-content\/uploads\/2018\/09\/42572754_2078924642177655_9025687873474527232_n.jpg?resize=640%2C384&#038;ssl=1\" alt=\"\" width=\"640\" height=\"384\" srcset=\"https:\/\/i0.wp.com\/miradordeatarfe.es\/wp-content\/uploads\/2018\/09\/42572754_2078924642177655_9025687873474527232_n.jpg?w=960&amp;ssl=1 960w, https:\/\/i0.wp.com\/miradordeatarfe.es\/wp-content\/uploads\/2018\/09\/42572754_2078924642177655_9025687873474527232_n.jpg?resize=300%2C180&amp;ssl=1 300w, https:\/\/i0.wp.com\/miradordeatarfe.es\/wp-content\/uploads\/2018\/09\/42572754_2078924642177655_9025687873474527232_n.jpg?resize=768%2C461&amp;ssl=1 768w, https:\/\/i0.wp.com\/miradordeatarfe.es\/wp-content\/uploads\/2018\/09\/42572754_2078924642177655_9025687873474527232_n.jpg?resize=600%2C360&amp;ssl=1 600w\" sizes=\"auto, (max-width: 640px) 100vw, 640px\" \/><\/a><\/p>\n","protected":false},"excerpt":{"rendered":"<p>El equipo de arque\u00f3logos de la Excavaci\u00f3n Madinat Ilbira mantendr\u00e1 el viernes 28 una reuni\u00f3n&#8230;<\/p>\n","protected":false},"author":1,"featured_media":0,"comment_status":"closed","ping_status":"closed","sticky":false,"template":"","format":"standard","meta":{"_coblocks_attr":"","_coblocks_dimensions":"","_coblocks_responsive_height":"","_coblocks_accordion_ie_support":"","jetpack_post_was_ever_published":false,"_jetpack_newsletter_access":"","_jetpack_dont_email_post_to_subs":false,"_jetpack_newsletter_tier_id":0,"_jetpack_memberships_contains_paywalled_content":false,"_jetpack_memberships_contains_paid_content":false,"footnotes":"","jetpack_publicize_message":"","jetpack_publicize_feature_enabled":true,"jetpack_social_post_already_shared":false,"jetpack_social_options":{"image_generator_settings":{"template":"highway","default_image_id":0,"enabled":false},"version":2}},"categories":[12,9029,5359,10431],"tags":[81,80,5337],"class_list":["post-26025","post","type-post","status-publish","format-standard","hentry","category-cultura","category-la-cora-de-ilbira","category-madinat-ilbira","category-medina-elvira-2","tag-atarfe","tag-excavaciones","tag-excavaciones-medina-elvira"],"jetpack_publicize_connections":[],"jetpack_featured_media_url":"","jetpack_likes_enabled":true,"jetpack_sharing_enabled":true,"_links":{"self":[{"href":"https:\/\/miradordeatarfe.es\/index.php?rest_route=\/wp\/v2\/posts\/26025","targetHints":{"allow":["GET"]}}],"collection":[{"href":"https:\/\/miradordeatarfe.es\/index.php?rest_route=\/wp\/v2\/posts"}],"about":[{"href":"https:\/\/miradordeatarfe.es\/index.php?rest_route=\/wp\/v2\/types\/post"}],"author":[{"embeddable":true,"href":"https:\/\/miradordeatarfe.es\/index.php?rest_route=\/wp\/v2\/users\/1"}],"replies":[{"embeddable":true,"href":"https:\/\/miradordeatarfe.es\/index.php?rest_route=%2Fwp%2Fv2%2Fcomments&post=26025"}],"version-history":[{"count":2,"href":"https:\/\/miradordeatarfe.es\/index.php?rest_route=\/wp\/v2\/posts\/26025\/revisions"}],"predecessor-version":[{"id":26038,"href":"https:\/\/miradordeatarfe.es\/index.php?rest_route=\/wp\/v2\/posts\/26025\/revisions\/26038"}],"wp:attachment":[{"href":"https:\/\/miradordeatarfe.es\/index.php?rest_route=%2Fwp%2Fv2%2Fmedia&parent=26025"}],"wp:term":[{"taxonomy":"category","embeddable":true,"href":"https:\/\/miradordeatarfe.es\/index.php?rest_route=%2Fwp%2Fv2%2Fcategories&post=26025"},{"taxonomy":"post_tag","embeddable":true,"href":"https:\/\/miradordeatarfe.es\/index.php?rest_route=%2Fwp%2Fv2%2Ftags&post=26025"}],"curies":[{"name":"wp","href":"https:\/\/api.w.org\/{rel}","templated":true}]}}