{"id":2603,"date":"2015-06-26T06:51:44","date_gmt":"2015-06-26T06:51:44","guid":{"rendered":"http:\/\/miradordeatarfe.es\/?p=2603"},"modified":"2015-06-28T10:15:16","modified_gmt":"2015-06-28T10:15:16","slug":"la-lista-mas-votada-por-juan-luis-cebrian","status":"publish","type":"post","link":"https:\/\/miradordeatarfe.es\/?p=2603","title":{"rendered":"\u00abLa lista m\u00e1s votada\u00bb por  Juan Luis Cebri\u00e1n"},"content":{"rendered":"<div id=\"cuerpo_noticia\" class=\"cuerpo_noticia\">\n<p style=\"text-align: justify;\">Cuenta Emile Cioran que se top\u00f3 en la Casa de Cervantes de Valladolid con una anciana que contemplaba un retrato de Felipe III. \u201cCon \u00e9l comenz\u00f3 nuestra decadencia\u201d coment\u00f3 ella. El fil\u00f3sofo comprendi\u00f3 en esa sola frase el coraz\u00f3n del problema pol\u00edtico espa\u00f1ol: la conciencia de nuestro decaimiento hist\u00f3rico. Por lo que termina su reflexi\u00f3n con un retrato cruel de nosotros mismos: \u201cCharlatanes por desesperaci\u00f3n, improvisadores de ilusiones, viven en una especie de acritud cantante, de tr\u00e1gica falta de seriedad, que les salva de la vulgaridad de la felicidad y del \u00e9xito\u201d.<\/p>\n<p><!--more--><\/p>\n<p style=\"text-align: justify;\">\n<p style=\"text-align: justify;\">Escuchando semanas, meses atr\u00e1s, las tertulias televisivas y las declaraciones pol\u00edticas me ha venido reiteradamente a la memoria esa descripci\u00f3n de airada verborrea que Cioran nos atribuye, muy <em>ad hoc<\/em> para describir lo que sucede en los obscenos <em>realities<\/em> televisados, donde un pu\u00f1ado de individuos intentan configurar a grito pelado la opini\u00f3n p\u00fablica espa\u00f1ola. En medio de dicho gaitrinar medi\u00e1tico una de las falacias m\u00e1s difundidas por sesudos analistas y portavoces del poder es que resulta m\u00e1s democr\u00e1tico, en un r\u00e9gimen pol\u00edtico como el nuestro, que gobierne la lista m\u00e1s votada, aun si no ha obtenido la mayor\u00eda suficiente para hacerlo. Reiteran tanto el eslogan, expresado siempre con la naturalidad de lo que ser\u00eda obvio, que una vez m\u00e1s se comprueba la evidencia goebbelsiana: una mentira muchas veces repetida se convierte f\u00e1cilmente en verdad indiscutible.<\/p>\n<p style=\"text-align: justify;\">Sin embargo cuando los padres de la Constituci\u00f3n de 1978 optaron por dise\u00f1ar un sistema electoral proporcional, aun corregido por la muy exigente regla d\u2019Hondt, se inclinaron por la eventual formaci\u00f3n de gobiernos plurales, o al menos basados en acuerdos parlamentarios t\u00e1citos o expl\u00edcitos, perdurables u ocasionales, que les permitieran ejercer su responsabilidad. Adem\u00e1s los l\u00edmites a ese criterio proporcional del voto no vienen en nuestro pa\u00eds establecidos \u00fanicamente por la mencionada regla, habitual en otras latitudes, sino por la perversa combinaci\u00f3n de la misma con la provincia como circunscripci\u00f3n electoral. Entre ambas cosas se favorece a los partidos mayores y a los nacionalistas en detrimento de otras formaciones. En el pasado la m\u00e1s castigada de todas ellas fue el Partido Comunista, o su filial Izquierda Unida, aunque tambi\u00e9n UPyD, y no recuerdo que en ning\u00fan caso hayan lanzado por eso sus dirigentes diatribas contra la fundamental calidad de nuestra democracia, aunque en muchas ocasiones se quejaran de la injusticia o inequidad que la norma produc\u00eda. Al fin y al cabo la democracia es esencialmente un m\u00e9todo y no una ideolog\u00eda, y el respeto a las reglas debe prevalecer sobre cualquier otro an\u00e1lisis.<\/p>\n<div id=\"sumario_2|html\" class=\"centro\" style=\"text-align: justify;\"><\/div>\n<p style=\"text-align: justify;\">Un sistema proporcional, por su propia naturaleza, tiende a fragmentar los resultados electorales y lo anormal es que de \u00e9l se deriven mayor\u00edas absolutas como las que en repetidas ocasiones hemos tenido en Espa\u00f1a. Con arreglo a dicho sistema no es la lista m\u00e1s votada la llamada a gobernar, ni tiene por qu\u00e9 serlo, sino aquella que sea capaz de congregar una mayor\u00eda suficiente para hacerlo. Naturalmente quien m\u00e1s oportunidades ha de tener en principio a la hora de culminar semejante menester es quien haya recibido mayor n\u00famero de sufragios, especialmente si su distancia con el segundo es sustancial. Pero si se dan acuerdos de las diversas minor\u00edas para obtener entre todas o parte de ellas el ejercicio del poder de ninguna manera padece el car\u00e1cter democr\u00e1tico de dichos pactos que, en definitiva, representan a una considerable mayor\u00eda de los electores. De modo que los Ayuntamientos y Gobiernos auton\u00f3micos recientemente constituidos en todo el pa\u00eds responden fielmente a la voluntad popular mucho m\u00e1s, desde luego, que si se admitiera a secas la regla de dar el poder a la lista m\u00e1s votada, y son los m\u00e1s representativos que puedan imaginarse tras las recientes elecciones, independientemente de la satisfacci\u00f3n o el quebranto que provoquen entre las diversas fuerzas pol\u00edticas. Constituyen un triunfo de la democracia y no implican ninguna renuncia a sus principios b\u00e1sicos contra lo que algunos se empe\u00f1an en proclamar. Por lo dem\u00e1s ser\u00e1n los votantes de las fuerzas que firmen contratos entre ellas quienes en el futuro (en nuestro caso, un futuro muy pr\u00f3ximo) sentenciar\u00e1n con su comportamiento lo acertado o err\u00f3neo de la decisi\u00f3n de sus representantes.<\/p>\n<p style=\"text-align: justify;\">Tampoco se tiene en pie la acusaci\u00f3n de que las coaliciones negativas para que no gobierne tal o cual partido en tal o cual Ayuntamiento son un fen\u00f3meno antidemocr\u00e1tico o inconveniente. Sucede que por muchas diferencias ideol\u00f3gicas o program\u00e1ticas que unos y otros tengan existen consensos respecto a la inoportunidad de entregar el poder a quien ha abusado de \u00e9l o tomado medidas inaceptables para la mayor\u00eda de los ciudadanos, aunque dicha mayor\u00eda no se vea representada en una sola opci\u00f3n electoral. Todo ello resulta a\u00fan m\u00e1s l\u00f3gico cuando el ascenso de fuerzas antisistema (desde separatistas irredentos a agitadores sociales) o de partidos emergentes responde en gran medida a la conjunci\u00f3n perdurable de dos fen\u00f3menos que han castigado a la poblaci\u00f3n durante los \u00faltimos a\u00f1os: las pol\u00edticas de austeridad, debilitadoras de la clase media, y la marea de corrupci\u00f3n. Ambas han da\u00f1ado seriamente a las instituciones, destruido la fe en la clase pol\u00edtica, y abandonado a los electores en manos del populismo y la demagogia.<\/p>\n<p style=\"text-align: justify;\">O sea que no es la asignatura de la democracia la que tienen que aprobar por el momento los alcaldes y regidores auton\u00f3micos ya investidos, sino la de la eficacia y la transparencia. Examen en el que no han gozado hasta el momento ni siquiera de los tradicionales cien d\u00edas de cortes\u00eda por parte de la oposici\u00f3n y de los medios cr\u00edticos que en las democracias se otorga a los nuevos gobernantes.<\/p>\n<div id=\"sumario_3|html\" class=\"centro\" style=\"text-align: justify;\">\n<p class=\"texto_grande\">La indignaci\u00f3n \u00e1spera que encumbr\u00f3 a los j\u00f3venes antisistema se responde ahora con el p\u00e1nico verbal<\/p>\n<\/div>\n<p style=\"text-align: justify;\">Es evidente que algunos de los nuevos ediles confunden el ejercicio del poder con la gesti\u00f3n de una ONG y que si persisten en tal comportamiento la poblaci\u00f3n, a comenzar por quienes les votaron, ser\u00e1 v\u00edctima de su impericia o su demagogia. Pero lo mismo, o algo peor, puede decirse de lo sucedido hasta ahora en Madrid, Valencia, Palma de Mallorca o Catalu\u00f1a, escenarios de una descomunal rapi\u00f1a orquestada durante a\u00f1os desde los despachos oficiales. Se cuentan por cientos los pol\u00edticos procesados ante los tribunales como delincuentes contra la propiedad ajena, y es imposible pretender que ese aut\u00e9ntico aquelarre de crimen organizado no afecte al prestigio y credibilidad de nuestro sistema, necesitado desde hace generaciones de reformas constitucionales que le devuelvan el aprecio de los ciudadanos. Si hay algo que agradecer a las nuevas formaciones nacidas entre el clamor de los indignados y las v\u00edctimas m\u00e1s d\u00e9biles de la crisis es que quiz\u00e1s los poderes reales de este pa\u00eds, los pol\u00edticos, los econ\u00f3micos y los medi\u00e1ticos, qui\u00e9n sabe si incluso los religiosos, despierten finalmente de su sue\u00f1o y escuchen la voz de la calle. Esta no es por lo dem\u00e1s propiedad de nadie ni debemos permitir que la dial\u00e9ctica bolivariana se adue\u00f1e de sus anhelos.<\/p>\n<p style=\"text-align: justify;\">Pero tampoco la demagogia pertenece a nadie en exclusiva. Estamos viendo como a la indignaci\u00f3n \u00e1spera que encumbr\u00f3 a los j\u00f3venes airados antisistema se responde ahora con el p\u00e1nico verbal y las falacias argumentales de quienes ven amenazada su permanencia en el machito. Asombra comprobar c\u00f3mo en el interregno electoral que ahora vivimos los extremistas se esfuerzan en ofrecer una improbable imagen de que son moderados mientras estos arrojan la m\u00e1scara y ense\u00f1an de nuevo el colmillo del doberm\u00e1n. Dicen que se debe a la influencia de asesores electorales y expertos en marketing pol\u00edtico. Pues ser\u00eda preferible que se rodearan de intelectuales y fil\u00f3sofos capaces de ense\u00f1arles la senda del sentido com\u00fan, la alteridad de sus ideas y la duda razonable sobre sus convicciones. Quiz\u00e1 as\u00ed fueran capaces de rebatir esa m\u00e1xima terrible con que Cioran describe a nuestros compatriotas: \u201cIncapaces de acoplarse al ritmo de la \u2018civilizaci\u00f3n\u2019, clericoidales o anarquistas, no podr\u00edan renunciar a su inactualidad\u201d. Todav\u00eda estamos a tiempo de conjurar semejante maldici\u00f3n. Bastar\u00eda con demostrar que el vituperado r\u00e9gimen del 78 no fue un par\u00e9ntesis en nuestro devenir sino un triunfo inequ\u00edvoco que nos recuper\u00f3 para la Historia, de la que los sabelotodo de dispar ralea amenazan con expulsarnos de nuevo.<\/p>\n<p class=\"nota_pie\" style=\"text-align: justify;\"><strong>Juan Luis Cebri\u00e1n<\/strong> es presidente de El PA\u00cdS y miembro de la Real Academia Espa\u00f1ola.<\/p>\n<\/div>\n","protected":false},"excerpt":{"rendered":"<p>Cuenta Emile Cioran que se top\u00f3 en la Casa de Cervantes de Valladolid con una&#8230;<\/p>\n","protected":false},"author":1,"featured_media":2604,"comment_status":"closed","ping_status":"closed","sticky":false,"template":"","format":"standard","meta":{"_coblocks_attr":"","_coblocks_dimensions":"","_coblocks_responsive_height":"","_coblocks_accordion_ie_support":"","jetpack_post_was_ever_published":false,"_jetpack_newsletter_access":"","_jetpack_dont_email_post_to_subs":false,"_jetpack_newsletter_tier_id":0,"_jetpack_memberships_contains_paywalled_content":false,"_jetpack_memberships_contains_paid_content":false,"footnotes":"","jetpack_publicize_message":"","jetpack_publicize_feature_enabled":true,"jetpack_social_post_already_shared":false,"jetpack_social_options":{"image_generator_settings":{"template":"highway","default_image_id":0,"enabled":false},"version":2}},"categories":[12,15],"tags":[171,940,688],"class_list":["post-2603","post","type-post","status-publish","format-standard","has-post-thumbnail","hentry","category-cultura","category-ultimas-noticias","tag-elecciones","tag-lista-mas-votada","tag-pactos"],"jetpack_publicize_connections":[],"jetpack_featured_media_url":"https:\/\/i0.wp.com\/miradordeatarfe.es\/wp-content\/uploads\/2015\/06\/1435163501_699259_1435166186_noticia_normal.jpg?fit=300%2C495&ssl=1","jetpack_likes_enabled":true,"jetpack_sharing_enabled":true,"_links":{"self":[{"href":"https:\/\/miradordeatarfe.es\/index.php?rest_route=\/wp\/v2\/posts\/2603","targetHints":{"allow":["GET"]}}],"collection":[{"href":"https:\/\/miradordeatarfe.es\/index.php?rest_route=\/wp\/v2\/posts"}],"about":[{"href":"https:\/\/miradordeatarfe.es\/index.php?rest_route=\/wp\/v2\/types\/post"}],"author":[{"embeddable":true,"href":"https:\/\/miradordeatarfe.es\/index.php?rest_route=\/wp\/v2\/users\/1"}],"replies":[{"embeddable":true,"href":"https:\/\/miradordeatarfe.es\/index.php?rest_route=%2Fwp%2Fv2%2Fcomments&post=2603"}],"version-history":[{"count":2,"href":"https:\/\/miradordeatarfe.es\/index.php?rest_route=\/wp\/v2\/posts\/2603\/revisions"}],"predecessor-version":[{"id":2622,"href":"https:\/\/miradordeatarfe.es\/index.php?rest_route=\/wp\/v2\/posts\/2603\/revisions\/2622"}],"wp:featuredmedia":[{"embeddable":true,"href":"https:\/\/miradordeatarfe.es\/index.php?rest_route=\/wp\/v2\/media\/2604"}],"wp:attachment":[{"href":"https:\/\/miradordeatarfe.es\/index.php?rest_route=%2Fwp%2Fv2%2Fmedia&parent=2603"}],"wp:term":[{"taxonomy":"category","embeddable":true,"href":"https:\/\/miradordeatarfe.es\/index.php?rest_route=%2Fwp%2Fv2%2Fcategories&post=2603"},{"taxonomy":"post_tag","embeddable":true,"href":"https:\/\/miradordeatarfe.es\/index.php?rest_route=%2Fwp%2Fv2%2Ftags&post=2603"}],"curies":[{"name":"wp","href":"https:\/\/api.w.org\/{rel}","templated":true}]}}