{"id":2606,"date":"2015-06-28T07:54:08","date_gmt":"2015-06-28T07:54:08","guid":{"rendered":"http:\/\/miradordeatarfe.es\/?p=2606"},"modified":"2015-06-29T07:47:09","modified_gmt":"2015-06-29T07:47:09","slug":"condenados-144-menores-por-maltratar-a-sus-padres-durante-2014-en-la-provincia","status":"publish","type":"post","link":"https:\/\/miradordeatarfe.es\/?p=2606","title":{"rendered":"Condenados 144 menores por maltratar a sus padres durante 2014 en la provincia"},"content":{"rendered":"<p>Es el segundo delito m\u00e1s cometido por los j\u00f3venes infractores, cuyo perfil est\u00e1 cambiando porque cada vez hay m\u00e1s de clase media y alta. La mayor\u00eda de las condenas son en r\u00e9gimen abierto y este a\u00f1o,\u00a0 90 de estos chicos completar\u00e1n cursos de formaci\u00f3n laboral para facilitar su integraci\u00f3n social. <!--more--><\/p>\n<div class=\"cuerpo\">\n<p align=\"justify\">El a\u00f1o pasado se registraron 777 delitos en la provincia por menores de edad, 632 a cargo de chicos y 145 de chicas, seg\u00fan los datos de la Junta de Andaluc\u00eda. El perfil de estos menores infractores est\u00e1 cambiando por el aumento de menores de clase media y de clase media alta y los casos de violencia hacia los padres en el seno de las familias, seg\u00fan la delegada del Gobierno andaluz en Granada, Sandra Garc\u00eda.<\/p>\n<p align=\"justify\">De los 632 delitos cometidos por chicos en 2014, los principales fueron: 288 contra el patrimonio, 92 por maltrato familiar, y 86 por lesiones. Mientras que en los 145 delitos cometidos por chicas destacan sobre todo el maltrato familiar, con 52; las lesiones, 49, y contra el patrimonio, 29 delitos. De esta forma, el maltrato a los padres u otros miembros de la familia suponen el segundo delito m\u00e1s frecuente, con 144 casos en total.<\/p>\n<p align=\"justify\">Sandra Garc\u00eda ha manifestado que durante 2014 se ejecutaron en Granada 910 medidas judiciales en medio abierto para menores infractores, una cifra similar a la de 2013. La mayor parte de ellas, 447, fueron medidas de libertad vigilada; 156 tratamientos ambulatorios de drogodependencias y 78 de salud mental. Tambi\u00e9n hay 87 prestaciones en beneficio de la comunidad y 83 tareas socioeducativas.<\/p>\n<p align=\"justify\">Para ejecutar las sentencias de medio abierto se cuenta con los recursos del servicios integral de Medio abierto y los dos grupos de convivencia educativa, masculino y femenino, el Centro de D\u00eda y el equipo de mediaci\u00f3n penal juvenil, que en total son atendidos por 48 profesionales.<\/p>\n<h4 align=\"justify\">El 21% son internados<\/h4>\n<p align=\"justify\">A lo largo de 2014 tambi\u00e9n se adoptaron 238 medidas judiciales de internamiento y privativas de libertad por los dos Juzgados de Menores de Granada, lo que representa un 21% del total de medidas que se ejecutan en la provincia de Granada.<\/p>\n<p align=\"justify\">Sandra Garc\u00eda subray\u00f3 la eficacia de las medidas y su aplicaci\u00f3n en la justicia juvenil andaluza, ya que \u201cel 80% de los menores infractores no reinciden tras pasar por algunos de los recursos de reeducaci\u00f3n, ya sea de internamiento o medio abierto\u201d.<\/p>\n<p align=\"justify\">Las prestaciones en beneficio de la comunidad se realizan con los ayuntamientos de la provincia con trabajos de limpieza y mantenimiento de espacios p\u00fablicos, jardines e instalaciones deportivas, como limpieza de graffitis y limpieza de botell\u00f3n. Tambi\u00e9n se realizan tareas en beneficio de la comunidad en entidades sin \u00e1nimo de lucro.<\/p>\n<h4 align=\"justify\">Formaci\u00f3n laboral<\/h4>\n<p align=\"justify\">Noventa de estos menores infractores que cumplen sentencias en r\u00e9gimen abierto van a realizar este a\u00f1o cursos de formaci\u00f3n laboral que les permitan adquirir habilidades para su inserci\u00f3n en el mercado de trabajo, seg\u00fan ha asegurado hoy la delegada en la clausura del curso de auxiliar de fontaner\u00eda. Se trata de una experiencia \u00abpionera\u00bb en Andaluc\u00eda, dice la Junta.<\/p>\n<p align=\"justify\">Se han organizado seis cursos este a\u00f1o sobre ayuda a domicilio, arreglos y customizaci\u00f3n de prendas textiles, auxiliar de fontaner\u00eda, pintor, montaje de instalaciones el\u00e9ctricas y camarero de bar-cafeter\u00eda. Todos ellos tienen 100 horas lectivas y son impartidos en el Centro P\u00fablico de Formaci\u00f3n para el Empleo Cartuja, dependiente de la Delegaci\u00f3n de Educaci\u00f3n, en colaboraci\u00f3n con el Centro de D\u00eda de menores infractores de la Delegaci\u00f3n del Gobierno.<\/p>\n<p align=\"justify\">\u201cEl Centro de D\u00eda es un recurso complementario, pero fundamental, que tiene como objeto apoyar la recuperaci\u00f3n del menor infractor desde la educaci\u00f3n y el empleo porque a los j\u00f3venes infractores se les puede recuperar\u201d, precisa la delegada. El centro se articula en torno a tres l\u00edneas de trabajo: actividades educativas compensatorias, inserci\u00f3n laboral, as\u00ed como actividades de ocio y tiempo libre.<\/p>\n<p align=\"justify\">Para impulsar la inserci\u00f3n laboral, se firm\u00f3 en Granada un convenio de colaboraci\u00f3n para utilizar las instalaciones del Centro P\u00fablico de Formaci\u00f3n para el Empleo Cartuja. Una experiencia que va a permitir la formaci\u00f3n para el empleo de 90 j\u00f3venes a lo largo de 2015 y en la que participaron el a\u00f1o pasado 226 menores.<\/p>\n<p><a href=\"http:\/\/www.elindependientedegranada.es\/ciudadania\/condenados-144-menores-maltratar-padres-durante-2014-provincia#.VYsbobPaOCc.twitter\">http:\/\/www.elindependientedegranada.es\/ciudadania\/condenados-144-menores-maltratar-padres-durante-2014-provincia#.VYsbobPaOCc.twitter<\/a><\/p>\n<\/div>\n","protected":false},"excerpt":{"rendered":"<p>Es el segundo delito m\u00e1s cometido por los j\u00f3venes infractores, cuyo perfil est\u00e1 cambiando porque&#8230;<\/p>\n","protected":false},"author":1,"featured_media":2607,"comment_status":"closed","ping_status":"closed","sticky":false,"template":"","format":"standard","meta":{"_coblocks_attr":"","_coblocks_dimensions":"","_coblocks_responsive_height":"","_coblocks_accordion_ie_support":"","jetpack_post_was_ever_published":false,"_jetpack_newsletter_access":"","_jetpack_dont_email_post_to_subs":false,"_jetpack_newsletter_tier_id":0,"_jetpack_memberships_contains_paywalled_content":false,"_jetpack_memberships_contains_paid_content":false,"footnotes":"","jetpack_publicize_message":"","jetpack_publicize_feature_enabled":true,"jetpack_social_post_already_shared":false,"jetpack_social_options":{"image_generator_settings":{"template":"highway","default_image_id":0,"enabled":false},"version":2}},"categories":[186,15],"tags":[76,941,473],"class_list":["post-2606","post","type-post","status-publish","format-standard","has-post-thumbnail","hentry","category-instituciones","category-ultimas-noticias","tag-formacion","tag-infractores","tag-menores"],"jetpack_publicize_connections":[],"jetpack_featured_media_url":"https:\/\/i0.wp.com\/miradordeatarfe.es\/wp-content\/uploads\/2015\/06\/MENORES.jpg?fit=2048%2C1367&ssl=1","jetpack_likes_enabled":true,"jetpack_sharing_enabled":true,"_links":{"self":[{"href":"https:\/\/miradordeatarfe.es\/index.php?rest_route=\/wp\/v2\/posts\/2606","targetHints":{"allow":["GET"]}}],"collection":[{"href":"https:\/\/miradordeatarfe.es\/index.php?rest_route=\/wp\/v2\/posts"}],"about":[{"href":"https:\/\/miradordeatarfe.es\/index.php?rest_route=\/wp\/v2\/types\/post"}],"author":[{"embeddable":true,"href":"https:\/\/miradordeatarfe.es\/index.php?rest_route=\/wp\/v2\/users\/1"}],"replies":[{"embeddable":true,"href":"https:\/\/miradordeatarfe.es\/index.php?rest_route=%2Fwp%2Fv2%2Fcomments&post=2606"}],"version-history":[{"count":1,"href":"https:\/\/miradordeatarfe.es\/index.php?rest_route=\/wp\/v2\/posts\/2606\/revisions"}],"predecessor-version":[{"id":2608,"href":"https:\/\/miradordeatarfe.es\/index.php?rest_route=\/wp\/v2\/posts\/2606\/revisions\/2608"}],"wp:featuredmedia":[{"embeddable":true,"href":"https:\/\/miradordeatarfe.es\/index.php?rest_route=\/wp\/v2\/media\/2607"}],"wp:attachment":[{"href":"https:\/\/miradordeatarfe.es\/index.php?rest_route=%2Fwp%2Fv2%2Fmedia&parent=2606"}],"wp:term":[{"taxonomy":"category","embeddable":true,"href":"https:\/\/miradordeatarfe.es\/index.php?rest_route=%2Fwp%2Fv2%2Fcategories&post=2606"},{"taxonomy":"post_tag","embeddable":true,"href":"https:\/\/miradordeatarfe.es\/index.php?rest_route=%2Fwp%2Fv2%2Ftags&post=2606"}],"curies":[{"name":"wp","href":"https:\/\/api.w.org\/{rel}","templated":true}]}}