{"id":26065,"date":"2018-10-01T09:30:00","date_gmt":"2018-10-01T07:30:00","guid":{"rendered":"http:\/\/miradordeatarfe.es\/?p=26065"},"modified":"2018-09-28T12:35:14","modified_gmt":"2018-09-28T10:35:14","slug":"300-organizaciones-espanolas-piden-el-veto-mundial-de-los-vientres-de-alquiler","status":"publish","type":"post","link":"https:\/\/miradordeatarfe.es\/?p=26065","title":{"rendered":"300 organizaciones espa\u00f1olas piden el veto mundial de los vientres de alquiler"},"content":{"rendered":"<p class=\"articulo-subtitulo\" style=\"text-align: justify;\">Los colectivos de mujeres reclaman al Gobierno una postura com\u00fan en la ONU. Demandan que se anule la publicidad y que se persiga a los intermediarios<!--more--><\/p>\n<div id=\"cuerpo_noticia\" class=\"articulo-cuerpo\">\n<p style=\"text-align: justify;\">Representantes del Gobierno espa\u00f1ol acudir\u00e1n a Nueva York a la sesi\u00f3n anual de la Asamblea de Naciones Unidas. Cerca de 300 organizaciones de mujeres integradas en la Red Estatal contra el Alquiler de Vientres (RECAV) les han hecho un encargo: que promuevan una prohibici\u00f3n global de los vientres de alquiler y \u201cfrenen\u201d los intentos de legalizaci\u00f3n de esta pr\u00e1ctica.<\/p>\n<p style=\"text-align: justify;\">La red ha registrado este martes en el Congreso de los Diputados una propuesta en la que recuerda que el alquiler de vientres \u2014la t\u00e9cnica por la que una mujer gesta y pare el hijo para un tercero, tambi\u00e9n llamada gestaci\u00f3n subrogada\u2014 \u201ces una grave violaci\u00f3n de los derechos y la dignidad de las mujeres y menores\u201d y una forma de \u201cexplotaci\u00f3n reproductiva\u201d. Y piden ayuda al Gobierno del PSOE, tambi\u00e9n contrario a esta pr\u00e1ctica <a href=\"https:\/\/elpais.com\/sociedad\/2018\/09\/08\/actualidad\/1536418576_921412.html\">que no es legal en Espa\u00f1a<\/a>, aunque se estima que cientos de beb\u00e9s provenientes de otros pa\u00edses son registrados como hijos de parejas espa\u00f1olas. Recientemente, la ministra de Sanidad, Mar\u00eda Luisa Carcedo, la compar\u00f3 con el tr\u00e1fico de \u00f3rganos y de menores.<\/p>\n<p style=\"text-align: justify;\">Las organizaciones reclaman revisar las normativas de inscripci\u00f3n de los menores y que se proh\u00edba la publicidad y la intermediaci\u00f3n. Y solicita que los pa\u00edses participantes en la asamblea consideren retirar las aportaciones econ\u00f3micas a dos agencias de la ONU que apoyan \u201cde forma m\u00e1s o menos velada\u201d la legislaci\u00f3n de los vientres de alquiler: el Fondo de Poblaci\u00f3n de Naciones Unidas (UNFPA, en sus siglas en ingl\u00e9s) y el Alto Comisionado para los Derechos Humanos de la Organizacion de Naciones Unidas (OHCHR).<\/p>\n<p style=\"text-align: justify;\">La ONU no tiene una postura oficial sobre los vientres de alquiler, seg\u00fan explican portavoces de las citadas agencias y de ONU Mujeres. La RECAV ha dado la voz de alarma bas\u00e1ndose en el testimonio de un trabajador de Naciones Unidas, que alerta de negociaciones para apoyar la regulaci\u00f3n en pa\u00edses en desarrollo que la organizaci\u00f3n niega. Y tambi\u00e9n <a href=\"http:\/\/ap.ohchr.org\/documents\/dpage_s.aspx?m=102\" target=\"_blank\" rel=\"noopener\">en un informe reciente de la Relatora Especial de la ONU sobre la Venta y la Explotaci\u00f3n Sexual de Ni\u00f1os<\/a> en el que recomienda legislar la subrogaci\u00f3n \u201caltruista\u201d (aquella en la que supuestamente no media compensaci\u00f3n econ\u00f3mica a la madre gestante).<\/p>\n<p style=\"text-align: justify;\">El informe de la relatora admite que estas suelen provenir de pa\u00edses pobres y quienes alquilan su vientre de econom\u00edas saneadas y recoge casos de abusos como el empleo de madres de alquiler de la India y Tailandia por delincuentes condenados por delitos sexuales de Australia e Israel o el uso por un hombre japon\u00e9s adinerado de 11 madres de alquiler que dieron a luz a 16 ni\u00f1os en Tailandia y la India. Pese a todo, aboga por la \u201cregulaci\u00f3n adecuada\u201d de la gestaci\u00f3n altruista. Un portavoz de la ONU recuerda, no obstante, que el informe no recoge la posici\u00f3n oficial de la agencia porque los relatores son asesores externos. Admiten reuniones con Gobiernos de pa\u00edses en desarrollo para hablar de este asunto, pero \u201cno tratando de legalizarlo sino para asegurar que los derechos de las mujeres est\u00e9n garantizados en los pa\u00edses en los que ya es legal\u201d, asegura Emily Filmer, consejera de la UNFPA.<\/p>\n<p style=\"text-align: justify;\">Las integrantes de la RECAV creen que regular los vientres de alquiler supondr\u00eda la proliferaci\u00f3n de abusos, como pasa con la prostituci\u00f3n en los pa\u00edses donde est\u00e1 regulada y ha aumentado la trata. \u201cNo se puede hablar de altruismo cuando se firma un contrato previo, compensaciones econ\u00f3micas y renuncia a derechos fundamentales de las mujeres\u201d, replica Alicia Miyares, portavoz de la RECAV, que est\u00e1 recabando apoyos de organizaciones de mujeres de otros pa\u00edses a su manifiesto para conseguir el apoyo de otros Gobiernos.<\/p>\n<h3 style=\"text-align: justify;\">Debate \u00absosegado\u00bb<\/h3>\n<p style=\"text-align: justify;\">El presidente de la asociaci\u00f3n <em>Son Nuestros Hijos<\/em>, Marcos Jornet, ha pedido este martes al Gobierno un debate \u00absosegado\u00bb y \u00ablejos de los extremismos\u00bb, y que asuma la tarea de regular la gestaci\u00f3n subrogada \u00abcon responsabilidad, de forma \u00e9tica y garantista, en lugar de seguir mirando hacia otro lado ante una realidad social que es imparable\u00bb. \u00abQue escuche a las mujeres que han decidido libremente ayudar a otros a formar sus familias\u00bb, ha declarado Jornet a Europa Press.<\/p>\n<div class=\"autor\">\n<div class=\"autor-texto\" style=\"text-align: justify;\"><span class=\"autor-nombre\"> <a title=\"Ver todas las noticias de Pilar \u00c1lvarez\" href=\"https:\/\/elpais.com\/autor\/pilar_alvarez\/a\/\">Pilar \u00c1lvarez<\/a><\/span><\/div>\n<\/div>\n<p><a href=\"https:\/\/elpais.com\/sociedad\/2018\/09\/18\/actualidad\/1537292003_597176.html?id_externo_rsoc=FB_CC\">https:\/\/elpais.com\/sociedad\/2018\/09\/18\/actualidad\/1537292003_597176.html?id_externo_rsoc=FB_CC<\/a><\/p>\n<\/div>\n<div id=\"articulo_contenedor\" class=\"articulo__contenedor\">\n<figure class=\"foto centro foto_w980\">FOTO:<figcaption class=\"foto-pie\"><span class=\"foto-texto\">Albert Rivera (con chaqueta azul), sorprendido en M\u00e1laga por las activistas de Femen, que le reprochan su propuesta de regular los vientres de alquiler. <\/span> <span class=\"foto-firma\"><span class=\"foto-autor\">daniel p\u00e9rez<\/span> <span class=\"foto-agencia\"> EFE<\/span><\/span><\/figcaption><\/figure>\n<\/div>\n","protected":false},"excerpt":{"rendered":"<p>Los colectivos de mujeres reclaman al Gobierno una postura com\u00fan en la ONU. Demandan que&#8230;<\/p>\n","protected":false},"author":1,"featured_media":26066,"comment_status":"closed","ping_status":"closed","sticky":false,"template":"","format":"standard","meta":{"_coblocks_attr":"","_coblocks_dimensions":"","_coblocks_responsive_height":"","_coblocks_accordion_ie_support":"","jetpack_post_was_ever_published":false,"_jetpack_newsletter_access":"","_jetpack_dont_email_post_to_subs":false,"_jetpack_newsletter_tier_id":0,"_jetpack_memberships_contains_paywalled_content":false,"_jetpack_memberships_contains_paid_content":false,"footnotes":"","jetpack_publicize_message":"","jetpack_publicize_feature_enabled":true,"jetpack_social_post_already_shared":false,"jetpack_social_options":{"image_generator_settings":{"template":"highway","default_image_id":0,"enabled":false},"version":2}},"categories":[1161,14,186,9,44,15],"tags":[5345,3698,916],"class_list":["post-26065","post","type-post","status-publish","format-standard","has-post-thumbnail","hentry","category-ciudadania","category-feminismo","category-instituciones","category-medio-ambiente","category-noticias-de-hoy","category-ultimas-noticias","tag-explotacion-sexual","tag-gestacion-subrogada","tag-vientres-de-alquiler"],"jetpack_publicize_connections":[],"jetpack_featured_media_url":"https:\/\/i0.wp.com\/miradordeatarfe.es\/wp-content\/uploads\/2018\/09\/1537292003_597176_1537292179_noticia_normal_recorte1.jpg?fit=1960%2C1104&ssl=1","jetpack_likes_enabled":true,"jetpack_sharing_enabled":true,"_links":{"self":[{"href":"https:\/\/miradordeatarfe.es\/index.php?rest_route=\/wp\/v2\/posts\/26065","targetHints":{"allow":["GET"]}}],"collection":[{"href":"https:\/\/miradordeatarfe.es\/index.php?rest_route=\/wp\/v2\/posts"}],"about":[{"href":"https:\/\/miradordeatarfe.es\/index.php?rest_route=\/wp\/v2\/types\/post"}],"author":[{"embeddable":true,"href":"https:\/\/miradordeatarfe.es\/index.php?rest_route=\/wp\/v2\/users\/1"}],"replies":[{"embeddable":true,"href":"https:\/\/miradordeatarfe.es\/index.php?rest_route=%2Fwp%2Fv2%2Fcomments&post=26065"}],"version-history":[{"count":1,"href":"https:\/\/miradordeatarfe.es\/index.php?rest_route=\/wp\/v2\/posts\/26065\/revisions"}],"predecessor-version":[{"id":26067,"href":"https:\/\/miradordeatarfe.es\/index.php?rest_route=\/wp\/v2\/posts\/26065\/revisions\/26067"}],"wp:featuredmedia":[{"embeddable":true,"href":"https:\/\/miradordeatarfe.es\/index.php?rest_route=\/wp\/v2\/media\/26066"}],"wp:attachment":[{"href":"https:\/\/miradordeatarfe.es\/index.php?rest_route=%2Fwp%2Fv2%2Fmedia&parent=26065"}],"wp:term":[{"taxonomy":"category","embeddable":true,"href":"https:\/\/miradordeatarfe.es\/index.php?rest_route=%2Fwp%2Fv2%2Fcategories&post=26065"},{"taxonomy":"post_tag","embeddable":true,"href":"https:\/\/miradordeatarfe.es\/index.php?rest_route=%2Fwp%2Fv2%2Ftags&post=26065"}],"curies":[{"name":"wp","href":"https:\/\/api.w.org\/{rel}","templated":true}]}}