{"id":2617,"date":"2015-06-26T07:25:43","date_gmt":"2015-06-26T07:25:43","guid":{"rendered":"http:\/\/miradordeatarfe.es\/?p=2617"},"modified":"2015-06-28T10:15:34","modified_gmt":"2015-06-28T10:15:34","slug":"reconocimiento-al-ampa-atasiel-del-ies-iliberis","status":"publish","type":"post","link":"https:\/\/miradordeatarfe.es\/?p=2617","title":{"rendered":"Reconocimiento al AMPA Atasiel del IES ILIBERIS"},"content":{"rendered":"<p>La Subdelegaci\u00f3n de Gobierno ha concedido al <strong>AMPA Atasiel<\/strong> de nuestro centro un reconocimiento por su <strong>activa colaboraci\u00f3n con<\/strong> los expertos policiales en la implementaci\u00f3n del <strong>Plan Director<\/strong> <em>para la Convivencia y Mejora de la Seguridad en los centros Docentes y sus entornos. <\/em><!--more--><\/p>\n<p align=\"JUSTIFY\">La Asociaci\u00f3n de Madres y Padres de Alumnos (y alumnas) \u201cATASIEL\u201d, del IES \u201cILIBERIS\u201d de nuestra localidad, ha sido galardonada en la ma\u00f1ana de hoy, jueves 25 de junio de 2015, con uno de los 20 diplomas concedidos a Centros de Primaria y Secundaria de nuestra provincia en reconocimiento a su labor de mejora en la seguridad de los centros escolares, dentro del Plan Director que se desarrolla en colaboraci\u00f3n con los Cuerpos y Fuerzas de Seguridad del Estado (Polic\u00eda Nacional y Guardia Civil), con el apoyo de la Subdelegaci\u00f3n del Gobierno, y la Delegaci\u00f3n Provincial de Educaci\u00f3n, Cultura y Deporte de la Junta de Andaluc\u00eda.<\/p>\n<p align=\"JUSTIFY\">El propio Subdelegado del Gobierno en Granada y tres personas m\u00e1s, una por cada Organismo citado anteriormente, han sido los encargados de entregar dichos Diplomas, en una reuni\u00f3n corta pero emotiva, donde se ha resaltado la importancia de colaborar entre todos para conseguir mayor seguridad en los Centros, y tambi\u00e9n constatan el inter\u00e9s creciente de las Asociaciones de Familias del Alumnado por recibir asesoramiento, a trav\u00e9s de charlas, conferencias y debates, en cuestiones tan preocupantes como el acoso escolar, las drogas, el ciberbulling, los delitos relacionados con el mal uso de las nuevas tecnolog\u00edas,&#8230;<\/p>\n<p align=\"JUSTIFY\">El acto ha tenido lugar en la sede de la Subdelegaci\u00f3n, en la calle Gran V\u00eda de la capital granadina, al que tambi\u00e9n han asistido, adem\u00e1s del Director del Instituto Iliberis y el Presidente de la AMPA Atasiel, los otros diecinueve Centros de Primaria y Secundaria que han sido premiados por su trabajo en tan necesaria tarea.<\/p>\n<p align=\"JUSTIFY\">Es la primera vez que se concede esta distinci\u00f3n a una Asociaci\u00f3n de Madres y Padres de Alumnos, lo que a\u00f1ade sin duda un valor extra a este reconocimiento, que esperemos sirva de acicate al resto de Ampas de nuestros centros de ense\u00f1anza para que tomen conciencia de la necesidad de colaborar en todo momento, y especialmente en este terreno de la seguridad dentro de los Centros Escolares, con los Equipos Directivos de los mismos y con los Cuerpos de Seguridad, y se involucren m\u00e1s decididamente en la vida escolar mediante la inscripci\u00f3n en el mencionado Plan Director.<\/p>\n<p align=\"JUSTIFY\">Para finalizar, todos los asistentes al acto han inmortalizado el momento con las preceptivas fotograf\u00edas en las escalinatas de acceso al citado \u00d3rgano administrativo.<\/p>\n","protected":false},"excerpt":{"rendered":"<p>La Subdelegaci\u00f3n de Gobierno ha concedido al AMPA Atasiel de nuestro centro un reconocimiento por&#8230;<\/p>\n","protected":false},"author":1,"featured_media":2619,"comment_status":"closed","ping_status":"closed","sticky":false,"template":"","format":"standard","meta":{"_coblocks_attr":"","_coblocks_dimensions":"","_coblocks_responsive_height":"","_coblocks_accordion_ie_support":"","jetpack_post_was_ever_published":false,"_jetpack_newsletter_access":"","_jetpack_dont_email_post_to_subs":false,"_jetpack_newsletter_tier_id":0,"_jetpack_memberships_contains_paywalled_content":false,"_jetpack_memberships_contains_paid_content":false,"footnotes":"","jetpack_publicize_message":"","jetpack_publicize_feature_enabled":true,"jetpack_social_post_already_shared":false,"jetpack_social_options":{"image_generator_settings":{"template":"highway","default_image_id":0,"enabled":false},"version":2}},"categories":[2,187,15],"tags":[695,943],"class_list":["post-2617","post","type-post","status-publish","format-standard","has-post-thumbnail","hentry","category-atarfe","category-centros-educativos","category-ultimas-noticias","tag-convivencia","tag-plan-director"],"jetpack_publicize_connections":[],"jetpack_featured_media_url":"https:\/\/i0.wp.com\/miradordeatarfe.es\/wp-content\/uploads\/2015\/06\/manosierra.jpg?fit=1280%2C720&ssl=1","jetpack_likes_enabled":true,"jetpack_sharing_enabled":true,"_links":{"self":[{"href":"https:\/\/miradordeatarfe.es\/index.php?rest_route=\/wp\/v2\/posts\/2617","targetHints":{"allow":["GET"]}}],"collection":[{"href":"https:\/\/miradordeatarfe.es\/index.php?rest_route=\/wp\/v2\/posts"}],"about":[{"href":"https:\/\/miradordeatarfe.es\/index.php?rest_route=\/wp\/v2\/types\/post"}],"author":[{"embeddable":true,"href":"https:\/\/miradordeatarfe.es\/index.php?rest_route=\/wp\/v2\/users\/1"}],"replies":[{"embeddable":true,"href":"https:\/\/miradordeatarfe.es\/index.php?rest_route=%2Fwp%2Fv2%2Fcomments&post=2617"}],"version-history":[{"count":2,"href":"https:\/\/miradordeatarfe.es\/index.php?rest_route=\/wp\/v2\/posts\/2617\/revisions"}],"predecessor-version":[{"id":2621,"href":"https:\/\/miradordeatarfe.es\/index.php?rest_route=\/wp\/v2\/posts\/2617\/revisions\/2621"}],"wp:featuredmedia":[{"embeddable":true,"href":"https:\/\/miradordeatarfe.es\/index.php?rest_route=\/wp\/v2\/media\/2619"}],"wp:attachment":[{"href":"https:\/\/miradordeatarfe.es\/index.php?rest_route=%2Fwp%2Fv2%2Fmedia&parent=2617"}],"wp:term":[{"taxonomy":"category","embeddable":true,"href":"https:\/\/miradordeatarfe.es\/index.php?rest_route=%2Fwp%2Fv2%2Fcategories&post=2617"},{"taxonomy":"post_tag","embeddable":true,"href":"https:\/\/miradordeatarfe.es\/index.php?rest_route=%2Fwp%2Fv2%2Ftags&post=2617"}],"curies":[{"name":"wp","href":"https:\/\/api.w.org\/{rel}","templated":true}]}}