{"id":2627,"date":"2015-06-28T10:13:16","date_gmt":"2015-06-28T10:13:16","guid":{"rendered":"http:\/\/miradordeatarfe.es\/?p=2627"},"modified":"2015-06-29T07:47:00","modified_gmt":"2015-06-29T07:47:00","slug":"2627","status":"publish","type":"post","link":"https:\/\/miradordeatarfe.es\/?p=2627","title":{"rendered":"IV CONCURSO DE FOTOGRAF\u00cdA DE LA FUNDACI\u00d3N SIERRA ELVIRA"},"content":{"rendered":"<p>La Fundaci\u00f3n Sierra Elvira, en adelante la Fundaci\u00f3n, y el Departamento de Escultura de la Universidad de Granada convocron este IV Concurso de Fotograf\u00eda dirigido a mayores de edad, hasta un l\u00edmite de 35 a\u00f1os, residentes en la provincia de Granada.<!--more--><br \/>\nLa tem\u00e1tica del concurso es<strong> Escenas cotidianas,<\/strong> las fotograf\u00edas han de ser aptas para todos los p\u00fablicos. Cada participante podr\u00e1 enviar s\u00f3lo una fotograf\u00eda, que deb\u00eda de ser original, no premiada en otros concursos ni presentada al mismo tiempo en otro concurso.<br \/>\nCada participante garantiza ser el titular de la obra presentada por lo que exime a la Fundaci\u00f3n de cualquier reclamaci\u00f3n al respecto.<br \/>\nUn Jurado ha\u00a0 determinado los tres premios, que consisten cada uno en sendos Diplomas y una gratificaci\u00f3n.<br \/>\nLos autores de las obras premiadas ceden sus derechos a la Fundaci\u00f3n Sierra Elvira, pasando aquellas a formar parte del patrimonio de la Fundaci\u00f3n. Las copias del resto de las finalistas quedan para el patrimonio de la Fundaci\u00f3n. El uso de las obras por la Fundaci\u00f3n conllevar\u00e1 la cita del autor y su cualificaci\u00f3n en este concurso.<\/p>\n<p>Las obras finalistas estuvieron expuestas al p\u00fablico, entrada libre, el jueves 25 y viernes 26 de junio.<br \/>\nEl jueves 25 de junio tuvo lugar la entrega de los Diplomas y gratificaciones a los autores de las fotograf\u00edas premiadas, en el Centro Sociocultural <i>\u00abAna M\u00aa Palacios Poyatos y Joaqu\u00edn Lamolda G\u00f3mez\u00bb<\/i> de esta Fundaci\u00f3n. El jurado decidi\u00f3 por mayor\u00eda dar los siguientes premios:<\/p>\n<ul>\n<li>Premio 1\u00ba: <a href=\"http:\/\/www.fundacionsierraelvira.org\/fotos15\/f2015-premio1.jpg\">Morning<\/a>, por Marta G\u00f3mez Mac\u00edas<\/li>\n<\/ul>\n<p><a href=\"https:\/\/i0.wp.com\/miradordeatarfe.es\/wp-content\/uploads\/2015\/06\/5-morning.jpg?ssl=1\"><img data-recalc-dims=\"1\" loading=\"lazy\" decoding=\"async\" class=\"alignnone size-full wp-image-2628\" src=\"https:\/\/i0.wp.com\/miradordeatarfe.es\/wp-content\/uploads\/2015\/06\/5-morning.jpg?resize=189%2C142&#038;ssl=1\" alt=\"5-morning\" width=\"189\" height=\"142\" \/><\/a><\/p>\n<ul>\n<li>Premio 2\u00ba: <a href=\"http:\/\/www.fundacionsierraelvira.org\/fotos15\/f2015-premio2.jpg\">Ventana a la rutina<\/a>, por David D\u00edaz Jim\u00e9nez \u00a0\u00a0 &#8211;<\/li>\n<\/ul>\n<p><a href=\"https:\/\/i0.wp.com\/miradordeatarfe.es\/wp-content\/uploads\/2015\/06\/43-soledad.jpg?ssl=1\"><img data-recalc-dims=\"1\" loading=\"lazy\" decoding=\"async\" class=\"alignnone size-full wp-image-2629\" src=\"https:\/\/i0.wp.com\/miradordeatarfe.es\/wp-content\/uploads\/2015\/06\/43-soledad.jpg?resize=189%2C283&#038;ssl=1\" alt=\"43-soledad\" width=\"189\" height=\"283\" \/><\/a><\/p>\n<ul>\n<li>Premio 3\u00ba: <a href=\"http:\/\/www.fundacionsierraelvira.org\/fotos15\/f2015-premio3.jpg\">Soledad en compa\u00f1\u00eda<\/a>, por Mar\u00eda Amezcua Gonz\u00e1lez<\/li>\n<\/ul>\n<p><a href=\"https:\/\/i0.wp.com\/miradordeatarfe.es\/wp-content\/uploads\/2015\/06\/50-ventana.jpg?ssl=1\"><img data-recalc-dims=\"1\" loading=\"lazy\" decoding=\"async\" class=\"alignnone size-full wp-image-2630\" src=\"https:\/\/i0.wp.com\/miradordeatarfe.es\/wp-content\/uploads\/2015\/06\/50-ventana.jpg?resize=189%2C142&#038;ssl=1\" alt=\"50-ventana\" width=\"189\" height=\"142\" \/><\/a><\/p>\n","protected":false},"excerpt":{"rendered":"<p>La Fundaci\u00f3n Sierra Elvira, en adelante la Fundaci\u00f3n, y el Departamento de Escultura de la&#8230;<\/p>\n","protected":false},"author":1,"featured_media":2628,"comment_status":"closed","ping_status":"closed","sticky":false,"template":"","format":"standard","meta":{"_coblocks_attr":"","_coblocks_dimensions":"","_coblocks_responsive_height":"","_coblocks_accordion_ie_support":"","jetpack_post_was_ever_published":false,"_jetpack_newsletter_access":"","_jetpack_dont_email_post_to_subs":false,"_jetpack_newsletter_tier_id":0,"_jetpack_memberships_contains_paywalled_content":false,"_jetpack_memberships_contains_paid_content":false,"footnotes":"","jetpack_publicize_message":"","jetpack_publicize_feature_enabled":true,"jetpack_social_post_already_shared":false,"jetpack_social_options":{"image_generator_settings":{"template":"highway","default_image_id":0,"enabled":false},"version":2}},"categories":[2,15],"tags":[769,332],"class_list":["post-2627","post","type-post","status-publish","format-standard","has-post-thumbnail","hentry","category-atarfe","category-ultimas-noticias","tag-fotografias","tag-fundacion-sierra-elvira"],"jetpack_publicize_connections":[],"jetpack_featured_media_url":"https:\/\/i0.wp.com\/miradordeatarfe.es\/wp-content\/uploads\/2015\/06\/5-morning.jpg?fit=189%2C142&ssl=1","jetpack_likes_enabled":true,"jetpack_sharing_enabled":true,"_links":{"self":[{"href":"https:\/\/miradordeatarfe.es\/index.php?rest_route=\/wp\/v2\/posts\/2627","targetHints":{"allow":["GET"]}}],"collection":[{"href":"https:\/\/miradordeatarfe.es\/index.php?rest_route=\/wp\/v2\/posts"}],"about":[{"href":"https:\/\/miradordeatarfe.es\/index.php?rest_route=\/wp\/v2\/types\/post"}],"author":[{"embeddable":true,"href":"https:\/\/miradordeatarfe.es\/index.php?rest_route=\/wp\/v2\/users\/1"}],"replies":[{"embeddable":true,"href":"https:\/\/miradordeatarfe.es\/index.php?rest_route=%2Fwp%2Fv2%2Fcomments&post=2627"}],"version-history":[{"count":2,"href":"https:\/\/miradordeatarfe.es\/index.php?rest_route=\/wp\/v2\/posts\/2627\/revisions"}],"predecessor-version":[{"id":2632,"href":"https:\/\/miradordeatarfe.es\/index.php?rest_route=\/wp\/v2\/posts\/2627\/revisions\/2632"}],"wp:featuredmedia":[{"embeddable":true,"href":"https:\/\/miradordeatarfe.es\/index.php?rest_route=\/wp\/v2\/media\/2628"}],"wp:attachment":[{"href":"https:\/\/miradordeatarfe.es\/index.php?rest_route=%2Fwp%2Fv2%2Fmedia&parent=2627"}],"wp:term":[{"taxonomy":"category","embeddable":true,"href":"https:\/\/miradordeatarfe.es\/index.php?rest_route=%2Fwp%2Fv2%2Fcategories&post=2627"},{"taxonomy":"post_tag","embeddable":true,"href":"https:\/\/miradordeatarfe.es\/index.php?rest_route=%2Fwp%2Fv2%2Ftags&post=2627"}],"curies":[{"name":"wp","href":"https:\/\/api.w.org\/{rel}","templated":true}]}}