{"id":2640,"date":"2015-06-29T06:39:23","date_gmt":"2015-06-29T06:39:23","guid":{"rendered":"http:\/\/miradordeatarfe.es\/?p=2640"},"modified":"2015-06-30T07:37:30","modified_gmt":"2015-06-30T07:37:30","slug":"los-andaluces-de-la-escuela-publica-barren-en-los-premios-nacionales-de-bachillerato","status":"publish","type":"post","link":"https:\/\/miradordeatarfe.es\/?p=2640","title":{"rendered":"Los andaluces de la escuela p\u00fablica barren en los Premios Nacionales de Bachillerato"},"content":{"rendered":"<p>Cinco de los 15 galardonados este a\u00f1o por el Ministerio de Educaci\u00f3n, Cultura y Deporte estudian en institutos p\u00fablicos de Andaluc\u00eda.Es la comunidad aut\u00f3noma que ha salido mejor posicionada para unos reconocimientos en los que se exige una nota media m\u00ednima de 8,75<!--more--><\/p>\n<div id=\"edi-body\" class=\"mce-body mce no-sticky-adv-socios\">\n<p class=\"mce\">Uno de cada tres premios otorgados a los mejores expedientes de bachillerato en Espa\u00f1a este a\u00f1o ha sido para estudiantes de Andaluc\u00eda y de la escuela p\u00fablica. En total, cinco de los 15 Premios Nacionales de Bachillerato que ha concedido el Ministerio de Educaci\u00f3n, Cultura y Deporte y correspondientes al curso 2012\/2013.\u00a0Cada premiado recibir\u00e1 1.000 euros y un documento que acredita la obtenci\u00f3n del galard\u00f3n.<\/p>\n<p class=\"mce\">Estos premios son \u00abel reconocimiento oficial al esfuerzo, trabajo y dedicaci\u00f3n de los alumnos que finalizan sus estudios con excelente trayectoria acad\u00e9mica\u00bb, seg\u00fan el ministerio. Pero suponen tambi\u00e9n un aliento para una comunidad aut\u00f3noma que en el \u00faltimo informe PISA (programa internacional de evaluaci\u00f3n de estudiantes) mejoraba algo pero continuaba situada por debajo de la media de la OCDE y de la UE, y entre las cuatro peores regiones del pa\u00eds en cuanto grado de conocimiento de sus alumnos.<\/p>\n<div class=\"no-adv-socios\"><\/div>\n<p class=\"mce\">En concreto, Andaluc\u00eda ha sido la comunidad aut\u00f3noma que m\u00e1s alumnos ha aportado a los Premios Nacionales de Bachillerato, con los citados cinco, y por delante del Principado de Asturias (tres), y Castilla la Mancha y Castilla y Le\u00f3n, con dos cada una. Para optar a los mismos\u00a0<span class=\"mce\"> es necesario haber obtenido en el conjunto de los dos cursos de bachillerato una nota media igual o superior a 8,75 puntos y haber sido previamente galardonado con uno de los Premios Extraordinarios de Bachillerato convocados por las comunidades aut\u00f3nomas \u00abo por el Ministerio de Educaci\u00f3n, Cultura y Deporte en su \u00e1mbito de gesti\u00f3n\u00bb, seg\u00fan recogen las bases.<\/span><\/p>\n<p class=\"mce\"><span class=\"mce\"> Este a\u00f1o, los galardonados por Andaluc\u00eda son de los institutos\u00a0 El Tablero y L\u00f3pez-Neyra (C\u00f3rdoba), Alba Longa (Armilla, Granada), Pablo de Olavide (La Carolina, Ja\u00e9n) y San Isidoro (Sevilla). En la anterior convocatoria, la del curso 2011-2012 s\u00f3lo una alumna de Andaluc\u00eda consigui\u00f3 uno de estos galardones.<\/span><\/p>\n<\/div>\n","protected":false},"excerpt":{"rendered":"<p>Cinco de los 15 galardonados este a\u00f1o por el Ministerio de Educaci\u00f3n, Cultura y Deporte&#8230;<\/p>\n","protected":false},"author":1,"featured_media":2641,"comment_status":"closed","ping_status":"closed","sticky":false,"template":"","format":"standard","meta":{"_coblocks_attr":"","_coblocks_dimensions":"","_coblocks_responsive_height":"","_coblocks_accordion_ie_support":"","jetpack_post_was_ever_published":false,"_jetpack_newsletter_access":"","_jetpack_dont_email_post_to_subs":false,"_jetpack_newsletter_tier_id":0,"_jetpack_memberships_contains_paywalled_content":false,"_jetpack_memberships_contains_paid_content":false,"footnotes":"","jetpack_publicize_message":"","jetpack_publicize_feature_enabled":true,"jetpack_social_post_already_shared":false,"jetpack_social_options":{"image_generator_settings":{"template":"highway","default_image_id":0,"enabled":false},"version":2}},"categories":[187,15],"tags":[468,732,166],"class_list":["post-2640","post","type-post","status-publish","format-standard","has-post-thumbnail","hentry","category-centros-educativos","category-ultimas-noticias","tag-bachillerato","tag-notas","tag-premios"],"jetpack_publicize_connections":[],"jetpack_featured_media_url":"https:\/\/i0.wp.com\/miradordeatarfe.es\/wp-content\/uploads\/2015\/06\/BA.jpg?fit=643%2C431&ssl=1","jetpack_likes_enabled":true,"jetpack_sharing_enabled":true,"_links":{"self":[{"href":"https:\/\/miradordeatarfe.es\/index.php?rest_route=\/wp\/v2\/posts\/2640","targetHints":{"allow":["GET"]}}],"collection":[{"href":"https:\/\/miradordeatarfe.es\/index.php?rest_route=\/wp\/v2\/posts"}],"about":[{"href":"https:\/\/miradordeatarfe.es\/index.php?rest_route=\/wp\/v2\/types\/post"}],"author":[{"embeddable":true,"href":"https:\/\/miradordeatarfe.es\/index.php?rest_route=\/wp\/v2\/users\/1"}],"replies":[{"embeddable":true,"href":"https:\/\/miradordeatarfe.es\/index.php?rest_route=%2Fwp%2Fv2%2Fcomments&post=2640"}],"version-history":[{"count":1,"href":"https:\/\/miradordeatarfe.es\/index.php?rest_route=\/wp\/v2\/posts\/2640\/revisions"}],"predecessor-version":[{"id":2642,"href":"https:\/\/miradordeatarfe.es\/index.php?rest_route=\/wp\/v2\/posts\/2640\/revisions\/2642"}],"wp:featuredmedia":[{"embeddable":true,"href":"https:\/\/miradordeatarfe.es\/index.php?rest_route=\/wp\/v2\/media\/2641"}],"wp:attachment":[{"href":"https:\/\/miradordeatarfe.es\/index.php?rest_route=%2Fwp%2Fv2%2Fmedia&parent=2640"}],"wp:term":[{"taxonomy":"category","embeddable":true,"href":"https:\/\/miradordeatarfe.es\/index.php?rest_route=%2Fwp%2Fv2%2Fcategories&post=2640"},{"taxonomy":"post_tag","embeddable":true,"href":"https:\/\/miradordeatarfe.es\/index.php?rest_route=%2Fwp%2Fv2%2Ftags&post=2640"}],"curies":[{"name":"wp","href":"https:\/\/api.w.org\/{rel}","templated":true}]}}