{"id":26478,"date":"2018-10-22T07:50:40","date_gmt":"2018-10-22T05:50:40","guid":{"rendered":"http:\/\/miradordeatarfe.es\/?p=26478"},"modified":"2018-10-21T20:57:56","modified_gmt":"2018-10-21T18:57:56","slug":"cinco-victimas-de-los-curanderos","status":"publish","type":"post","link":"https:\/\/miradordeatarfe.es\/?p=26478","title":{"rendered":"Cinco v\u00edctimas de los curanderos"},"content":{"rendered":"<header class=\"ep-detail-header\">\n<div class=\"subtitle\">\n<p style=\"text-align: justify;\">El verdadero peligro de las pseudoterapias es que los pacientes abandonen el tratamiento m\u00e9dico. En el caso de enfermedades graves, como el c\u00e1ncer, la elecci\u00f3n puede costar la vida al enfermo<\/p>\n<\/div>\n<\/header>\n<p style=\"text-align: justify;\"><!--more--><\/p>\n<p style=\"text-align: justify;\">Cualquier persona -con independencia de su formaci\u00f3n, inteligencia y solvencia econ\u00f3mica- es susceptible de caer en los cantos de sirena de los curanderos. La enfermedad nos hace especialmente vulnerables y muchos se agarran a un clavo ardiendo. El verdadero\u00a0<strong>peligro de las pseudociencias\u00a0<\/strong>est\u00e1 en las personas que sufren enfermedades graves, como el c\u00e1ncer. Si abandonan su tratamiento m\u00e9dico para abrazar la mal llamada\u00a0<strong>medicina alternativa<\/strong>\u00a0(que ni cura ni existe) el riesgo puede ser mortal. Estos son algunos ejemplos tristemente conocidos por su desenlace.<\/p>\n<h3 style=\"text-align: justify;\">Steve Jobs<\/h3>\n<p style=\"text-align: justify;\">El d\u00eda 5 de octubre del 2011 la muerte del\u00a0<strong>magnate de Apple<\/strong>\u00a0sorprend\u00eda el mundo. En 2004, apenas siete a\u00f1os antes, Steve Jobs hab\u00eda anunciado a sus empleados que se ausentar\u00eda de su puesto de trabajo debido a un\u00a0<strong>c\u00e1ncer de p\u00e1ncreas<\/strong>. Se trataba de una forma de tumor rara que, sin embargo, podr\u00eda solucionarse mediante la extirpaci\u00f3n quir\u00fargica. Pero este no fue el camino que sigui\u00f3 Jobs.<\/p>\n<p style=\"text-align: justify;\">Seg\u00fan relatar\u00eda a\u00f1os m\u00e1s tarde\u00a0<strong>Walter Isaacson<\/strong>\u00a0&#8211; su bi\u00f3grafo oficial &#8211; el empresario opt\u00f3 desde un principio por tratar su c\u00e1ncer con terapias alternativas como es el caso de la\u00a0<strong>acupuntura\u00a0<\/strong>y de las dietas a base de\u00a0<strong>zumos detox<\/strong>. En el 2009, tras un dr\u00e1stico empeoramiento de su estado de salud, Jobs se someti\u00f3 a un trasplante de h\u00edgado. Pero el tumor ya se hab\u00eda extendido a otros \u00f3rganos y, por aquel entonces, ya no quedaba nada que hacer.<\/p>\n<h3 style=\"text-align: justify;\">Peter Sellers<\/h3>\n<p style=\"text-align: justify;\">Steve Jobs no es el \u00fanico famoso que tendi\u00f3 la mano a las pseudoterapias. Peter Sellers, que sufr\u00eda del coraz\u00f3n, se puso en manos de gente que simulaba realizar operaciones sin bistur\u00ed. El protagonista de &#8216;El guateque&#8217; ten\u00eda ya un largo historial de problemas cardiacos cuando su m\u00e9dico le recomend\u00f3 someterse a un\u00a0<strong>bypass urgente<\/strong>, recuerda Luis Alfonso G\u00e1mez, socio fundador de C\u00edrculo Esc\u00e9ptico. \u00abSellers se neg\u00f3 y se puso en manos de un practicante de la cirug\u00eda ps\u00edquica, un estafador sin escr\u00fapulos que simul\u00f3 curarle con una\u00a0<strong>intervenci\u00f3n sin sangre, anestesia ni incisi\u00f3n alguna\u00bb.<\/strong>\u00a0Poco despu\u00e9s falleci\u00f3 de un ataque al coraz\u00f3n. Ten\u00eda 54 a\u00f1os.<\/p>\n<h3 style=\"text-align: justify;\">Mario Rodr\u00edguez<\/h3>\n<p style=\"text-align: justify;\">Mario Rodr\u00edguez\u00a0muri\u00f3 en 2013 en Valencia. Ten\u00eda\u00a0<strong>21 a\u00f1os<\/strong>\u00a0y hac\u00eda meses que le hab\u00edan\u00a0<strong>diagnosticado leucemia<\/strong>. En un primer momento el joven acudi\u00f3 al hospital Arnau de Vilanova para someterse a un tratamiento de quimioterapia y trasplante de m\u00e9dula \u00f3sea, lo que hizo que la leucemia entrara en remisi\u00f3n.\u00a0M\u00e1s tarde, Mario conoci\u00f3 a un\u00a0<strong>m\u00e9dico naturista<\/strong>\u00a0que le convenci\u00f3 a abandonar la quimioterapia porque el tratamiento no estaba siendo efectivo. La enfermedad volvi\u00f3 y para cuando quisieron darse cuenta era demasiado tarde.<\/p>\n<p style=\"text-align: justify;\">Tras la muerte de su hijo,\u00a0<strong>el padre de Mario<\/strong>\u00a0decidi\u00f3 recoger\u00a0su testimonio\u00a0para que situaciones como esta no volvieran a repetirse. A partir de ah\u00ed, la familia del joven emprendi\u00f3 una lucha judicial contra Jos\u00e9 Ram\u00f3n Llorente, al que acus\u00f3 de dos delitos: intrusismo y homicidio por imprudencia grave. Los jueces, sin embargo, le absolvieron el a\u00f1o pasado.<\/p>\n<h3 style=\"text-align: justify;\">Cristina Beraza<\/h3>\n<p style=\"text-align: justify;\">Cristina Beraza\u00a0muri\u00f3 el verano del 2017. Ten\u00eda 53 a\u00f1os y un\u00a0c\u00e1ncer de ano\u00a0que le hab\u00eda comido todo el cuerpo. Cuando se lo diagnosticaron, los m\u00e9dicos de la sanidad p\u00fablica vasca fueron optimistas. \u201cEs un tipo de c\u00e1ncer no frecuente, pero tiene unos \u00edndices de recuperaci\u00f3n muy buenos\u201d, la animaron. Empez\u00f3 a tratarse con\u00a0<strong>quimioterapia<\/strong>. Inc\u00f3moda con los laxantes que le recetaron en el hospital, acudi\u00f3 a\u00a0la herborister\u00eda\u00a0de su pueblo,\u00a0Hondarribia\u00a0(Guip\u00fazcoa), para comprar otros\u00a0m\u00e1s naturales\u00a0y menos molestos.<\/p>\n<p style=\"text-align: justify;\">La propietaria le recomend\u00f3 que acudiera a un experto en medicina oriental, un naturista que \u201chab\u00eda curado a otras personas con c\u00e1ncer\u201d y que ten\u00eda la consulta en la misma herborister\u00eda.\u00a0Cristina acept\u00f3. Fue el principio de su fin. A los tres meses\u00a0<strong>dej\u00f3 la quimioterapia<\/strong>.\u00a0El curandero le comi\u00f3 la cabeza. \u00abLe dijo que el c\u00e1ncer lo ten\u00eda en su imaginaci\u00f3n y que si\u00a0segu\u00eda con la medicina tradicional acabar\u00eda en una caja de pino\u201d, relat\u00f3 a EL PERI\u00d3DICO su hija Elena, de 22 a\u00f1os, que hace unos meses se arm\u00f3 de valor y, junto a su t\u00eda y su hermano, interpusieron una\u00a0<strong>denuncia por estafa ante la Ertzaintza<\/strong>.\u00a0\u201cNo s\u00e9 qu\u00e9 decidir\u00e1 el juez. No s\u00e9, incluso, si habr\u00e1 juicio. Pero tras la muerte de mi madre me enter\u00e9 de que este se\u00f1or segu\u00eda tratando clientes en la herborister\u00eda, as\u00ed que lo he denunciado porque no quiero que nadie m\u00e1s sufra lo que sufri\u00f3 mi madre. Mi objetivo es que nadie m\u00e1s se ponga en sus manos\u201d, explic\u00f3 la joven.<\/p>\n<h3 style=\"text-align: justify;\">Rosa Morillo<\/h3>\n<p style=\"text-align: justify;\">En 2014\u00a0<strong>Rosa Morillo<\/strong>\u00a0se percat\u00f3 de un bulto de un cent\u00edmetro en su pecho. Tras la exploraci\u00f3n m\u00e9dica inicial, la economista acudi\u00f3 a una ginec\u00f3loga colegiada que le recomend\u00f3 empezar un tratamiento basado en homeopat\u00eda. Un a\u00f1o despu\u00e9s,\u00a0<strong>el c\u00e1ncer ya se hab\u00eda extendido a la piel, huesos y m\u00e9dula<\/strong>. En 2016, la paciente acude a la consulta del doctor\u00a0Mart\u00ed Bosch en la que el natur\u00f3pata le receta un conjunto de preparados homeop\u00e1ticos, fitoterapeut\u00edcos y ortomoleculares. Un a\u00f1o despu\u00e9s, Rosa fallece. El 22 de septiembre, el periodista cient\u00edfico\u00a0<strong>Javier Salas<\/strong>\u00a0recogi\u00f3 su historia a trav\u00e9s de las palabras de su hermana en un\u00a0reportaje publicado en &#8216;El Pa\u00eds&#8217;.<\/p>\n<div class=\"ep-toolbar\">\n<div class=\"block\">\n<div class=\"signature\">\n<div class=\"txt\">\n<p style=\"text-align: justify;\"><span class=\"author-link\">Valentina Raffio \/ Olga Pereda<\/span><\/p>\n<\/div>\n<p>FOTO: Steve Jobs pocos meses antes de fallecer, en una foto de archivo del 2011<\/p>\n<p><a href=\"https:\/\/www.elperiodico.com\/es\/sociedad\/20181020\/victimas-terapias-alternativas-pseudociencias-7097851\">https:\/\/www.elperiodico.com\/es\/sociedad\/20181020\/victimas-terapias-alternativas-pseudociencias-7097851<\/a><\/p>\n<\/div>\n<\/div>\n<\/div>\n","protected":false},"excerpt":{"rendered":"<p>El verdadero peligro de las pseudoterapias es que los pacientes abandonen el tratamiento m\u00e9dico. En&#8230;<\/p>\n","protected":false},"author":1,"featured_media":26479,"comment_status":"closed","ping_status":"closed","sticky":false,"template":"","format":"standard","meta":{"_coblocks_attr":"","_coblocks_dimensions":"","_coblocks_responsive_height":"","_coblocks_accordion_ie_support":"","jetpack_post_was_ever_published":false,"_jetpack_newsletter_access":"","_jetpack_dont_email_post_to_subs":false,"_jetpack_newsletter_tier_id":0,"_jetpack_memberships_contains_paywalled_content":false,"_jetpack_memberships_contains_paid_content":false,"footnotes":"","jetpack_publicize_message":"","jetpack_publicize_feature_enabled":true,"jetpack_social_post_already_shared":false,"jetpack_social_options":{"image_generator_settings":{"template":"highway","default_image_id":0,"enabled":false},"version":2}},"categories":[44,15,10],"tags":[3782,55],"class_list":["post-26478","post","type-post","status-publish","format-standard","has-post-thumbnail","hentry","category-noticias-de-hoy","category-ultimas-noticias","category-salud","tag-curanderos","tag-salud"],"jetpack_publicize_connections":[],"jetpack_featured_media_url":"https:\/\/i0.wp.com\/miradordeatarfe.es\/wp-content\/uploads\/2018\/10\/rjulve16174181-san-francisco-june-apple-ceo-steve-jobs-delivers-t181019143018-1539952361631.jpg?fit=1200%2C674&ssl=1","jetpack_likes_enabled":true,"jetpack_sharing_enabled":true,"_links":{"self":[{"href":"https:\/\/miradordeatarfe.es\/index.php?rest_route=\/wp\/v2\/posts\/26478","targetHints":{"allow":["GET"]}}],"collection":[{"href":"https:\/\/miradordeatarfe.es\/index.php?rest_route=\/wp\/v2\/posts"}],"about":[{"href":"https:\/\/miradordeatarfe.es\/index.php?rest_route=\/wp\/v2\/types\/post"}],"author":[{"embeddable":true,"href":"https:\/\/miradordeatarfe.es\/index.php?rest_route=\/wp\/v2\/users\/1"}],"replies":[{"embeddable":true,"href":"https:\/\/miradordeatarfe.es\/index.php?rest_route=%2Fwp%2Fv2%2Fcomments&post=26478"}],"version-history":[{"count":2,"href":"https:\/\/miradordeatarfe.es\/index.php?rest_route=\/wp\/v2\/posts\/26478\/revisions"}],"predecessor-version":[{"id":26482,"href":"https:\/\/miradordeatarfe.es\/index.php?rest_route=\/wp\/v2\/posts\/26478\/revisions\/26482"}],"wp:featuredmedia":[{"embeddable":true,"href":"https:\/\/miradordeatarfe.es\/index.php?rest_route=\/wp\/v2\/media\/26479"}],"wp:attachment":[{"href":"https:\/\/miradordeatarfe.es\/index.php?rest_route=%2Fwp%2Fv2%2Fmedia&parent=26478"}],"wp:term":[{"taxonomy":"category","embeddable":true,"href":"https:\/\/miradordeatarfe.es\/index.php?rest_route=%2Fwp%2Fv2%2Fcategories&post=26478"},{"taxonomy":"post_tag","embeddable":true,"href":"https:\/\/miradordeatarfe.es\/index.php?rest_route=%2Fwp%2Fv2%2Ftags&post=26478"}],"curies":[{"name":"wp","href":"https:\/\/api.w.org\/{rel}","templated":true}]}}