{"id":26490,"date":"2018-10-22T10:19:49","date_gmt":"2018-10-22T08:19:49","guid":{"rendered":"http:\/\/miradordeatarfe.es\/?p=26490"},"modified":"2018-10-21T21:24:17","modified_gmt":"2018-10-21T19:24:17","slug":"el-calendario-laboral-de-2019-tendra-8-festivos-con-dos-puentes-nacionales","status":"publish","type":"post","link":"https:\/\/miradordeatarfe.es\/?p=26490","title":{"rendered":"El calendario laboral de 2019 tendr\u00e1 8 festivos, con dos puentes nacionales"},"content":{"rendered":"<div class=\"grid__view grid__view--12cFull\">\n<div id=\"column-1\" class=\"portlet-column\">\n<div id=\"layout-column_column-1\" class=\"portlet-dropzone itr-rm portlet-column-content portlet-column-content-first\">\n<div id=\"p_p_id_contentviewerportlet_WAR_newsportlet_INSTANCE_3fa954987af14c30b3e8966c4164a8a7_\" class=\"portlet-boundary   portlet-static portlet-static-end portlet-boundary_contentviewerportlet_WAR_newsportlet_ content-viewer-portlet \">\n<div class=\"td-portlet itr-rm\">\n<section id=\"portlet_contentviewerportlet_WAR_newsportlet_INSTANCE_3fa954987af14c30b3e8966c4164a8a7\" class=\"portlet itr-rm\">\n<div class=\"portlet-content itr-rm\">\n<div class=\" itr-rm portlet-content-container\">\n<div class=\"portlet-body itr-rm \">\n<div class=\"last td-viewer full-access norestricted\">\n<div class=\"news-detail news-detail__bg-image\">\n<div class=\"news-detail__bg-image--content\">\n<div class=\"row row--news-detail row--white news\">\n<div class=\"row__col row__col_sw_12 row__col_mw_8 row__col_lw_8\">\n<p class=\"news-detail__new__subtitle\">El Viernes Santo ser\u00e1 el 19 de abril; el 1 de noviembre y el 6 de diciembre caen en vierne<\/p>\n<\/div>\n<\/div>\n<\/div>\n<\/div>\n<\/div>\n<\/div>\n<\/div>\n<\/div>\n<\/section>\n<\/div>\n<\/div>\n<\/div>\n<\/div>\n<\/div>\n<div id=\"main-content\" class=\"grid__view grid__view--12c grid__view--marginBottom\" role=\"main\">\n<div id=\"column-5\" class=\"portlet-column row row--news-detail row--white\">\n<div id=\"layout-column_column-5\" class=\"portlet-dropzone itr-rm portlet-column-content portlet-column-content-first\">\n<div id=\"p_p_id_contentviewerportlet_WAR_newsportlet_INSTANCE_faad73871b53409289deed32b7a1486a_\" class=\"portlet-boundary   portlet-static portlet-static-end portlet-boundary_contentviewerportlet_WAR_newsportlet_ content-viewer-portlet \">\n<div class=\"td-portlet itr-rm\">\n<section id=\"portlet_contentviewerportlet_WAR_newsportlet_INSTANCE_faad73871b53409289deed32b7a1486a\" class=\"portlet itr-rm\">\n<div class=\"portlet-content itr-rm\">\n<div class=\" itr-rm portlet-content-container\">\n<div class=\"portlet-body itr-rm \">\n<div class=\"last td-viewer full-access norestricted\">\n<div class=\"row row--news-detail row--white signature\">\n<div class=\"row__col row__col_sw_12 row__col_mw_6 row__col_lw_6\">\n<div class=\"row row--white\"><\/div>\n<div class=\"row row--white signature__row\"><\/div>\n<\/div>\n<\/div>\n<\/div>\n<\/div>\n<\/div>\n<\/div>\n<\/section>\n<\/div>\n<\/div>\n<div id=\"p_p_id_118_INSTANCE_4878a95b73944db5abca486aca710703_\" class=\"portlet-boundary   portlet-static portlet-static-end portlet-boundary_118_ portlet-nested-portlets \">\n<div class=\"td-portlet itr-rm\">\n<section id=\"portlet_118_INSTANCE_4878a95b73944db5abca486aca710703\" class=\"portlet itr-rm\">\n<div class=\"portlet-content itr-rm\">\n<div class=\" itr-rm portlet-content-container\">\n<div class=\"portlet-body itr-rm \">\n<div id=\"_118_INSTANCE_4878a95b73944db5abca486aca710703_main-content\" class=\"grid__view grid__view--8c4c grid__view--marginBottom\" role=\"main\">\n<div class=\"portlet-layout lrrow1 row row--nopadding row--white\">\n<div id=\"_118_INSTANCE_4878a95b73944db5abca486aca710703_column-0\" class=\"portlet-column row__col row__col_sw_12 row__col_mw_8 row__col_lw_8\">\n<div id=\"layout-column__118_INSTANCE_4878a95b73944db5abca486aca710703__column-0\" class=\"portlet-dropzone itr-rm portlet-column-content portlet-column-content-first\">\n<div id=\"p_p_id_contentviewerportlet_WAR_newsportlet_INSTANCE_f8920988b4d444188eeab46b6e5cc4e0_\" class=\"portlet-boundary   portlet-static portlet-static-end portlet-boundary_contentviewerportlet_WAR_newsportlet_ content-viewer-portlet \">\n<div class=\"td-portlet itr-rm\">\n<section id=\"portlet_contentviewerportlet_WAR_newsportlet_INSTANCE_f8920988b4d444188eeab46b6e5cc4e0\" class=\"portlet itr-rm\">\n<div class=\"portlet-content itr-rm\">\n<div class=\" itr-rm portlet-content-container\">\n<div class=\"portlet-body itr-rm \">\n<div class=\"last td-viewer full-access norestricted\">\n<div><!--more--><\/div>\n<div class=\"news-detail news-detail__body\">\n<div class=\"paragraph\">\n<p class=\"news-detail__paragraph news-detail__paragraph--first-letter\" style=\"text-align: justify;\">El a\u00f1o 2019 tendr\u00e1 <em>ocho d\u00edas laborables que ser\u00e1n festivos y dos puentes nacionales,<\/em> ya que tanto el 1 de noviembre, d\u00eda de Todos los Santos, como el 6 de diciembre, d\u00eda de la Constituci\u00f3n, caen en viernes.<\/p>\n<p class=\"news-detail__paragraph\" style=\"text-align: justify;\">Seg\u00fan el calendario laboral elaborado por la Direcci\u00f3n General de Empleo y publicado hoy por el Bolet\u00edn Oficial del Estado (BOE),<b> las ocho fiestas nacionales son: A\u00f1o Nuevo (1 de enero), Viernes Santo (19 de abril), la Fiesta del Trabajo (1 de mayo), la Asunci\u00f3n de la Virgen (15 de agosto), la Fiesta Nacional (12 de octubre), Todos los Santos (1 de noviembre), el D\u00eda de la Constituci\u00f3n (6 de diciembre) y Navidad (25 de diciembre). <\/b>De ellos, caen en viernes el 1 de noviembre y el 6 de diciembre, lo que permitir\u00e1 hacer puente en ambas fechas.<\/p>\n<p class=\"news-detail__paragraph\" style=\"text-align: justify;\">Adem\u00e1s de estos ocho festivos, todas las comunidades aut\u00f3nomas, excepto Catalu\u00f1a y la Comunidad Valenciana, celebrar\u00e1n el Jueves Santo (18 de abril). El Lunes de Pascua (22 de abril) ser\u00e1 festivo en Baleares, Cantabria, Castilla-La Mancha, Catalu\u00f1a, Comunidad Valenciana, Navarra, Pa\u00eds Vasco y La Rioja.<\/p>\n<p class=\"news-detail__paragraph\" style=\"text-align: justify;\">Como el 6 de enero, Epifan\u00eda del Se\u00f1or, cae en domingo, las comunidades de Andaluc\u00eda, Arag\u00f3n, Asturias, Canarias, Castilla y Le\u00f3n, Extremadura, Madrid, Murcia y Navarra y las ciudades aut\u00f3nomas de Ceuta y Melilla pasan la festividad al lunes 7 de enero.<\/p>\n<p class=\"news-detail__paragraph\" style=\"text-align: justify;\">Tambi\u00e9n<b> es domingo el 8 de diciembre, fiesta de la Inmaculada Concepci\u00f3n, por lo que se traslada al lunes 9 de diciembre la festividad en Arag\u00f3n, Asturias, Cantabria, Castilla y Le\u00f3n, Extremadura, Madrid, La Rioja, Ceuta y Melilla. <\/b>El d\u00eda de San Jos\u00e9 (19 marzo) ser\u00e1 fiesta en la Comunidad Valenciana, Galicia, Murcia, Navarra y Pa\u00eds Vasco, mientras que solo ser\u00e1 festivo el d\u00eda de Santiago Ap\u00f3stol (25 de julio) en Cantabria, Galicia y Pa\u00eds Vasco.<\/p>\n<p class=\"news-detail__paragraph\" style=\"text-align: justify;\">Castilla-La Mancha ser\u00e1 la \u00fanica comunidad que celebre el d\u00eda del Corpus Christi (20 de junio), mientras que San Esteban (26 de diciembre) ser\u00e1 festivo en Baleares y Catalu\u00f1a. Adem\u00e1s, todas las regiones celebrar\u00e1n sus respectivas festividades auton\u00f3micas.<\/p>\n<p class=\"news-detail__paragraph\" style=\"text-align: justify;\">La relaci\u00f3n de festividades nacionales del a\u00f1o que viene es la siguiente:<\/p>\n<p class=\"news-detail__paragraph\" style=\"text-align: justify;\"><b>1 de enero: <\/b>A\u00f1o Nuevo (martes)<\/p>\n<p class=\"news-detail__paragraph\" style=\"text-align: justify;\"><b>19 de abril: <\/b>Viernes Santo (viernes)<\/p>\n<p class=\"news-detail__paragraph\" style=\"text-align: justify;\"><b>1 de mayo: <\/b>Fiesta del Trabajo (mi\u00e9rcoles)<\/p>\n<p class=\"news-detail__paragraph\" style=\"text-align: justify;\"><b>15 de agosto:<\/b> Asunci\u00f3n de la Virgen (jueves)<\/p>\n<p class=\"news-detail__paragraph\" style=\"text-align: justify;\"><b>12 de octubre:<\/b> Fiesta Nacional de Espa\u00f1a (s\u00e1bado)<\/p>\n<p class=\"news-detail__paragraph\" style=\"text-align: justify;\"><b>1 de noviembre:<\/b> Todos los Santos (viernes)<\/p>\n<div id=\"SMIntext_reference_1540149555361\" class=\"SMreference_1540149555361\" style=\"text-align: justify;\"><\/div>\n<div id=\"SMIntext_efec_1540149555361\" style=\"text-align: justify;\"><\/div>\n<\/div>\n<\/div>\n<\/div>\n<\/div>\n<\/div>\n<\/div>\n<\/section>\n<\/div>\n<\/div>\n<\/div>\n<\/div>\n<\/div>\n<\/div>\n<\/div>\n<\/div>\n<\/div>\n<\/section>\n<\/div>\n<\/div>\n<\/div>\n<\/div>\n<\/div>\n<p style=\"text-align: justify;\">\n","protected":false},"excerpt":{"rendered":"<p>El Viernes Santo ser\u00e1 el 19 de abril; el 1 de noviembre y el 6&#8230;<\/p>\n","protected":false},"author":1,"featured_media":26491,"comment_status":"closed","ping_status":"closed","sticky":false,"template":"","format":"standard","meta":{"_coblocks_attr":"","_coblocks_dimensions":"","_coblocks_responsive_height":"","_coblocks_accordion_ie_support":"","jetpack_post_was_ever_published":false,"_jetpack_newsletter_access":"","_jetpack_dont_email_post_to_subs":false,"_jetpack_newsletter_tier_id":0,"_jetpack_memberships_contains_paywalled_content":false,"_jetpack_memberships_contains_paid_content":false,"footnotes":"","jetpack_publicize_message":"","jetpack_publicize_feature_enabled":true,"jetpack_social_post_already_shared":false,"jetpack_social_options":{"image_generator_settings":{"template":"highway","default_image_id":0,"enabled":false},"version":2}},"categories":[1161,9,44,15],"tags":[5375],"class_list":["post-26490","post","type-post","status-publish","format-standard","has-post-thumbnail","hentry","category-ciudadania","category-medio-ambiente","category-noticias-de-hoy","category-ultimas-noticias","tag-calendario-laboral"],"jetpack_publicize_connections":[],"jetpack_featured_media_url":"https:\/\/i0.wp.com\/miradordeatarfe.es\/wp-content\/uploads\/2018\/10\/cgs8441_8796789_20181020110657.jpg?fit=755%2C425&ssl=1","jetpack_likes_enabled":true,"jetpack_sharing_enabled":true,"_links":{"self":[{"href":"https:\/\/miradordeatarfe.es\/index.php?rest_route=\/wp\/v2\/posts\/26490","targetHints":{"allow":["GET"]}}],"collection":[{"href":"https:\/\/miradordeatarfe.es\/index.php?rest_route=\/wp\/v2\/posts"}],"about":[{"href":"https:\/\/miradordeatarfe.es\/index.php?rest_route=\/wp\/v2\/types\/post"}],"author":[{"embeddable":true,"href":"https:\/\/miradordeatarfe.es\/index.php?rest_route=\/wp\/v2\/users\/1"}],"replies":[{"embeddable":true,"href":"https:\/\/miradordeatarfe.es\/index.php?rest_route=%2Fwp%2Fv2%2Fcomments&post=26490"}],"version-history":[{"count":1,"href":"https:\/\/miradordeatarfe.es\/index.php?rest_route=\/wp\/v2\/posts\/26490\/revisions"}],"predecessor-version":[{"id":26492,"href":"https:\/\/miradordeatarfe.es\/index.php?rest_route=\/wp\/v2\/posts\/26490\/revisions\/26492"}],"wp:featuredmedia":[{"embeddable":true,"href":"https:\/\/miradordeatarfe.es\/index.php?rest_route=\/wp\/v2\/media\/26491"}],"wp:attachment":[{"href":"https:\/\/miradordeatarfe.es\/index.php?rest_route=%2Fwp%2Fv2%2Fmedia&parent=26490"}],"wp:term":[{"taxonomy":"category","embeddable":true,"href":"https:\/\/miradordeatarfe.es\/index.php?rest_route=%2Fwp%2Fv2%2Fcategories&post=26490"},{"taxonomy":"post_tag","embeddable":true,"href":"https:\/\/miradordeatarfe.es\/index.php?rest_route=%2Fwp%2Fv2%2Ftags&post=26490"}],"curies":[{"name":"wp","href":"https:\/\/api.w.org\/{rel}","templated":true}]}}