{"id":26493,"date":"2018-10-22T11:30:32","date_gmt":"2018-10-22T09:30:32","guid":{"rendered":"http:\/\/miradordeatarfe.es\/?p=26493"},"modified":"2018-10-21T21:33:35","modified_gmt":"2018-10-21T19:33:35","slug":"atarfe-acoge-las-jornadas-de-integracion-con-motivo-de-la-semana-de-salud-mental-y-deporte","status":"publish","type":"post","link":"https:\/\/miradordeatarfe.es\/?p=26493","title":{"rendered":"Atarfe acoge las jornadas de integraci\u00f3n con motivo de la Semana de Salud Mental y Deporte"},"content":{"rendered":"<p>Un a\u00f1o m\u00e1s Atarfe es escenario de la Semana de Salud Mental y Deporte en la que han participado usuarios de FAISEM de distintos municipios.<!--more-->La <strong>Fundaci\u00f3n Andaluza para la Integraci\u00f3n Social de Personas con Enfermedad Mental (FAISEM)<\/strong> en Atarfe ha organizado, en colaboraci\u00f3n con la Concejal\u00eda de Deportes y la Ciudad Deportiva de Atarfe (Acidesa), un variado programa de actividades con motivo de\u00a0la Semana de la Salud Mental.<\/p>\n<p>La\u00a0semana se ha clausurado hoy en el Pabell\u00f3n de Deportes 1\u00ba de Mayo con la entrega de premios en la que ha participado la concejal de Deportes, <strong>Gloria Casado<\/strong>, quien ha elogiado la labor de integraci\u00f3n social que realiza a diario Faisem. \u0093La Semana de la Salud Mental\u00a0cobra especial importancia por la posibilidad que ofrece de estrechar lazos y\u00a0normalizar la convivencia gracias a la participaci\u00f3n de amigos, familiares y vecinos\u0094\u00a0.<\/p>\n<p>En\u00a0las jornadas han particiapdo usuarios procedentes de distintos municipios de la provincia que reciben la atenci\u00f3n de FAISEM y otras entidades sociales.<\/p>\n","protected":false},"excerpt":{"rendered":"<p>Un a\u00f1o m\u00e1s Atarfe es escenario de la Semana de Salud Mental y Deporte en&#8230;<\/p>\n","protected":false},"author":1,"featured_media":26494,"comment_status":"closed","ping_status":"closed","sticky":false,"template":"","format":"standard","meta":{"_coblocks_attr":"","_coblocks_dimensions":"","_coblocks_responsive_height":"","_coblocks_accordion_ie_support":"","jetpack_post_was_ever_published":false,"_jetpack_newsletter_access":"","_jetpack_dont_email_post_to_subs":false,"_jetpack_newsletter_tier_id":0,"_jetpack_memberships_contains_paywalled_content":false,"_jetpack_memberships_contains_paid_content":false,"footnotes":"","jetpack_publicize_message":"","jetpack_publicize_feature_enabled":true,"jetpack_social_post_already_shared":false,"jetpack_social_options":{"image_generator_settings":{"template":"highway","default_image_id":0,"enabled":false},"version":2}},"categories":[2,182,186,44,15],"tags":[81,5377,5378],"class_list":["post-26493","post","type-post","status-publish","format-standard","has-post-thumbnail","hentry","category-atarfe","category-deportes","category-instituciones","category-noticias-de-hoy","category-ultimas-noticias","tag-atarfe","tag-faisem","tag-salud-mental"],"jetpack_publicize_connections":[],"jetpack_featured_media_url":"https:\/\/i0.wp.com\/miradordeatarfe.es\/wp-content\/uploads\/2018\/10\/web-salud-mental-3.jpg?fit=700%2C525&ssl=1","jetpack_likes_enabled":true,"jetpack_sharing_enabled":true,"_links":{"self":[{"href":"https:\/\/miradordeatarfe.es\/index.php?rest_route=\/wp\/v2\/posts\/26493","targetHints":{"allow":["GET"]}}],"collection":[{"href":"https:\/\/miradordeatarfe.es\/index.php?rest_route=\/wp\/v2\/posts"}],"about":[{"href":"https:\/\/miradordeatarfe.es\/index.php?rest_route=\/wp\/v2\/types\/post"}],"author":[{"embeddable":true,"href":"https:\/\/miradordeatarfe.es\/index.php?rest_route=\/wp\/v2\/users\/1"}],"replies":[{"embeddable":true,"href":"https:\/\/miradordeatarfe.es\/index.php?rest_route=%2Fwp%2Fv2%2Fcomments&post=26493"}],"version-history":[{"count":1,"href":"https:\/\/miradordeatarfe.es\/index.php?rest_route=\/wp\/v2\/posts\/26493\/revisions"}],"predecessor-version":[{"id":26495,"href":"https:\/\/miradordeatarfe.es\/index.php?rest_route=\/wp\/v2\/posts\/26493\/revisions\/26495"}],"wp:featuredmedia":[{"embeddable":true,"href":"https:\/\/miradordeatarfe.es\/index.php?rest_route=\/wp\/v2\/media\/26494"}],"wp:attachment":[{"href":"https:\/\/miradordeatarfe.es\/index.php?rest_route=%2Fwp%2Fv2%2Fmedia&parent=26493"}],"wp:term":[{"taxonomy":"category","embeddable":true,"href":"https:\/\/miradordeatarfe.es\/index.php?rest_route=%2Fwp%2Fv2%2Fcategories&post=26493"},{"taxonomy":"post_tag","embeddable":true,"href":"https:\/\/miradordeatarfe.es\/index.php?rest_route=%2Fwp%2Fv2%2Ftags&post=26493"}],"curies":[{"name":"wp","href":"https:\/\/api.w.org\/{rel}","templated":true}]}}