{"id":26502,"date":"2018-10-23T12:03:03","date_gmt":"2018-10-23T10:03:03","guid":{"rendered":"http:\/\/miradordeatarfe.es\/?p=26502"},"modified":"2023-10-21T20:07:45","modified_gmt":"2023-10-21T18:07:45","slug":"medina-elvira-reescribe-la-granada-musulmana","status":"publish","type":"post","link":"https:\/\/miradordeatarfe.es\/?p=26502","title":{"rendered":"Medina Elvira reescribe la Granada musulmana"},"content":{"rendered":"<div id=\"main_main\">\n<div class=\"text\" style=\"text-align: justify;\"><b>Financiaci\u00f3n polaca permite excavar en el \u00e1rea moz\u00e1rabe de la urbe.Se han hallado vestigios de un muro que podr\u00eda corresponder a un edificio religioso<!--more--><\/b><\/p>\n<p>La vida es curiosa. La inestabilidad que sufre casi de forma cr\u00f3nica la esquina del mundo que desde aqu\u00ed se bautiza como Oriente Medio ha propiciado que Atarfe saque a la luz, en forma de piedra y polvo, parte de su pasado como ciudad clave para entender el tr\u00e1nsito \u00abdel mundo antiguo al mundo medieval\u00bb, seg\u00fan explica el arque\u00f3logo y director del proyecto general de investigaci\u00f3n La ciudad de Madinat Ilbira, Antonio Malpica.<\/p>\n<p>De vuelta a la situaci\u00f3n geopol\u00edtica internacional, si en Siria -por poner un ejemplo- los arque\u00f3logos no pueden trabajar, es probable que, de rebote, otras excavaciones salgan beneficiadas, en un movimiento similar al que ha vivido el turismo. Ese es el caso de Medina Elvira, un yacimiento que, augura Malpica, \u00absuperar\u00e1 nuestras vidas\u00bb. En este caso concreto, el estado polaco ha financiado la campa\u00f1a de excavaci\u00f3n que se desarrolla desde el pasado 24 de septiembre y que todav\u00eda se prolongar\u00e1 unas semanas en este enclave hist\u00f3rico, localizado entre los municipios de Pinos Puente y Atarfe y declarado Bien de Inter\u00e9s Cultural (BIC) desde 2004. Malpica indica que la campa\u00f1a prevista para la pr\u00f3xima primavera tambi\u00e9n contar\u00e1 con financiaci\u00f3n polaca. El que el equipo europeo se haya decidido por Medina Elvira como destino para trabajar en la historia del mundo musulm\u00e1n se debe, seg\u00fan el investigador granadino, a las \u00abrelaciones que mantenemos con la arqueolog\u00eda europea\u00bb, un campo que -como otros en la ciencia- ha superado las fronteras nacionales. Los polacos iniciaron los trabajos en Medina Elvira en 2016, a\u00f1o en el que se retomaron los trabajos que hab\u00edan cesado en 2009. Fueron siete a\u00f1os sin vida arqueol\u00f3gica.<\/p>\n<p>La carambola financiera ha permitido sacar a la luz, explica el arque\u00f3logo, los resultados de un sondeo realizado en las \u00faltimas semanas. \u00abAl poco de comenzar a excavar, a 25 cent\u00edmetros, encontramos los restos de un muro que conforman una cruj\u00eda\u00bb. Un espacio delimitado por dos muros que podr\u00edan ser los restos -con todas las cautelas pertinentes- de un edificio de entidad. \u00abNo me atrever\u00eda a decir qu\u00e9 era, pero podr\u00eda ser un edificio religioso\u00bb, indica Malpica. Se trata de un indicio m\u00e1s que corroborar\u00eda las hip\u00f3tesis previas sobre la naturaleza de esa zona excavada.<\/p>\n<p>La ciudad de Medina Elvira se fund\u00f3 a mediados del siglo IX, sobre los restos de una poblaci\u00f3n anterior que se ha datado de la \u00e9poca visigoda, \u00abposiblemente tardorromana\u00bb. Los vestigios apuntan a la existencia de esa ciudad previa entre los siglos IV y VII. En el IX se conforma la urbe isl\u00e1mica \u00abcon poblaci\u00f3n diversa\u00bb. En concreto, los hallazgos del sondeo que ayer se presentaron proceden de un barrio en el que se agrup\u00f3 poblaci\u00f3n cristiana. Se ha trabajado al pie del cortijo de Los Cigarrones, donde el arque\u00f3logo G\u00f3mez Moreno encontr\u00f3 la l\u00e1pida del obispo Ciprinano, que se conserva en el Museo Arqueol\u00f3gico y en la que figura el a\u00f1o 1009. En los \u00faltimos trabajos \u00abha aparecido una peque\u00f1a cruz\u00bb. Tambi\u00e9n se ha hallado un espacio cuadrado que podr\u00eda corresponder a los restos de una torre.<\/p>\n<p>En anteriores campa\u00f1as -sistem\u00e1ticas desde 2003, aunque ya hubo una intervenci\u00f3n anterior de urgencia en 2001 en el Cerro del Sombrerete- se han documentado viviendas, parte de la muralla, una puerta en la misma, restos que podr\u00edan corresponder a una mezquita, espacios p\u00fablicos y tambi\u00e9n enterramientos. Malpica se\u00f1ala que hubo convivencia con otras culturas e incluso es posible que se conservaran costumbres anteriores a la llegada de los musulmanes. As\u00ed, algunos de los cuerpos hallados est\u00e1n enterrados de c\u00fabito supino y no seg\u00fan el rito isl\u00e1mico, pese a que por la cer\u00e1mica los enterramientos datan del siglo X.<\/p>\n<p>La posibilidad de que hubiera un barrio moz\u00e1rabe en la gran ciudad de Medina Elvira -el yacimiento se extiende por 332 hect\u00e1reas- \u00abno es extra\u00f1o\u00bb, indica el investigador. Los residentes se agrupaban por origen o religi\u00f3n. Se da la circunstancia de que la poblaci\u00f3n de Medina Elvira de origen sirio propici\u00f3 la llegada la pen\u00ednsula de Abderraman I v\u00eda Almu\u00f1\u00e9car. \u00c9ste fue el primer emir independiente de C\u00f3rdoba, lo que realza la importancia que tuvo, para el devenir de la historia, la presencia de esos sirios en Granada.<\/p>\n<p>La urbe se desarrolla en torno a la mezquita mayor y la infraestructura defensiva (muralla), y tambi\u00e9n se extiende mediante asentamientos rurales, lo que explica la gran extensi\u00f3n. Adem\u00e1s, Malpica destaca la \u00abdensidad de las estructuras\u00bb, que han salido a la luz. Son las propias de una ciudad que podr\u00eda haber sido perfectamente la capital. Sin embargo, en el siglo XI Medina Elvira se abandona. En el XII aparecen restos de la red de acequias.<\/p>\n<p>Los restos de aquella ciudad revelan una \u00abhistoria apasionante\u00bb, indica el arque\u00f3logo, ya que estas infraestructuras se vinculan justo en el momento de transici\u00f3n entre el mundo antiguo y la Edad Media.<\/p>\n<p>El inter\u00e9s hist\u00f3rico del yacimiento ha calado en las administraciones p\u00fablicas. O al menos as\u00ed se mostr\u00f3 ayer en la presentaci\u00f3n de los resultados de la campa\u00f1a. El alcalde de Atarfe, Francisco Rodr\u00edguez Quesada, destac\u00f3 que lo descubierto \u00abes un elemento de inter\u00e9s\u00bb y que la intenci\u00f3n es \u00abvisualizar\u00bb los hallazgos. El Ayuntamiento ha colaborado con una \u00abactitud magn\u00edfica\u00bb, seg\u00fan Malpica, y una campa\u00f1a de voluntarios en la que han participado 65 vecinos. El alcalde expres\u00f3 su intenci\u00f3n de que los restos cuenten con una infraestructura que permita su visita. \u00abEs uno de los grandes retos\u00bb, indic\u00f3 el regidor. Entre las propuestas que se barajan de cara al futuro est\u00e1n la construcci\u00f3n de un centro de interpretaci\u00f3n y de varios puntos de encuentro en los que se puedan conocer algunos de los hallazgos m\u00e1s relevantes. Tambi\u00e9n se busca un equipamiento municipal para mostrar una recreaci\u00f3n de la urbe.<\/p>\n<p>En la presentaci\u00f3n de los hallazgos localizados hasta el momento tambi\u00e9n estuvo el delegado territorial de Cultura, Guillermo Quero, que destac\u00f3 que los trabajos \u00abnos ayudan a conocer mejor nuestra historia\u00bb. \u00abDesde la Delegaci\u00f3n hemos prestado toda la colaboraci\u00f3n y delimitado el entorno de BIC que va a asegurar que se evite cualquier atentad al patrimonio\u00bb, expuso el delegado en declaraciones a los periodistas.<\/p><\/div>\n<h2><\/h2>\n<\/div>\n<p>&nbsp;<\/p>\n","protected":false},"excerpt":{"rendered":"<p>Financiaci\u00f3n polaca permite excavar en el \u00e1rea moz\u00e1rabe de la urbe.Se han hallado vestigios de&#8230;<\/p>\n","protected":false},"author":1,"featured_media":26503,"comment_status":"closed","ping_status":"closed","sticky":false,"template":"","format":"standard","meta":{"_coblocks_attr":"","_coblocks_dimensions":"","_coblocks_responsive_height":"","_coblocks_accordion_ie_support":"","jetpack_post_was_ever_published":false,"_jetpack_newsletter_access":"","_jetpack_dont_email_post_to_subs":false,"_jetpack_newsletter_tier_id":0,"_jetpack_memberships_contains_paywalled_content":false,"_jetpack_memberships_contains_paid_content":false,"footnotes":"","jetpack_publicize_message":"","jetpack_publicize_feature_enabled":true,"jetpack_social_post_already_shared":false,"jetpack_social_options":{"image_generator_settings":{"template":"highway","default_image_id":0,"enabled":false},"version":2}},"categories":[12,1225,5359,10431],"tags":[81,5380,2957,79],"class_list":["post-26502","post","type-post","status-publish","format-standard","has-post-thumbnail","hentry","category-cultura","category-ha-de-atarfe","category-madinat-ilbira","category-medina-elvira-2","tag-atarfe","tag-excavacciones","tag-madinat-ilbira","tag-medina-elvira"],"jetpack_publicize_connections":[],"jetpack_featured_media_url":"https:\/\/i0.wp.com\/miradordeatarfe.es\/wp-content\/uploads\/2018\/10\/muralla3.jpg?fit=200%2C317&ssl=1","jetpack_likes_enabled":true,"jetpack_sharing_enabled":true,"_links":{"self":[{"href":"https:\/\/miradordeatarfe.es\/index.php?rest_route=\/wp\/v2\/posts\/26502","targetHints":{"allow":["GET"]}}],"collection":[{"href":"https:\/\/miradordeatarfe.es\/index.php?rest_route=\/wp\/v2\/posts"}],"about":[{"href":"https:\/\/miradordeatarfe.es\/index.php?rest_route=\/wp\/v2\/types\/post"}],"author":[{"embeddable":true,"href":"https:\/\/miradordeatarfe.es\/index.php?rest_route=\/wp\/v2\/users\/1"}],"replies":[{"embeddable":true,"href":"https:\/\/miradordeatarfe.es\/index.php?rest_route=%2Fwp%2Fv2%2Fcomments&post=26502"}],"version-history":[{"count":1,"href":"https:\/\/miradordeatarfe.es\/index.php?rest_route=\/wp\/v2\/posts\/26502\/revisions"}],"predecessor-version":[{"id":26504,"href":"https:\/\/miradordeatarfe.es\/index.php?rest_route=\/wp\/v2\/posts\/26502\/revisions\/26504"}],"wp:featuredmedia":[{"embeddable":true,"href":"https:\/\/miradordeatarfe.es\/index.php?rest_route=\/wp\/v2\/media\/26503"}],"wp:attachment":[{"href":"https:\/\/miradordeatarfe.es\/index.php?rest_route=%2Fwp%2Fv2%2Fmedia&parent=26502"}],"wp:term":[{"taxonomy":"category","embeddable":true,"href":"https:\/\/miradordeatarfe.es\/index.php?rest_route=%2Fwp%2Fv2%2Fcategories&post=26502"},{"taxonomy":"post_tag","embeddable":true,"href":"https:\/\/miradordeatarfe.es\/index.php?rest_route=%2Fwp%2Fv2%2Ftags&post=26502"}],"curies":[{"name":"wp","href":"https:\/\/api.w.org\/{rel}","templated":true}]}}