{"id":26509,"date":"2018-10-23T09:08:25","date_gmt":"2018-10-23T07:08:25","guid":{"rendered":"http:\/\/miradordeatarfe.es\/?p=26509"},"modified":"2018-10-23T12:26:25","modified_gmt":"2018-10-23T10:26:25","slug":"incorporan-el-crimen-de-la-granadina-sara-correa-a-la-estadistica-oficial-de-asesinatos-por-violencia-machista","status":"publish","type":"post","link":"https:\/\/miradordeatarfe.es\/?p=26509","title":{"rendered":"Incorporan el crimen de la granadina Sara Correa a la estad\u00edstica oficial de asesinatos por violencia machista"},"content":{"rendered":"<p style=\"text-align: justify;\">El crimen sigui\u00f3 en investigaci\u00f3n hasta que hubo sentencia y pese a que su pareja fue detenida 72 horas despu\u00e9s de su muerte<!--more--><\/p>\n<div class=\"voc-detail voc-detail-grid\" style=\"text-align: justify;\" data-voc-share-selection=\"\">\n<p>La Delegaci\u00f3n de Gobierno para la violencia de g\u00e9nero ha incorporado recientemente a las estad\u00edsticas de v\u00edctimas mortales a dos mujeres dos a\u00f1os despu\u00e9s de haber sido asesinadas. Desde 2016, las muertes de la granadina Sara Correa y otra mujer de Almer\u00eda, cuya identidad no ha podido ser confirmada, permanec\u00edan en investigaci\u00f3n. Su incorporaci\u00f3n a la estad\u00edstica de v\u00edctimas mortales se produjo tras la sentencia que conden\u00f3 a sus asesinos. Con estas dos mujeres, 2016 se cerr\u00f3 con 47 v\u00edctimas mortales.<\/p>\n<p>Seg\u00fan han explicado fuentes de la Delegaci\u00f3n de Gobierno a Europa Press, en ambos casos exist\u00edan dudas sobre la autor\u00eda del asesinato que aconsejaban esperar hasta la resoluci\u00f3n judicial. Sin embargo, la familia de Sara Correa, que dej\u00f3 tres hijos hu\u00e9rfanos, pidi\u00f3 desde el principio que su muerte fuese considerada un crimen machista.<\/p>\n<p>Pese a que el caso fue instruido por un juzgado de violencia de g\u00e9nero y que su pareja sentimental fue detenida 72 horas despu\u00e9s de que Sara fuese hallada agonizando junto a un contenedor de basura, el caso no fue reconocido como crimen machista hasta la sentencia de la Audiencia de Granada que conden\u00f3 a su asesino a 22 a\u00f1os de c\u00e1rcel.<\/p>\n<p>\u00abPor mi hermana no se convocaron concentraciones de repulsa, nadie nos llam\u00f3 hasta que pasaron tres semanas de su muerte y lo \u00fanico que nos dec\u00edan era que su asesinato no estaba claro cuando su asesino ha estado durante todo este tiempo en la c\u00e1rcel\u00bb, ha explicado a Europa Press la hermana de la v\u00edctima, Olga Correa, quien ha lamentado el desamparo en el que se han visto durante estos dos a\u00f1os.<\/p>\n<p>Pero el caso de Sara y de la otra v\u00edctima de Almer\u00eda no son los \u00fanicos. Ese mismo a\u00f1o, otro crimen de una mujer en Lugo qued\u00f3 en investigaci\u00f3n y no fue incorporado a las estad\u00edsticas oficiales hasta 2017, al igual que el crimen de un beb\u00e9 de 45 d\u00edas en N\u00edjar, incluido entre los menores v\u00edctima de violencia machista a principios de 2018.<\/p>\n<p>La presidenta del Observatorio de Violencia Dom\u00e9stica y de G\u00e9nero del Consejo General del Poder Judicial (CGPJ), \u00c1ngeles Carmona, ha explicado, en declaraciones a Europa Press, que en ocasiones es necesario dejar en investigaci\u00f3n alg\u00fan caso ya que las circunstancias que rodean la muerte no son claras, pero ha admitido que demoras como la ocurrida en la muerte de Sara Correa \u00abson muy excepcionales\u00bb.<\/p>\n<p>Seg\u00fan ha indicado, lo habitual es que cuando un juzgado de violencia de g\u00e9nero se declara competente en un caso, se considera violencia machista y se incluye en las estad\u00edsticas oficiales. \u00abEn algunas ocasiones es necesario que se dicte sentencia pero en la mayor\u00eda no y resulta muy excepcional que se confirme un asunto despu\u00e9s de tanto tiempo\u00bb, ha reconocido Carmona, aunque ha defendido la rigurosidad, transparencia y la coordinaci\u00f3n del Observatorio con la Delegaci\u00f3n de Gobierno para la Violencia de G\u00e9nero, encargada de la publicaci\u00f3n de las estad\u00edsticas.<\/p>\n<h3>\u00bfQu\u00e9 pasa con estas familias?<\/h3>\n<p>Pero para Luis Antonio Fern\u00e1ndez, abogado de la familia de Sara, el hecho de que su crimen no haya sido reconocido como violencia machista en todo este tiempo ha agravado a\u00fan m\u00e1s las consecuencias de una muerte tr\u00e1gica. \u00abEra un tema controvertido y fue complicado demostrar la culpabilidad de este hombre, pero el reconocimiento judicial de que era un crimen machista lo tuvo desde el minuto uno y pese a ello, los tres hijos de Sara estuvieron desprotegidos durante dos a\u00f1os, no hubo ning\u00fan apoyo expl\u00edcito de la administraci\u00f3n\u00bb, ha comentado el letrado quien est\u00e1 convencido del perjuicio econ\u00f3mico que ha supuesto para la familia.<\/p>\n<p>Los menores hu\u00e9rfanos, que eran fruto de una relaci\u00f3n anterior de Sara, viven con su abuela que ha tenido que pleitear para conseguir la guardia y custodia. El peque\u00f1o, que ten\u00eda menos de tres a\u00f1os cuando falleci\u00f3 su madre, no pudo beneficiarse de la gratuidad de la escuela infantil \u00abporque no se le reconoc\u00eda la situaci\u00f3n preventiva de v\u00edctima de violencia de g\u00e9nero y hasta hace pocas semanas no ten\u00edan reconocida la situaci\u00f3n de orfandad y no pudieron cobrar prestaciones que han percibido ahora de golpe\u00bb, ha explicado el abogado.<\/p>\n<p>En su opini\u00f3n, desde la Junta de Andaluc\u00eda y el Ayuntamiento de Granada se \u00abdilat\u00f3 todo\u00bb, al evitar \u00abpronunciarse hasta que se dictase un sentencia\u00bb. Esto implic\u00f3 que \u00ablos ni\u00f1os no pudiesen acceder a las ayudas que les hubiesen correspondido desde el principio\u00bb.<\/p>\n<p>Olga Correa sostiene que, lo \u00fanico que han recibido durante este tiempo es \u00abapoyo moral\u00bb. \u00abTocas 20.000 puertas, a todos les das mucha pena, pero te vas con la boca seca de hablar y sin soluciones; la \u00fanica ayuda que ha recibido mi madre son unos cheques de 100 euros para gastar en un supermercado y unas sesiones en un psic\u00f3logo para ella y mis sobrinos\u00bb, ha explicado.<\/p>\n<p>La familia tuvo que costear, adem\u00e1s, el abogado que les represent\u00f3 en el juicio y pagar las tres cuotas de aut\u00f3nomos con intereses que su hermana hab\u00eda dejado pendientes cuando falleci\u00f3 y que les reclamaba la Seguridad Social para aprobar la pensi\u00f3n de orfandad de los tres ni\u00f1os.<\/p>\n<p>\u00abMe he pasado dos a\u00f1os tocando a todas las puertas porque hemos estado hasta el cuello, con tres ni\u00f1os que criar, sin ninguna ayuda, sin saber qu\u00e9 hacer y teniendo que afrontar el pago de un dineral para que unos hu\u00e9rfanos puedan tener una pensi\u00f3n\u00bb, ha reconocido Olga Correa.<\/p>\n<h3>Medidas cautelares<\/h3>\n<p>Fuentes de la Junta de Andaluc\u00eda han reconocido a Europa Press que la investigaci\u00f3n de la muerte de Sara fue compleja, al vincularse inicialmente a una investigaci\u00f3n sobre drogas, aunque han precisado que la actualizaci\u00f3n de las estad\u00edsticas no son competencia suya y sostienen que si se le ofreci\u00f3 apoyo desde lo servicios sociales de la Junta de Andaluc\u00eda y el Ayuntamiento de Granada.<\/p>\n<p>Por su parte, la presidenta del Observatorio para la Violencia Dom\u00e9stica y de G\u00e9nero ha explicado que el hecho de una muerte quede en investigaci\u00f3n no implica que la familia de la v\u00edctima no pueda solicitar las ayudas previstas por cada comunidad aut\u00f3noma para v\u00edctimas de violencia de g\u00e9nero e incluso medidas cautelares relativas a la guardia y custodia en el caso de que haya menores hu\u00e9rfanos.<\/p>\n<p>\u00abNormalmente, con un simple certificado de que existe un procedimiento abierto, pueden acceder a los recursos y los menores est\u00e1n perfectamente asistidos en todo el territorio nacional\u00bb, ha indicado Carmona quien ha recordado, adem\u00e1s, que el Pacto de Estado contra la violencia de g\u00e9nero \u00abestablece que, incluso sin denuncia previa por maltrato, exista un t\u00edtulo de habilitaci\u00f3n para que las v\u00edctimas puedan acceder a ayudas como tratamiento psicol\u00f3gico\u00bb.<\/p>\n<p>Pero la familia de la v\u00edctima de Granada considera que su caso es un ejemplo \u00abdel desinter\u00e9s hacia las v\u00edctimas de violencia de g\u00e9nero\u00bb y lamenta que hayan tenido que esperar dos a\u00f1os para poder \u00abrestablecer la dignidad de Sara\u00bb.<\/p>\n<\/div>\n<div class=\"voc-topics voc-detail-grid \" style=\"text-align: justify;\">EUROPA PRESS<\/div>\n<div style=\"text-align: justify;\">https:\/\/www.ideal.es\/granada\/incorporan-crimen-granadina-sara-correa-machista-20181021131129-nt.html<\/div>\n","protected":false},"excerpt":{"rendered":"<p>El crimen sigui\u00f3 en investigaci\u00f3n hasta que hubo sentencia y pese a que su pareja&#8230;<\/p>\n","protected":false},"author":1,"featured_media":26520,"comment_status":"closed","ping_status":"closed","sticky":false,"template":"","format":"standard","meta":{"_coblocks_attr":"","_coblocks_dimensions":"","_coblocks_responsive_height":"","_coblocks_accordion_ie_support":"","jetpack_post_was_ever_published":false,"_jetpack_newsletter_access":"","_jetpack_dont_email_post_to_subs":false,"_jetpack_newsletter_tier_id":0,"_jetpack_memberships_contains_paywalled_content":false,"_jetpack_memberships_contains_paid_content":false,"footnotes":"","jetpack_publicize_message":"","jetpack_publicize_feature_enabled":true,"jetpack_social_post_already_shared":false,"jetpack_social_options":{"image_generator_settings":{"template":"highway","default_image_id":0,"enabled":false},"version":2}},"categories":[1161,14,186,44,15],"tags":[214],"class_list":["post-26509","post","type-post","status-publish","format-standard","has-post-thumbnail","hentry","category-ciudadania","category-feminismo","category-instituciones","category-noticias-de-hoy","category-ultimas-noticias","tag-violencia-de-genero"],"jetpack_publicize_connections":[],"jetpack_featured_media_url":"https:\/\/i0.wp.com\/miradordeatarfe.es\/wp-content\/uploads\/2018\/10\/gra-sara-correa-kInD-U601308863118ZfH-624x385%40Ideal-1.jpg?fit=621%2C385&ssl=1","jetpack_likes_enabled":true,"jetpack_sharing_enabled":true,"_links":{"self":[{"href":"https:\/\/miradordeatarfe.es\/index.php?rest_route=\/wp\/v2\/posts\/26509","targetHints":{"allow":["GET"]}}],"collection":[{"href":"https:\/\/miradordeatarfe.es\/index.php?rest_route=\/wp\/v2\/posts"}],"about":[{"href":"https:\/\/miradordeatarfe.es\/index.php?rest_route=\/wp\/v2\/types\/post"}],"author":[{"embeddable":true,"href":"https:\/\/miradordeatarfe.es\/index.php?rest_route=\/wp\/v2\/users\/1"}],"replies":[{"embeddable":true,"href":"https:\/\/miradordeatarfe.es\/index.php?rest_route=%2Fwp%2Fv2%2Fcomments&post=26509"}],"version-history":[{"count":3,"href":"https:\/\/miradordeatarfe.es\/index.php?rest_route=\/wp\/v2\/posts\/26509\/revisions"}],"predecessor-version":[{"id":26522,"href":"https:\/\/miradordeatarfe.es\/index.php?rest_route=\/wp\/v2\/posts\/26509\/revisions\/26522"}],"wp:featuredmedia":[{"embeddable":true,"href":"https:\/\/miradordeatarfe.es\/index.php?rest_route=\/wp\/v2\/media\/26520"}],"wp:attachment":[{"href":"https:\/\/miradordeatarfe.es\/index.php?rest_route=%2Fwp%2Fv2%2Fmedia&parent=26509"}],"wp:term":[{"taxonomy":"category","embeddable":true,"href":"https:\/\/miradordeatarfe.es\/index.php?rest_route=%2Fwp%2Fv2%2Fcategories&post=26509"},{"taxonomy":"post_tag","embeddable":true,"href":"https:\/\/miradordeatarfe.es\/index.php?rest_route=%2Fwp%2Fv2%2Ftags&post=26509"}],"curies":[{"name":"wp","href":"https:\/\/api.w.org\/{rel}","templated":true}]}}