{"id":26538,"date":"2018-10-24T08:29:36","date_gmt":"2018-10-24T06:29:36","guid":{"rendered":"http:\/\/miradordeatarfe.es\/?p=26538"},"modified":"2018-10-23T18:47:18","modified_gmt":"2018-10-23T16:47:18","slug":"cuando-todos-los-europeos-eran-negros","status":"publish","type":"post","link":"https:\/\/miradordeatarfe.es\/?p=26538","title":{"rendered":"Cuando todos los europeos eran negros"},"content":{"rendered":"<div id=\"articulo-titulares\" class=\"articulo-titulares\">\n<div class=\"articulo-subtitulos\">\n<p class=\"articulo-subtitulo\" style=\"text-align: justify;\">El mayor estudio gen\u00e9tico de europeos de la prehistoria desvela un pasado complejo y violento en el que poblaciones enteras tuvieron que emigrar o desaparecer para siempre<\/p>\n<\/div>\n<\/div>\n<p style=\"text-align: justify;\"><!--more--><\/p>\n<aside id=\"compartir_superior\" class=\"compartir\">\n<div class=\"compartir__interior\">\n<div id=\"compartir_social\" class=\"compartir-social\">\n<div id=\"cuerpo_noticia\" class=\"articulo-cuerpo\">\n<p style=\"text-align: justify;\">El estudio gen\u00e9tico de restos mortales de europeos que murieron hace miles de a\u00f1os ha abierto una ventana \u00fanica a la prehistoria del continente. El trabajo abarca gran parte del Paleol\u00edtico Superior, desde hace 45.000 a\u00f1os hasta hace 7.000, y desvela varios episodios hasta ahora desconocidos.<\/p>\n<p style=\"text-align: justify;\">\u201cLo que vemos es una historia de las poblaciones no menos compleja que la de los \u00faltimos 7.000 a\u00f1os, con m\u00faltiples momentos de poblaciones que reemplazan a otras, inmigraci\u00f3n en una escala dram\u00e1tica y en un tiempo en el que el clima estaba cambiando de forma radical\u201d, ha resumido David Reich, genetista de la Universidad de Harvard y autor principal del estudio, <em>publicado en la revista Nature.<\/em><\/p>\n<p style=\"text-align: justify;\">El trabajo ha analizado el ADN de 51 euroasi\u00e1ticos, una muestra 10 veces mayor que cualquier estudio anterior. Abarca desde los humanos modernos m\u00e1s antiguos de los que se tiene constancia a los cazadores recolectores que vivieron poco antes de la revoluci\u00f3n neol\u00edtica que trajo consigo la agricultura al continente.<\/p>\n<p style=\"text-align: justify;\">La primera conclusi\u00f3n que se desprende del estudio es que, a pesar de que neandertales y humanos modernos (los <em>Homo sapiens<\/em>) se cruzaron y tuvieron hijos f\u00e9rtiles, el porcentaje de ADN de esa otra especie que lleva la nuestra ha disminuido r\u00e1pidamente, pasando del 6% hasta el 2% actual. <strong>Esto implica cierta incompatibilidad evolutiva<\/strong> que ya hab\u00edan destacado otros estudios recientes.<\/p>\n<p style=\"text-align: justify;\">Aunque los primeros sapiens llegaron a Europa hace unos 45.000 a\u00f1os, su huella gen\u00e9tica ha desaparecido por completo en las poblaciones actuales. Las primeras poblaciones con las que los europeos de hoy tienen alg\u00fan parentesco se remontan a hace 37.000 a\u00f1os. Los autores del trabajo identifican a esta poblaci\u00f3n con la cultura auri\u00f1aciense.<\/p>\n<section id=\"sumario_2|html\" class=\"sumario_html derecha\">Aunque los primeros sapiens llegaron a Europa hace unos 45.000 a\u00f1os, su huella gen\u00e9tica ha desaparecido por completo en las poblaciones actuales<\/section>\n<p style=\"text-align: justify;\">\u201cA esta cultura se asocian los primeros ejemplos de arte y m\u00fasica, como las pinturas de la cueva de Chauvet en Francia o las flautas de hueso\u201d, explica Manuel Gonz\u00e1lez Morales, investigador de la Universidad de Cantabria y coautor del trabajo.<\/p>\n<p style=\"text-align: justify;\">En esa \u00e9poca, Europa viv\u00eda en la \u00faltima edad de hielo, con los glaciares avanzando desde el norte de europa y empujando a pueblos enteros a la migraci\u00f3n o el exterminio. Seg\u00fan los datos del trabajo, hace 33.000 a\u00f1os aparece otro grupo que reemplaza casi totalmente al anterior y que se asocia con la cultura gravetiense, caracterizada por las pinturas con manos en negativo y las orondas venus paleol\u00edticas esculpidas en hueso, explica Gonz\u00e1lez.<\/p>\n<p style=\"text-align: justify;\">De forma inesperada, hace unos 19.000 a\u00f1os, reaparecen los descendientes de la cultura auri\u00f1aciense. Los restos humanos encontrados en Cantabria demuestran ahora que los habitantes de esta zona estaban directamente emparentados con ellos.<\/p>\n<p style=\"text-align: justify;\">Una de las posibles explicaciones es que aquel pueblo migrase a refugios c\u00e1lidos del sur de Europa, especialmente la Pen\u00ednsula Ib\u00e9rica. Pasado lo m\u00e1s fr\u00edo de la \u00faltima glaciaci\u00f3n esta poblaci\u00f3n vuelve a expandirse hacia el norte de europa, recuperando el territorio perdido y reemplazando a sus habitantes.<\/p>\n<h3 style=\"text-align: justify;\">\u00daltima oleada<\/h3>\n<p style=\"text-align: justify;\">De nuevo, hace unos 14.000 a\u00f1os, otra poblaci\u00f3n llegada desde Oriente Pr\u00f3ximo desembarca en el continente y se convierte en dominante, sustituyendo a buena parte de las anteriores. Esta \u00faltima oleada, de la que no se ten\u00eda noticia hasta ahora, se ha identificado gracias a los restos de un cazador y recolector encontrado en Villabruna, Italia, y que le ha dado nombre a esta poblaci\u00f3n.<\/p>\n<p style=\"text-align: justify;\">La marca gen\u00e9tica de este grupo se perpetu\u00f3 durante milenios, ya que, por ejemplo, el cazador recolector de La Bra\u00f1a (Le\u00f3n) que vivi\u00f3 hace 7.000 a\u00f1os estaba emparentado con este grupo.<\/p>\n<p style=\"text-align: justify;\">Los genes del hombre de La Bra\u00f1a muestran que ten\u00eda la tez oscura y ojos azules. Seg\u00fan Gonz\u00e1lez, hasta la llegada de sus ancestros a Europa, hace unos 14.000 a\u00f1os, todos los europeos ten\u00edan la piel oscura y los ojos marrones. \u201cEl trabajo muestra que los primeros individuos con genes de piel clara vivieron hace unos 13.000 a\u00f1os\u201d, explica el investigador de la Universidad de Cantabria. Despu\u00e9s, con la llegada de los primeros agricultores desde Oriente Medio se inaugura el Neol\u00edtico y la tez blanca se hace mucho m\u00e1s com\u00fan. En otras palabras, los europeos fueron negros durante la mayor parte de su historia.<\/p>\n<p id=\"sumario_1|despiece\" class=\"sumario_despiece centro\"><strong>L<span class=\"sin_enlace\">a misteriosa Dama Roja<\/span><\/strong><\/p>\n<div class=\"sumario__interior\">\n<p class=\"sumario-texto\">Hace 19.000 a\u00f1os alguien enterr\u00f3 en Cantabria a una de las mujeres m\u00e1s misteriosas de la prehistoria europea. Se trata de <a href=\"https:\/\/elpais.com\/elpais\/2015\/03\/31\/ciencia\/1427838488_998553.html\" target=\"_blank\" rel=\"noopener\">la Dama Roja<\/a>, que a sus 35 o 40 a\u00f1os recibi\u00f3 una sepultura muy extra\u00f1a, que podr\u00eda apuntar a un significado sagrado. Su cad\u00e1ver se hab\u00eda descompuesto al aire libre y despu\u00e9s hab\u00edan recubierto sus huesos con pintura roja. Tanto deb\u00edan de respetar a aquella mujer que alguno de sus huesos fue cuidadosamente devuelto a la tumba despu\u00e9s de que un animal salvaje la profanase en busca de alimento. M\u00e1s all\u00e1 de unos dibujos esquem\u00e1ticos y la presencia de polen, poco m\u00e1s se sabe sobre aquella mujer y el significado que la cultura a la que perteneci\u00f3 quiso darle a su tumba. La dama es uno de los 51 individuos que se han analizado en este estudio. El equipo de Manuel Gonz\u00e1lez Morales est\u00e1 preparando una reconstrucci\u00f3n del aspecto que tuvo esta mujer, cuyos genes muestran que era negra, explica.<\/p>\n<div class=\"autor\">\n<div class=\"autor-texto\"><span class=\"autor-nombre\"> <a title=\"Ver todas las noticias de Nu\u00f1o Dom\u00ednguez\" href=\"https:\/\/elpais.com\/autor\/nuno_dominguez_angulo\/a\/\">Nu\u00f1o Dom\u00ednguez<\/a> <\/span><\/p>\n<div class=\"autor-perfiles\">\n<ul class=\"autor-perfiles-listado\">\n<li><a class=\"boton_twitter\" href=\"https:\/\/twitter.com\/Nunodomin\" target=\"_blank\" rel=\"nofollow noopener\">Twitter<\/a><\/li>\n<\/ul>\n<\/div>\n<\/div>\n<\/div>\n<\/div>\n<\/div>\n<\/div>\n<\/div>\n<\/aside>\n<p><a href=\"https:\/\/elpais.com\/elpais\/2016\/05\/04\/ciencia\/1462380282_766551.html?rel=mas\">https:\/\/elpais.com\/elpais\/2016\/05\/04\/ciencia\/1462380282_766551.html?rel=mas<\/a><\/p>\n<p>FOTO:<span class=\"foto-texto\">Tres cr\u00e1neos hallados en la Rep\u00fablica Checa asociados a la cultura gravetiense<\/span> <span class=\"foto-firma\"><span class=\"foto-autor\">M. Frouz \/ J. Svoboda<\/span> <\/span><\/p>\n<p>&nbsp;<\/p>\n<p id=\"compartir_social\" class=\"compartir-social\">\n<div class=\"compartir-varios\">\n<div id=\"favoritos\" class=\"favoritos\"><\/div>\n<div id=\"correo\" class=\"correo\"><\/div>\n<\/div>\n","protected":false},"excerpt":{"rendered":"<p>El mayor estudio gen\u00e9tico de europeos de la prehistoria desvela un pasado complejo y violento&#8230;<\/p>\n","protected":false},"author":1,"featured_media":26539,"comment_status":"closed","ping_status":"closed","sticky":false,"template":"","format":"standard","meta":{"_coblocks_attr":"","_coblocks_dimensions":"","_coblocks_responsive_height":"","_coblocks_accordion_ie_support":"","jetpack_post_was_ever_published":false,"_jetpack_newsletter_access":"","_jetpack_dont_email_post_to_subs":false,"_jetpack_newsletter_tier_id":0,"_jetpack_memberships_contains_paywalled_content":false,"_jetpack_memberships_contains_paid_content":false,"footnotes":"","jetpack_publicize_message":"","jetpack_publicize_feature_enabled":true,"jetpack_social_post_already_shared":false,"jetpack_social_options":{"image_generator_settings":{"template":"highway","default_image_id":0,"enabled":false},"version":2}},"categories":[12,9,44,15],"tags":[5387,5388],"class_list":["post-26538","post","type-post","status-publish","format-standard","has-post-thumbnail","hentry","category-cultura","category-medio-ambiente","category-noticias-de-hoy","category-ultimas-noticias","tag-europeos","tag-negros"],"jetpack_publicize_connections":[],"jetpack_featured_media_url":"https:\/\/i0.wp.com\/miradordeatarfe.es\/wp-content\/uploads\/2018\/10\/1462380282_766551_1462381094_noticia_normal_recorte1.jpg?fit=1960%2C1306&ssl=1","jetpack_likes_enabled":true,"jetpack_sharing_enabled":true,"_links":{"self":[{"href":"https:\/\/miradordeatarfe.es\/index.php?rest_route=\/wp\/v2\/posts\/26538","targetHints":{"allow":["GET"]}}],"collection":[{"href":"https:\/\/miradordeatarfe.es\/index.php?rest_route=\/wp\/v2\/posts"}],"about":[{"href":"https:\/\/miradordeatarfe.es\/index.php?rest_route=\/wp\/v2\/types\/post"}],"author":[{"embeddable":true,"href":"https:\/\/miradordeatarfe.es\/index.php?rest_route=\/wp\/v2\/users\/1"}],"replies":[{"embeddable":true,"href":"https:\/\/miradordeatarfe.es\/index.php?rest_route=%2Fwp%2Fv2%2Fcomments&post=26538"}],"version-history":[{"count":1,"href":"https:\/\/miradordeatarfe.es\/index.php?rest_route=\/wp\/v2\/posts\/26538\/revisions"}],"predecessor-version":[{"id":26540,"href":"https:\/\/miradordeatarfe.es\/index.php?rest_route=\/wp\/v2\/posts\/26538\/revisions\/26540"}],"wp:featuredmedia":[{"embeddable":true,"href":"https:\/\/miradordeatarfe.es\/index.php?rest_route=\/wp\/v2\/media\/26539"}],"wp:attachment":[{"href":"https:\/\/miradordeatarfe.es\/index.php?rest_route=%2Fwp%2Fv2%2Fmedia&parent=26538"}],"wp:term":[{"taxonomy":"category","embeddable":true,"href":"https:\/\/miradordeatarfe.es\/index.php?rest_route=%2Fwp%2Fv2%2Fcategories&post=26538"},{"taxonomy":"post_tag","embeddable":true,"href":"https:\/\/miradordeatarfe.es\/index.php?rest_route=%2Fwp%2Fv2%2Ftags&post=26538"}],"curies":[{"name":"wp","href":"https:\/\/api.w.org\/{rel}","templated":true}]}}