{"id":26544,"date":"2018-10-24T11:15:10","date_gmt":"2018-10-24T09:15:10","guid":{"rendered":"http:\/\/miradordeatarfe.es\/?p=26544"},"modified":"2018-10-24T11:15:10","modified_gmt":"2018-10-24T09:15:10","slug":"atarfe-celebramos-el-dia-de-la-biblioteca","status":"publish","type":"post","link":"https:\/\/miradordeatarfe.es\/?p=26544","title":{"rendered":"ATARFE: CELEBRAMOS EL D\u00cdA DE LA BIBLIOTECA"},"content":{"rendered":"<p>D\u00eda de la <strong>Biblioteca de Atarfe <\/strong>y, para celebrarlo, a partir de las 17h se har\u00e1 entrega de premios en el <strong>Centro Cultural Medina Elvira<\/strong> y un taller de m\u00e1scaras que m\u00e1s de uno agradecer\u00e1 ante la proximidad de la Fiesta de Halloween. Premiaremos a los mejores lectores y conoceremos el nombre de la Biblioteca que se ha elegido por concurso. <!--more-->El D\u00eda de la Biblioteca regresa como cada 24 de octubre desde 1997 para acercar a la ciudadan\u00eda a trav\u00e9s de talleres, exposiciones o conciertos la idea de que las bibliotecas son centros de reflexi\u00f3n, formaci\u00f3n y diversi\u00f3n.<\/p>\n<div>El 24 de octubre es el D\u00eda de la Biblioteca,\u00a0 en nuestro pa\u00eds est\u00e1 dedicado especialmente al p\u00fablico infantil y juvenil. Desde el a\u00f1o 1997 <b>La Asociaci\u00f3n Espa\u00f1ola de Amigos del Libro Infantil y Juvenil<\/b> promueve la celebraci\u00f3n del<b> D\u00eda de la biblioteca <\/b>(24 de octubre).<\/div>\n<div><\/div>\n<div>Desde 1997, cada 24 de octubre se conmemora el D\u00eda de la Biblioteca. La propuesta surge de la Asociaci\u00f3n Espa\u00f1ola de Amigos del Libro Infantil y Juvenil, apoyada por el Ministerio de Cultura, en recuerdo de la destrucci\u00f3n de la Biblioteca de Sarajevo, incendiada el 1992 durante el conflicto balc\u00e1nico.<\/div>\n<div><\/div>\n<div>La iniciativa naci\u00f3 para trasladar a la opini\u00f3n p\u00fablica la importancia de la biblioteca como lugar de encuentro de los lectores de todas las edades con la cultura, y como un instrumento de mejora de la formaci\u00f3n y la convivencia humana.<\/div>\n<p><a href=\"https:\/\/i0.wp.com\/miradordeatarfe.es\/wp-content\/uploads\/2018\/10\/44661604_2010721268991733_1962964057598197760_n.jpg?ssl=1\"><img data-recalc-dims=\"1\" loading=\"lazy\" decoding=\"async\" class=\"alignnone size-full wp-image-26545\" src=\"https:\/\/i0.wp.com\/miradordeatarfe.es\/wp-content\/uploads\/2018\/10\/44661604_2010721268991733_1962964057598197760_n.jpg?resize=640%2C927&#038;ssl=1\" alt=\"\" width=\"640\" height=\"927\" srcset=\"https:\/\/i0.wp.com\/miradordeatarfe.es\/wp-content\/uploads\/2018\/10\/44661604_2010721268991733_1962964057598197760_n.jpg?w=663&amp;ssl=1 663w, https:\/\/i0.wp.com\/miradordeatarfe.es\/wp-content\/uploads\/2018\/10\/44661604_2010721268991733_1962964057598197760_n.jpg?resize=207%2C300&amp;ssl=1 207w, https:\/\/i0.wp.com\/miradordeatarfe.es\/wp-content\/uploads\/2018\/10\/44661604_2010721268991733_1962964057598197760_n.jpg?resize=600%2C869&amp;ssl=1 600w\" sizes=\"auto, (max-width: 640px) 100vw, 640px\" \/><\/a><\/p>\n","protected":false},"excerpt":{"rendered":"<p>D\u00eda de la Biblioteca de Atarfe y, para celebrarlo, a partir de las 17h se&#8230;<\/p>\n","protected":false},"author":1,"featured_media":26546,"comment_status":"closed","ping_status":"closed","sticky":false,"template":"","format":"standard","meta":{"_coblocks_attr":"","_coblocks_dimensions":"","_coblocks_responsive_height":"","_coblocks_accordion_ie_support":"","jetpack_post_was_ever_published":false,"_jetpack_newsletter_access":"","_jetpack_dont_email_post_to_subs":false,"_jetpack_newsletter_tier_id":0,"_jetpack_memberships_contains_paywalled_content":false,"_jetpack_memberships_contains_paid_content":false,"footnotes":"","jetpack_publicize_message":"","jetpack_publicize_feature_enabled":true,"jetpack_social_post_already_shared":false,"jetpack_social_options":{"image_generator_settings":{"template":"highway","default_image_id":0,"enabled":false},"version":2}},"categories":[2,12,186,44,15],"tags":[81,2291,5389],"class_list":["post-26544","post","type-post","status-publish","format-standard","has-post-thumbnail","hentry","category-atarfe","category-cultura","category-instituciones","category-noticias-de-hoy","category-ultimas-noticias","tag-atarfe","tag-centro-cultural","tag-dia-de-la-biblioteca"],"jetpack_publicize_connections":[],"jetpack_featured_media_url":"https:\/\/i0.wp.com\/miradordeatarfe.es\/wp-content\/uploads\/2018\/10\/44661604_2010721268991733_1962964057598197760_n-2.jpg?fit=663%2C286&ssl=1","jetpack_likes_enabled":true,"jetpack_sharing_enabled":true,"_links":{"self":[{"href":"https:\/\/miradordeatarfe.es\/index.php?rest_route=\/wp\/v2\/posts\/26544","targetHints":{"allow":["GET"]}}],"collection":[{"href":"https:\/\/miradordeatarfe.es\/index.php?rest_route=\/wp\/v2\/posts"}],"about":[{"href":"https:\/\/miradordeatarfe.es\/index.php?rest_route=\/wp\/v2\/types\/post"}],"author":[{"embeddable":true,"href":"https:\/\/miradordeatarfe.es\/index.php?rest_route=\/wp\/v2\/users\/1"}],"replies":[{"embeddable":true,"href":"https:\/\/miradordeatarfe.es\/index.php?rest_route=%2Fwp%2Fv2%2Fcomments&post=26544"}],"version-history":[{"count":1,"href":"https:\/\/miradordeatarfe.es\/index.php?rest_route=\/wp\/v2\/posts\/26544\/revisions"}],"predecessor-version":[{"id":26547,"href":"https:\/\/miradordeatarfe.es\/index.php?rest_route=\/wp\/v2\/posts\/26544\/revisions\/26547"}],"wp:featuredmedia":[{"embeddable":true,"href":"https:\/\/miradordeatarfe.es\/index.php?rest_route=\/wp\/v2\/media\/26546"}],"wp:attachment":[{"href":"https:\/\/miradordeatarfe.es\/index.php?rest_route=%2Fwp%2Fv2%2Fmedia&parent=26544"}],"wp:term":[{"taxonomy":"category","embeddable":true,"href":"https:\/\/miradordeatarfe.es\/index.php?rest_route=%2Fwp%2Fv2%2Fcategories&post=26544"},{"taxonomy":"post_tag","embeddable":true,"href":"https:\/\/miradordeatarfe.es\/index.php?rest_route=%2Fwp%2Fv2%2Ftags&post=26544"}],"curies":[{"name":"wp","href":"https:\/\/api.w.org\/{rel}","templated":true}]}}