{"id":26551,"date":"2018-10-25T09:56:04","date_gmt":"2018-10-25T07:56:04","guid":{"rendered":"http:\/\/miradordeatarfe.es\/?p=26551"},"modified":"2018-10-24T11:59:05","modified_gmt":"2018-10-24T09:59:05","slug":"menos-uso-de-renovables-electricidad-mas-cara","status":"publish","type":"post","link":"https:\/\/miradordeatarfe.es\/?p=26551","title":{"rendered":"Menos uso de renovables, electricidad m\u00e1s cara"},"content":{"rendered":"<p style=\"text-align: justify;\">La falta de peso de las energ\u00edas renovables en el \u2018mix\u2019 de generaci\u00f3n encarece el precio de la electricidad, seg\u00fan el informe \u201cEl precio de la electricidad en el \u00e1mbito residencial\u201d, publicado por EAE Business School. <!--more--><\/p>\n<p style=\"text-align: justify;\">El precio de la electricidad en el mercado residencial espa\u00f1ol se situ\u00f3 en 217,17 euros el gigavatio hora (GWh) en 2017, un 26% m\u00e1s que en 2010, con un aumento promedio anual de aproximadamente un 4%.<\/p>\n<h2 style=\"text-align: justify;\">El precio de la electricidad en Espa\u00f1a<\/h2>\n<p style=\"text-align: justify;\">En el precio de la electricidad en 2017, un 42% del importe correspond\u00eda a costes de comercializaci\u00f3n de impuestos y tasas, un 30% al transporte y un 28% a la generaci\u00f3n de electricidad, frente a lo que ocurr\u00eda siete a\u00f1os antes, en que dominaba el precio del transporte,\u00a0<strong>que ha ido cediendo frente a otros componentes<\/strong>, sobre todo al de comercializaci\u00f3n.<\/p>\n<p style=\"text-align: justify;\">La capacidad instalada de energ\u00eda e\u00f3lica ha aumentado un 10% en ese periodo y la solar fotovoltaica un 31%, pero no ha tenido un reflejo id\u00e9ntico en su peso en la generaci\u00f3n, debido a las condiciones atmosf\u00e9ricas no controlables. Por otro lado, la producci\u00f3n hidroel\u00e9ctrica ha ca\u00eddo un 47% y no ha sido suplida por otras energ\u00edas renovables ni convencionales.<\/p>\n<p style=\"text-align: justify;\">Por su parte,\u00a0<strong>las emisiones de CO2 se han incrementado<\/strong>\u00a0y han pasado de 67 millones de toneladas en 2010 a 74 millones en 2017, lo que supone un aumento del 10% en siete a\u00f1os, debido al descenso de la energ\u00eda hidr\u00e1ulica.<\/p>\n<p style=\"text-align: justify;\">Seg\u00fan el estudio, el sistema el\u00e9ctrico espa\u00f1ol est\u00e1 sufriendo\u00a0<a href=\"https:\/\/www.energynews.es\/precio-de-la-electricidad\/\">un incremento progresivo de los precios<\/a>\u00a0a causa de los costes de comercializaci\u00f3n y otros recargos, y a desajustes en la capacidad de generaci\u00f3n. La reducci\u00f3n de capacidad en algunas fuentes convencionales est\u00e1 obligando a utilizar, m\u00e1s de lo deseable, unidades de producci\u00f3n de mayor coste marginal,<strong>\u00a0lo que incrementa el precio de generaci\u00f3n y las emisiones de CO2.<\/strong><\/p>\n<p style=\"text-align: justify;\">El autor del estudio, Miguel Morales,\u00a0<strong>considera que para descarbonizar la producci\u00f3n hay que sustituir la tecnolog\u00eda con carb\u00f3n por otras producciones controlables y estables<\/strong>, algo que dice no pueden proporcionar las principales fuentes renovables, como la e\u00f3lica. Tambi\u00e9n afirma que la mejora de la interconexi\u00f3n de Espa\u00f1a con otros pa\u00edses, que ahora se limita a Marruecos, Francia y Portugal, permitir\u00eda dotar de estabilidad al sistema.<\/p>\n<h2 style=\"text-align: justify;\">Consumo el\u00e9ctrico por comunidades aut\u00f3nomas<\/h2>\n<p style=\"text-align: justify;\">La comunidad aut\u00f3noma\u00a0<strong>con mayor consumo el\u00e9ctrico es Catalu\u00f1a<\/strong>, que representa el 18% del total, seguida de Andaluc\u00eda, con el 15%; Madrid, con el 11%, y Comunidad Valenciana, con el 10%.<\/p>\n<p style=\"text-align: justify;\"><strong>Catalu\u00f1a tambi\u00e9n es la principal regi\u00f3n productora<\/strong>, con un 17% del total; seguida de Andaluc\u00eda, con el 14%, y Castilla y Le\u00f3n y Galicia, con el 10%.<\/p>\n<p style=\"text-align: justify;\">Asturias es la comunidad con mayor consumo por habitante (10.225,47 kilovatios hora -KWh-); seguida de Arag\u00f3n, con 8.108,17 KWh; Navarra, con 7.861,13 KWh, y Pa\u00eds Vasco, con 7.539,67 KWh.<\/p>\n<p style=\"text-align: justify;\">Madrid, con 4.420,91 Kwh; Canarias, con 4.249,46 Kwh, y Ceuta y Melilla son las que tienen menores consumos.<\/p>\n<p style=\"text-align: justify;\"><strong>Espa\u00f1a es el sexto pa\u00eds europeo con el precio de la electricidad<\/strong>, con un precio de 0,21 euros\/KWh, del cual el 17,6% corresponde a impuestos, y el precio ha aumentado un 26% respecto a 2010 frente al 20% que se ha incrementado en el conjunto de Europa.<\/p>\n<p style=\"text-align: justify;\">Por \u00faltimo, Alemania es el pa\u00eds con mayor precio de la electricidad final, de alrededor de 0,30 euros\/KWh y un impacto de impuestos y tasas del 54%, seguido de B\u00e9lgica, donde el impacto de los impuestos llega hasta el 68%.<\/p>\n<p style=\"text-align: justify;\"><strong>Fuente:<\/strong>\u00a0<a href=\"http:\/\/www.energynews.es\/\" target=\"_blank\" rel=\"noopener\">EnergyNews \/ Javier L\u00f3pez de Benito,<\/a><\/p>\n<p style=\"text-align: justify;\"><strong>Art\u00edculo de referencia:\u00a0<\/strong><a href=\"https:\/\/www.energynews.es\/el-menor-uso-de-las-renovables-significa-electricidad-mas-cara\/\" target=\"_blank\" rel=\"noopener\">https:\/\/www.energynews.es\/el-menor-uso-de-las-renovables-significa-electricidad-mas-cara\/,<\/a><\/p>\n","protected":false},"excerpt":{"rendered":"<p>La falta de peso de las energ\u00edas renovables en el \u2018mix\u2019 de generaci\u00f3n encarece el&#8230;<\/p>\n","protected":false},"author":1,"featured_media":26552,"comment_status":"closed","ping_status":"closed","sticky":false,"template":"","format":"standard","meta":{"_coblocks_attr":"","_coblocks_dimensions":"","_coblocks_responsive_height":"","_coblocks_accordion_ie_support":"","jetpack_post_was_ever_published":false,"_jetpack_newsletter_access":"","_jetpack_dont_email_post_to_subs":false,"_jetpack_newsletter_tier_id":0,"_jetpack_memberships_contains_paywalled_content":false,"_jetpack_memberships_contains_paid_content":false,"footnotes":"","jetpack_publicize_message":"","jetpack_publicize_feature_enabled":true,"jetpack_social_post_already_shared":false,"jetpack_social_options":{"image_generator_settings":{"template":"highway","default_image_id":0,"enabled":false},"version":2}},"categories":[44,15],"tags":[3655,5390,1355],"class_list":["post-26551","post","type-post","status-publish","format-standard","has-post-thumbnail","hentry","category-noticias-de-hoy","category-ultimas-noticias","tag-energias","tag-precio-electricidad","tag-renovables"],"jetpack_publicize_connections":[],"jetpack_featured_media_url":"https:\/\/i0.wp.com\/miradordeatarfe.es\/wp-content\/uploads\/2018\/10\/electricidad-torres-696x522.jpg?fit=696%2C522&ssl=1","jetpack_likes_enabled":true,"jetpack_sharing_enabled":true,"_links":{"self":[{"href":"https:\/\/miradordeatarfe.es\/index.php?rest_route=\/wp\/v2\/posts\/26551","targetHints":{"allow":["GET"]}}],"collection":[{"href":"https:\/\/miradordeatarfe.es\/index.php?rest_route=\/wp\/v2\/posts"}],"about":[{"href":"https:\/\/miradordeatarfe.es\/index.php?rest_route=\/wp\/v2\/types\/post"}],"author":[{"embeddable":true,"href":"https:\/\/miradordeatarfe.es\/index.php?rest_route=\/wp\/v2\/users\/1"}],"replies":[{"embeddable":true,"href":"https:\/\/miradordeatarfe.es\/index.php?rest_route=%2Fwp%2Fv2%2Fcomments&post=26551"}],"version-history":[{"count":1,"href":"https:\/\/miradordeatarfe.es\/index.php?rest_route=\/wp\/v2\/posts\/26551\/revisions"}],"predecessor-version":[{"id":26553,"href":"https:\/\/miradordeatarfe.es\/index.php?rest_route=\/wp\/v2\/posts\/26551\/revisions\/26553"}],"wp:featuredmedia":[{"embeddable":true,"href":"https:\/\/miradordeatarfe.es\/index.php?rest_route=\/wp\/v2\/media\/26552"}],"wp:attachment":[{"href":"https:\/\/miradordeatarfe.es\/index.php?rest_route=%2Fwp%2Fv2%2Fmedia&parent=26551"}],"wp:term":[{"taxonomy":"category","embeddable":true,"href":"https:\/\/miradordeatarfe.es\/index.php?rest_route=%2Fwp%2Fv2%2Fcategories&post=26551"},{"taxonomy":"post_tag","embeddable":true,"href":"https:\/\/miradordeatarfe.es\/index.php?rest_route=%2Fwp%2Fv2%2Ftags&post=26551"}],"curies":[{"name":"wp","href":"https:\/\/api.w.org\/{rel}","templated":true}]}}