{"id":26563,"date":"2018-10-25T11:15:30","date_gmt":"2018-10-25T09:15:30","guid":{"rendered":"http:\/\/miradordeatarfe.es\/?p=26563"},"modified":"2018-10-25T11:06:46","modified_gmt":"2018-10-25T09:06:46","slug":"un-millar-de-atletas-en-la-xvi-carrera-nocturna-de-atarfe","status":"publish","type":"post","link":"https:\/\/miradordeatarfe.es\/?p=26563","title":{"rendered":"Un millar de atletas en la XVI Carrera Nocturna de Atarfe"},"content":{"rendered":"<div class=\"mce-body \">\n<p class=\"mce\" style=\"text-align: justify;\">La decimosexta edici\u00f3n de la Carrera Popular Nocturna de Atarfe, que reunir\u00e1 a un millar de participantes, se celebrar\u00e1 ma\u00f1ana por las principales calles del municipio granadino.<!--more--><\/p>\n<p class=\"mce\" style=\"text-align: justify;\">La Concejal\u00eda de Deportes y el Club de Atletismo y Monta\u00f1a de Atarfe organizan esta prueba popular, que contempla un recorrido de 8,8 kil\u00f3metros y en la que participar\u00e1n deportistas profesionales y aficionados de todas las edades.<\/p>\n<p class=\"mce\" style=\"text-align: justify;\">La concejal de Deportes de Atarfe, Gloria Casado, ha destacado la consolidaci\u00f3n de la prueba como \u00abuna gran fiesta deportiva y familiar en la que prima m\u00e1s la participaci\u00f3n y el esp\u00edritu de convivencia que la competici\u00f3n\u00bb.<\/p>\n<p class=\"mce\" style=\"text-align: justify;\">Casado ha agradecido la implicaci\u00f3n de la sociedad civil y empresarial de Atarfe, cuyas empresas y comercios \u00abse han volcado con la organizaci\u00f3n para dar una mayor proyecci\u00f3n a la carrera\u00bb.<\/p>\n<p class=\"mce\" style=\"text-align: justify;\">Al igual que en anteriores ediciones, la salida de la Carrera Nocturna est\u00e1 prevista para las<strong> 22:00 en la Plaza de Toros de Atarfe<\/strong>, recinto que tambi\u00e9n ser\u00e1 el esceneario de la l\u00ednea de meta. Las personas interesadas en participar est\u00e1n a tiempo de inscribirse a trav\u00e9s de la web de Dorsalchip o en el propio Centro Cultural Medina Elvira, cuyo plazo se cierra ma\u00f1ana viernes al mediod\u00eda. La inscripci\u00f3n cuesta 8 euros.<\/p>\n<\/div>\n<p style=\"text-align: justify;\"><a href=\"https:\/\/i0.wp.com\/miradordeatarfe.es\/wp-content\/uploads\/2018\/10\/carrera-nocturna-atarfe-2018.jpg?ssl=1\"><img data-recalc-dims=\"1\" loading=\"lazy\" decoding=\"async\" class=\"size-full wp-image-26564 aligncenter\" src=\"https:\/\/i0.wp.com\/miradordeatarfe.es\/wp-content\/uploads\/2018\/10\/carrera-nocturna-atarfe-2018.jpg?resize=640%2C905&#038;ssl=1\" alt=\"\" width=\"640\" height=\"905\" srcset=\"https:\/\/i0.wp.com\/miradordeatarfe.es\/wp-content\/uploads\/2018\/10\/carrera-nocturna-atarfe-2018.jpg?w=660&amp;ssl=1 660w, https:\/\/i0.wp.com\/miradordeatarfe.es\/wp-content\/uploads\/2018\/10\/carrera-nocturna-atarfe-2018.jpg?resize=212%2C300&amp;ssl=1 212w, https:\/\/i0.wp.com\/miradordeatarfe.es\/wp-content\/uploads\/2018\/10\/carrera-nocturna-atarfe-2018.jpg?resize=600%2C848&amp;ssl=1 600w\" sizes=\"auto, (max-width: 640px) 100vw, 640px\" \/><\/a><\/p>\n<p><a href=\"https:\/\/www.granadahoy.com\/deportes\/atletas-XVI-Carrera-Nocturna-Atarfe_0_1294370711.html\">https:\/\/www.granadahoy.com\/deportes\/atletas-XVI-Carrera-Nocturna-Atarfe_0_1294370711.html<\/a><\/p>\n","protected":false},"excerpt":{"rendered":"<p>La decimosexta edici\u00f3n de la Carrera Popular Nocturna de Atarfe, que reunir\u00e1 a un millar&#8230;<\/p>\n","protected":false},"author":1,"featured_media":26565,"comment_status":"closed","ping_status":"closed","sticky":false,"template":"","format":"standard","meta":{"_coblocks_attr":"","_coblocks_dimensions":"","_coblocks_responsive_height":"","_coblocks_accordion_ie_support":"","jetpack_post_was_ever_published":false,"_jetpack_newsletter_access":"","_jetpack_dont_email_post_to_subs":false,"_jetpack_newsletter_tier_id":0,"_jetpack_memberships_contains_paywalled_content":false,"_jetpack_memberships_contains_paid_content":false,"footnotes":"","jetpack_publicize_message":"","jetpack_publicize_feature_enabled":true,"jetpack_social_post_already_shared":false,"jetpack_social_options":{"image_generator_settings":{"template":"highway","default_image_id":0,"enabled":false},"version":2}},"categories":[2,182,44,15],"tags":[81,1472],"class_list":["post-26563","post","type-post","status-publish","format-standard","has-post-thumbnail","hentry","category-atarfe","category-deportes","category-noticias-de-hoy","category-ultimas-noticias","tag-atarfe","tag-carrera-nocturna"],"jetpack_publicize_connections":[],"jetpack_featured_media_url":"https:\/\/i0.wp.com\/miradordeatarfe.es\/wp-content\/uploads\/2018\/10\/carrera-nocturna-archivo-atarfe-web-3.jpg?fit=700%2C467&ssl=1","jetpack_likes_enabled":true,"jetpack_sharing_enabled":true,"_links":{"self":[{"href":"https:\/\/miradordeatarfe.es\/index.php?rest_route=\/wp\/v2\/posts\/26563","targetHints":{"allow":["GET"]}}],"collection":[{"href":"https:\/\/miradordeatarfe.es\/index.php?rest_route=\/wp\/v2\/posts"}],"about":[{"href":"https:\/\/miradordeatarfe.es\/index.php?rest_route=\/wp\/v2\/types\/post"}],"author":[{"embeddable":true,"href":"https:\/\/miradordeatarfe.es\/index.php?rest_route=\/wp\/v2\/users\/1"}],"replies":[{"embeddable":true,"href":"https:\/\/miradordeatarfe.es\/index.php?rest_route=%2Fwp%2Fv2%2Fcomments&post=26563"}],"version-history":[{"count":2,"href":"https:\/\/miradordeatarfe.es\/index.php?rest_route=\/wp\/v2\/posts\/26563\/revisions"}],"predecessor-version":[{"id":26567,"href":"https:\/\/miradordeatarfe.es\/index.php?rest_route=\/wp\/v2\/posts\/26563\/revisions\/26567"}],"wp:featuredmedia":[{"embeddable":true,"href":"https:\/\/miradordeatarfe.es\/index.php?rest_route=\/wp\/v2\/media\/26565"}],"wp:attachment":[{"href":"https:\/\/miradordeatarfe.es\/index.php?rest_route=%2Fwp%2Fv2%2Fmedia&parent=26563"}],"wp:term":[{"taxonomy":"category","embeddable":true,"href":"https:\/\/miradordeatarfe.es\/index.php?rest_route=%2Fwp%2Fv2%2Fcategories&post=26563"},{"taxonomy":"post_tag","embeddable":true,"href":"https:\/\/miradordeatarfe.es\/index.php?rest_route=%2Fwp%2Fv2%2Ftags&post=26563"}],"curies":[{"name":"wp","href":"https:\/\/api.w.org\/{rel}","templated":true}]}}