{"id":26568,"date":"2018-10-26T11:10:35","date_gmt":"2018-10-26T09:10:35","guid":{"rendered":"http:\/\/miradordeatarfe.es\/?p=26568"},"modified":"2018-10-25T12:11:29","modified_gmt":"2018-10-25T10:11:29","slug":"26568","status":"publish","type":"post","link":"https:\/\/miradordeatarfe.es\/?p=26568","title":{"rendered":"ATARFE: Hoy  viernes llega el musical &#8216;La condesa sangrienta&#8217; que pone en escena Garnata Teatro."},"content":{"rendered":"<p>VIERNES 26 DE OCTUBRE A LAS 20H EN EL CENTRO CULTURAL MEDINA ELVIRA DE ATARFE<!--more--><\/p>\n<p>Se trata de una obra que adapta Emilio Ballesteros y dirige Francisco Zarza.<\/p>\n<p>Rememora la tenebrosa historia de una noble rumana del siglo XVII que obsesionada con la belleza y la inmortalidad se ba\u00f1aba en la sangre de j\u00f3venes doncellas.<\/p>\n<p>Sinopsis<br \/>\nUna condesa rumana del siglo XVII quiere luchar contra el tiempo y no envejecer. Por consejo de una anciana, comienza a ba\u00f1arse en sangre de doncellas j\u00f3venes a las que lleva a su castillo y mata, hasta que es descubierta, detenida y ajusticiada.Basada en personajes reales.<\/p>\n<p>La obra est\u00e1 basada en hechos reales y cuenta con una banda sonora que os sorprender\u00e1. Un adelanto terror\u00edfico de lo que nos espera el 31 con la celebraci\u00f3n de Halloween.<\/p>\n<p><a href=\"https:\/\/i0.wp.com\/miradordeatarfe.es\/wp-content\/uploads\/2018\/10\/44371599_2161329860553138_1320540484598235136_n.jpg?ssl=1\"><img data-recalc-dims=\"1\" loading=\"lazy\" decoding=\"async\" class=\"size-full wp-image-26569 aligncenter\" src=\"https:\/\/i0.wp.com\/miradordeatarfe.es\/wp-content\/uploads\/2018\/10\/44371599_2161329860553138_1320540484598235136_n.jpg?resize=640%2C927&#038;ssl=1\" alt=\"\" width=\"640\" height=\"927\" srcset=\"https:\/\/i0.wp.com\/miradordeatarfe.es\/wp-content\/uploads\/2018\/10\/44371599_2161329860553138_1320540484598235136_n.jpg?w=663&amp;ssl=1 663w, https:\/\/i0.wp.com\/miradordeatarfe.es\/wp-content\/uploads\/2018\/10\/44371599_2161329860553138_1320540484598235136_n.jpg?resize=207%2C300&amp;ssl=1 207w, https:\/\/i0.wp.com\/miradordeatarfe.es\/wp-content\/uploads\/2018\/10\/44371599_2161329860553138_1320540484598235136_n.jpg?resize=600%2C869&amp;ssl=1 600w\" sizes=\"auto, (max-width: 640px) 100vw, 640px\" \/><\/a><\/p>\n","protected":false},"excerpt":{"rendered":"<p>VIERNES 26 DE OCTUBRE A LAS 20H EN EL CENTRO CULTURAL MEDINA ELVIRA DE ATARFE<\/p>\n","protected":false},"author":1,"featured_media":26570,"comment_status":"closed","ping_status":"closed","sticky":false,"template":"","format":"standard","meta":{"_coblocks_attr":"","_coblocks_dimensions":"","_coblocks_responsive_height":"","_coblocks_accordion_ie_support":"","jetpack_post_was_ever_published":false,"_jetpack_newsletter_access":"","_jetpack_dont_email_post_to_subs":false,"_jetpack_newsletter_tier_id":0,"_jetpack_memberships_contains_paywalled_content":false,"_jetpack_memberships_contains_paid_content":false,"footnotes":"","jetpack_publicize_message":"","jetpack_publicize_feature_enabled":true,"jetpack_social_post_already_shared":false,"jetpack_social_options":{"image_generator_settings":{"template":"highway","default_image_id":0,"enabled":false},"version":2}},"categories":[2,12,186,9,44,15],"tags":[4722,498],"class_list":["post-26568","post","type-post","status-publish","format-standard","has-post-thumbnail","hentry","category-atarfe","category-cultura","category-instituciones","category-medio-ambiente","category-noticias-de-hoy","category-ultimas-noticias","tag-musical","tag-teatro"],"jetpack_publicize_connections":[],"jetpack_featured_media_url":"https:\/\/i0.wp.com\/miradordeatarfe.es\/wp-content\/uploads\/2018\/10\/erze.jpg?fit=750%2C350&ssl=1","jetpack_likes_enabled":true,"jetpack_sharing_enabled":true,"_links":{"self":[{"href":"https:\/\/miradordeatarfe.es\/index.php?rest_route=\/wp\/v2\/posts\/26568","targetHints":{"allow":["GET"]}}],"collection":[{"href":"https:\/\/miradordeatarfe.es\/index.php?rest_route=\/wp\/v2\/posts"}],"about":[{"href":"https:\/\/miradordeatarfe.es\/index.php?rest_route=\/wp\/v2\/types\/post"}],"author":[{"embeddable":true,"href":"https:\/\/miradordeatarfe.es\/index.php?rest_route=\/wp\/v2\/users\/1"}],"replies":[{"embeddable":true,"href":"https:\/\/miradordeatarfe.es\/index.php?rest_route=%2Fwp%2Fv2%2Fcomments&post=26568"}],"version-history":[{"count":4,"href":"https:\/\/miradordeatarfe.es\/index.php?rest_route=\/wp\/v2\/posts\/26568\/revisions"}],"predecessor-version":[{"id":26592,"href":"https:\/\/miradordeatarfe.es\/index.php?rest_route=\/wp\/v2\/posts\/26568\/revisions\/26592"}],"wp:featuredmedia":[{"embeddable":true,"href":"https:\/\/miradordeatarfe.es\/index.php?rest_route=\/wp\/v2\/media\/26570"}],"wp:attachment":[{"href":"https:\/\/miradordeatarfe.es\/index.php?rest_route=%2Fwp%2Fv2%2Fmedia&parent=26568"}],"wp:term":[{"taxonomy":"category","embeddable":true,"href":"https:\/\/miradordeatarfe.es\/index.php?rest_route=%2Fwp%2Fv2%2Fcategories&post=26568"},{"taxonomy":"post_tag","embeddable":true,"href":"https:\/\/miradordeatarfe.es\/index.php?rest_route=%2Fwp%2Fv2%2Ftags&post=26568"}],"curies":[{"name":"wp","href":"https:\/\/api.w.org\/{rel}","templated":true}]}}