{"id":26583,"date":"2018-10-26T08:47:44","date_gmt":"2018-10-26T06:47:44","guid":{"rendered":"http:\/\/miradordeatarfe.es\/?p=26583"},"modified":"2018-10-25T11:59:17","modified_gmt":"2018-10-25T09:59:17","slug":"ultimas-noticias-del-caso-de-juana-rivas","status":"publish","type":"post","link":"https:\/\/miradordeatarfe.es\/?p=26583","title":{"rendered":"\u00daLTIMAS NOTICIAS DEL CASO DE JUANA RIVAS"},"content":{"rendered":"<p style=\"text-align: justify;\"><span style=\"font-family: Times, serif;\"><span style=\"font-size: small;\"><span lang=\"es-ES\">En el d\u00eda de hoy, 24 de octubre de 2018, ha tenido lugar una reuni\u00f3n de Juana Rivas y sus hijos, junto a su abogada M.\u00aa Eugenia \u00c1lvarez, con el C\u00f3nsul General, m\u00e1ximo representante actual de la diplomacia espa\u00f1ola en Italia, el cual se ha desplazado desde Roma a Cagliari a tal efecto. <\/span><\/span><\/span><!--more--><\/p>\n<p style=\"text-align: justify;\"><span style=\"font-family: Times, serif;\"><span style=\"font-size: small;\"><span lang=\"es-ES\">La reuni\u00f3n, que ha durado casi tres horas, ha supuesto un importante apoyo para Juana Rivas, al verse atendida por las autoridades espa\u00f1olas ante la grave realidad que viene denunciando desde hace meses, y es la situaci\u00f3n de riesgo extremo que viven sus hijos con su padre. <\/span><\/span><\/span><\/p>\n<p style=\"text-align: justify;\"><span style=\"font-family: Times, serif;\"><span style=\"font-size: small;\"><span lang=\"es-ES\">En esa reuni\u00f3n, por parte de Juana Rivas y de su letrada en Italia, se le ha trasladado al C\u00f3nsul la siguiente informaci\u00f3n:<\/span><\/span><\/span><\/p>\n<ul style=\"text-align: justify;\">\n<li><span style=\"font-family: Times, serif;\"><span style=\"font-size: small;\"><span lang=\"es-ES\">Que los ni\u00f1os corren peligro de muerte si son entregados en este momento a su padre. <\/span><\/span><\/span><\/li>\n<li><span style=\"font-family: Times, serif;\"><span style=\"font-size: small;\"><span lang=\"es-ES\">Que su situaci\u00f3n de vulnerabilidad es extrema, dado que el padre vive con ellos en una casa aislada, a m\u00e1s de 8 kil\u00f3metros de la poblaci\u00f3n m\u00e1s cercana. <\/span><\/span><\/span><\/li>\n<li><span style=\"font-family: Times, serif;\"><span style=\"font-size: small;\"><span lang=\"es-ES\">Que el inter\u00e9s superior de los ni\u00f1os debe prevalecer frente a cualquier otro inter\u00e9s leg\u00edtimo que pudiera concurrir, tal y como exige la normativa nacional e internacional.<\/span><\/span><\/span><\/li>\n<li><span style=\"font-family: Times, serif;\"><span style=\"font-size: small;\"><span lang=\"es-ES\">Que lo que Juana Rivas est\u00e1 solicitando, y esta es la sexta denuncia, es que se investiguen los hechos por ella denunciados (los malos tratos del padre hacia los ni\u00f1os) con las garant\u00edas necesarias. <\/span><\/span><\/span>\n<ul>\n<li><span style=\"font-family: Times, serif;\"><span style=\"font-size: small;\"><span lang=\"es-ES\">Que, ante la falta de respuesta adecuada, hasta el momento, por parte de la justicia italiana, se pide ayuda a la Autoridades espa\u00f1olas para que hagan uso del art. 63 del Convenio de Estambul (que vincula tambi\u00e9n a Italia), el cual establece: <\/span><\/span><\/span><\/li>\n<\/ul>\n<\/li>\n<\/ul>\n<p style=\"text-align: justify;\"><span style=\"font-size: small;\"><i><b>Art\u00edculo 63 \u2013 Medidas relativas a las personas en situaci\u00f3n de riesgo<\/b><\/i><\/span><\/p>\n<p style=\"text-align: justify;\"><span style=\"color: #c00000;\"><span style=\"font-size: small;\"><i><b>Cuando una de las Partes, sobre la base de la informaci\u00f3n que posea, tenga serios motivos para creer que una persona corre el riesgo de quedar sometida de modo inmediato en el territorio de otra Parte a uno de los actos de violencia a que se refieren los art\u00edculos 36, 37, 38 y 39 del presente Convenio, se anima a la Parte que disponga de la informaci\u00f3n a transmitirla sin demora a la otra Parte con el fin de asegurarse de que se toman las medidas protecci\u00f3n apropiadas. Esta informaci\u00f3n deber\u00e1 contener, en su caso, indicaciones acerca de las disposiciones de protecci\u00f3n existentes a favor de la persona en peligro.<\/b><\/i><\/span><\/span><\/p>\n<ul style=\"text-align: justify;\">\n<li><span style=\"font-family: Times, serif;\"><span style=\"font-size: small;\"><span lang=\"es-ES\">Que el hijo mayor de Juana Rivas, de 12 a\u00f1os, est\u00e1 pidiendo ser escuchado por un Juez hace m\u00e1s de un a\u00f1o.<\/span><\/span><\/span><\/li>\n<li><span style=\"font-family: Times, serif;\"><span style=\"font-size: small;\"><span lang=\"es-ES\">Que despu\u00e9s de ocurridos los \u00faltimos episodios, el Tribunal Civil que lleva el tema de la custodia de los menores, ha fechado la escucha del hijo mayor para el 13 de noviembre, no acomod\u00e1ndose a las exigencias de protecci\u00f3n y de inmediatez que la gravedad de los hechos denunciados requieren, pues estamos estamos ante una cuesti\u00f3n penal, que exige medidas inmediatas.<\/span><\/span><\/span><\/li>\n<\/ul>\n<p style=\"text-align: justify;\"><span style=\"font-family: Times, serif;\"><span style=\"font-size: small;\"><span lang=\"es-ES\">Tanto por parte de Juana Rivas como de su letrada, en dicha reuni\u00f3n se ha insistido en que lo \u00fanico que se pide es que se cumpla la legalidad.<\/span><\/span><\/span><\/p>\n<p style=\"text-align: justify;\"><span style=\"font-family: Times, serif;\"><span style=\"font-size: small;\"><span lang=\"es-ES\">Por su parte, el C\u00f3nsul General se ha comprometido a realizar todo aquello que est\u00e9 en sus posibilidades, y ha pedido estar informado de todo.<\/span><\/span><\/span><\/p>\n<p style=\"text-align: justify;\"><span style=\"font-family: Times, serif;\"><span style=\"font-size: small;\"><span lang=\"es-ES\">Una vez finalizada la reuni\u00f3n con el C\u00f3nsul General, Juana Rivas ha recibido una notificaci\u00f3n de la Polic\u00eda de Cagliari para que se personara con sus hijos en sus dependencias, cosa que se ha realizado al instante.<\/span><\/span><\/span><\/p>\n<p style=\"text-align: justify;\"><a name=\"_GoBack\"><\/a><span style=\"font-family: Times, serif;\"><span style=\"font-size: small;\"><span lang=\"es-ES\">Una vez en dichas dependencias, se le ha informado de que Francesco Arcuri, acompa\u00f1ado de su abogado, ha presentado denuncia en el d\u00eda de hoy contra ella, reclamando la entrega inmediata de sus hijos, mostrando para ello a la Polic\u00eda la resoluci\u00f3n judicial en la que se le reconoce la custodia provisional de los mismos.<\/span><\/span><\/span><\/p>\n<p style=\"text-align: justify;\"><span style=\"font-family: Times, serif;\"><span style=\"font-size: small;\"><span lang=\"es-ES\">Juana Rivas, por su parte, ha relatado a la Polic\u00eda lo ocurrido en los \u00faltimos d\u00edas y le ha mostrado la \u00faltima resoluci\u00f3n judicial (documento del que el padre no ha informado), en la que el juzgado le reconoce el derecho a estar con sus hijos durante siete d\u00edas consecutivos cuando ella se encuentre en Italia. <\/span><\/span><\/span><span style=\"font-family: Times, serif;\"><span style=\"font-size: small;\"><span lang=\"es-ES\"><u>ANTE LA EVIDENTE SITUACI\u00d3N DE LEGALIDAD<\/u><\/span><\/span><\/span><span style=\"font-family: Times, serif;\"><span style=\"font-size: small;\"><span lang=\"es-ES\"> EN LA QUE SE ENCUENTRA JUANA RIVAS y sus hijos, la Polic\u00eda les ha invitado a que se marcharan al lugar en el que se est\u00e1n hospedando, concertando al mismo tiempo una nueva comparecencia para ma\u00f1ana a las 9, en la que se tomar\u00e1 nueva declaraci\u00f3n a Juana Rivas sobre los hechos denunciados: los malos tratos a sus hijos por parte de su padre.<\/span><\/span><\/span><\/p>\n<p style=\"text-align: justify;\"><span style=\"font-family: Times, serif;\"><span style=\"font-size: small;\"><span lang=\"es-ES\">Al mismo tiempo, la Polic\u00eda le ha referido que ma\u00f1ana se valorar\u00e1 <\/span><\/span><\/span><span style=\"font-family: Times, serif;\"><span style=\"font-size: small;\"><span lang=\"es-ES\"><u>LA POSIBILIDAD DE FACILITAR EL INGRESO DE JUANA RIVAS, JUNTO CON SUS HIJOS, EN UN CENTRO DE ACOGIDA PARA MUJERES MALTRATADAS.<\/u><\/span><\/span><\/span><\/p>\n<p align=\"CENTER\"><span style=\"font-family: Times, serif;\"><span lang=\"es-ES\"><b>NOTA INFORMATIVA\u00a0 EQUIPO JUR\u00cdDICO Y CENTRO DE LA MUJER DEL AYUNTAMIENTO DE MARACENA<\/b><\/span><\/span><\/p>\n<p align=\"CENTER\"><span style=\"font-family: Times, serif;\"><span lang=\"es-ES\">\u00a0<\/span><\/span><\/p>\n","protected":false},"excerpt":{"rendered":"<p>En el d\u00eda de hoy, 24 de octubre de 2018, ha tenido lugar una reuni\u00f3n&#8230;<\/p>\n","protected":false},"author":1,"featured_media":26584,"comment_status":"closed","ping_status":"closed","sticky":false,"template":"","format":"standard","meta":{"_coblocks_attr":"","_coblocks_dimensions":"","_coblocks_responsive_height":"","_coblocks_accordion_ie_support":"","jetpack_post_was_ever_published":false,"_jetpack_newsletter_access":"","_jetpack_dont_email_post_to_subs":false,"_jetpack_newsletter_tier_id":0,"_jetpack_memberships_contains_paywalled_content":false,"_jetpack_memberships_contains_paid_content":false,"footnotes":"","jetpack_publicize_message":"","jetpack_publicize_feature_enabled":true,"jetpack_social_post_already_shared":false,"jetpack_social_options":{"image_generator_settings":{"template":"highway","default_image_id":0,"enabled":false},"version":2}},"categories":[1161,14,186,44,15],"tags":[5399,5398,4053],"class_list":["post-26583","post","type-post","status-publish","format-standard","has-post-thumbnail","hentry","category-ciudadania","category-feminismo","category-instituciones","category-noticias-de-hoy","category-ultimas-noticias","tag-defensa-juridica","tag-hijos-maltrados","tag-juana-rivas"],"jetpack_publicize_connections":[],"jetpack_featured_media_url":"https:\/\/i0.wp.com\/miradordeatarfe.es\/wp-content\/uploads\/2018\/10\/image_content_13016046_20171102112709.jpg?fit=670%2C430&ssl=1","jetpack_likes_enabled":true,"jetpack_sharing_enabled":true,"_links":{"self":[{"href":"https:\/\/miradordeatarfe.es\/index.php?rest_route=\/wp\/v2\/posts\/26583","targetHints":{"allow":["GET"]}}],"collection":[{"href":"https:\/\/miradordeatarfe.es\/index.php?rest_route=\/wp\/v2\/posts"}],"about":[{"href":"https:\/\/miradordeatarfe.es\/index.php?rest_route=\/wp\/v2\/types\/post"}],"author":[{"embeddable":true,"href":"https:\/\/miradordeatarfe.es\/index.php?rest_route=\/wp\/v2\/users\/1"}],"replies":[{"embeddable":true,"href":"https:\/\/miradordeatarfe.es\/index.php?rest_route=%2Fwp%2Fv2%2Fcomments&post=26583"}],"version-history":[{"count":1,"href":"https:\/\/miradordeatarfe.es\/index.php?rest_route=\/wp\/v2\/posts\/26583\/revisions"}],"predecessor-version":[{"id":26585,"href":"https:\/\/miradordeatarfe.es\/index.php?rest_route=\/wp\/v2\/posts\/26583\/revisions\/26585"}],"wp:featuredmedia":[{"embeddable":true,"href":"https:\/\/miradordeatarfe.es\/index.php?rest_route=\/wp\/v2\/media\/26584"}],"wp:attachment":[{"href":"https:\/\/miradordeatarfe.es\/index.php?rest_route=%2Fwp%2Fv2%2Fmedia&parent=26583"}],"wp:term":[{"taxonomy":"category","embeddable":true,"href":"https:\/\/miradordeatarfe.es\/index.php?rest_route=%2Fwp%2Fv2%2Fcategories&post=26583"},{"taxonomy":"post_tag","embeddable":true,"href":"https:\/\/miradordeatarfe.es\/index.php?rest_route=%2Fwp%2Fv2%2Ftags&post=26583"}],"curies":[{"name":"wp","href":"https:\/\/api.w.org\/{rel}","templated":true}]}}