{"id":26593,"date":"2018-10-27T11:00:20","date_gmt":"2018-10-27T09:00:20","guid":{"rendered":"http:\/\/miradordeatarfe.es\/?p=26593"},"modified":"2018-10-26T12:07:06","modified_gmt":"2018-10-26T10:07:06","slug":"atarfe-vivira-un-halloween-de-miedo-con-el-tradicional-pasacalles-y-el-pasaje-del-terror","status":"publish","type":"post","link":"https:\/\/miradordeatarfe.es\/?p=26593","title":{"rendered":"Atarfe vivir\u00e1 un Halloween &#8216;de miedo&#8217; con el tradicional pasacalles y el Pasaje del Terror"},"content":{"rendered":"<div class=\"post-meta\" style=\"text-align: justify;\">La celebraci\u00f3n tendr\u00e1 lugar el 31 de octubre y habr\u00e1 baile, animaci\u00f3n y talleres para ni\u00f1os en las antiguas pistas de tenis. Para participar en el Pasaje del Terror es necesario inscribirse por grupos.<\/div>\n<p style=\"text-align: justify;\"><!--more--><\/p>\n<p style=\"text-align: justify;\">El Ayuntamiento de Atarfe ha organizado varias actividades con motivo de la celebraci\u00f3n de <strong>Halloween<\/strong> el pr\u00f3ximo <strong>mi\u00e9rcoles 31 de octubre.<\/strong><\/p>\n<p style=\"text-align: justify;\">Adem\u00e1s del tradicional y multitudinario <strong>pasacalles<\/strong> que se viene realizando en los \u00faltimos a\u00f1os, con <strong>salida a las 17:00 horas del Centro Cultural Medina Elvira<\/strong> y llegada a las antiguas pistas de tenis donde habr\u00e1 baile y animaci\u00f3n y talleres infantiles, se repite por segundo a\u00f1o consecutivo el <strong>Pasaje del Terror (Halloween Room)<\/strong>, una actividad dirigida a j\u00f3venes a partir de los 12 a\u00f1os.<\/p>\n<p style=\"text-align: justify;\">El \u00e9xito obtenido en la pasada edici\u00f3n ha sido clave para mantener una iniciativa promovida por la Concejal\u00eda de Juventud del Ayuntamiento de Atarfe y la Asociaci\u00f3n Juvenil Activega, donde se invita a los j\u00f3venes a disfrazarse con la vestimenta m\u00e1s terr\u00f3rifica para pasar un rato divertido.<\/p>\n<p style=\"text-align: justify;\">Se organizar\u00e1n varios<strong> pases entre las 19 y las 24 horas<\/strong> para que todo el que lo desee pueda adentrarse en el Pasaje del Terror que se instalar\u00e1 en el pabell\u00f3n deportivo municipal 1\u00ba de Mayo. Para ello <strong>es necesario inscribirse lo antes posible en el Centro Cultural Medina Elvira o en la piscina municipal, siempre en grupos integrados por un m\u00ednimo de 7 y un m\u00e1ximo de 10 personas<\/strong>. Los pases se dar\u00e1n en el Centro Cultural Medina Elvira. El formulario se puede descargar en el enlace que adjuntamos al final de la informaci\u00f3n.<\/p>\n<p style=\"text-align: justify;\"><img data-recalc-dims=\"1\" decoding=\"async\" class=\"aligncenter\" src=\"https:\/\/i0.wp.com\/www.atarfe.es\/data\/CoreImages\/cartel-halloween-web2.jpg?w=640\" alt=\"\" \/><\/p>\n<h5 style=\"text-align: justify;\">Recorrido del pasacalles y actividades de animaci\u00f3n<\/h5>\n<p style=\"text-align: justify;\"><strong><em>La fiesta de Halloween se iniciar\u00e1 a las 17:00 horas con el pasacalles que sale del Centro Cultural Medina Elvira<\/em><\/strong> discurre por la Avenida de la Diputaci\u00f3n, Avenida de Andaluc\u00eda (o calle Real), rotonda de la Avenida de la Estaci\u00f3n y Avenida de la Libertad, donde finaliza, concretamente en las antiguas pistas de tenis que albergar\u00e1n baile, actividades de animaci\u00f3n y talleres para los m\u00e1s peque\u00f1os.<\/p>\n<div class=\"post-block post-author clearfix\">\n<h3 class=\"heading-primary\" style=\"text-align: justify;\"><i class=\"fa fa-download\"><\/i>Ficheros Adjuntos<\/h3>\n<div class=\"clearfix\">\n<div class=\"img-thumbnail-ficherosadjuntos\"><img data-recalc-dims=\"1\" decoding=\"async\" src=\"https:\/\/i0.wp.com\/www.atarfe.es\/img\/pdf2.jpg?w=640\" alt=\"\" \/><\/div>\n<p><strong class=\"name\"><a href=\"http:\/\/www.atarfe.es\/data\/CoreFiles\/hallowen-ficha-inscripcion-grupos.pdf\" target=\"_blank\" rel=\"noopener\">Ficha de inscripci\u00f3n por grupos para participar en el Pasaje del Terror<\/a><\/strong><\/p>\n<\/div>\n<\/div>\n","protected":false},"excerpt":{"rendered":"<p>La celebraci\u00f3n tendr\u00e1 lugar el 31 de octubre y habr\u00e1 baile, animaci\u00f3n y talleres para&#8230;<\/p>\n","protected":false},"author":1,"featured_media":26594,"comment_status":"closed","ping_status":"closed","sticky":false,"template":"","format":"standard","meta":{"_coblocks_attr":"","_coblocks_dimensions":"","_coblocks_responsive_height":"","_coblocks_accordion_ie_support":"","jetpack_post_was_ever_published":false,"_jetpack_newsletter_access":"","_jetpack_dont_email_post_to_subs":false,"_jetpack_newsletter_tier_id":0,"_jetpack_memberships_contains_paywalled_content":false,"_jetpack_memberships_contains_paid_content":false,"footnotes":"","jetpack_publicize_message":"","jetpack_publicize_feature_enabled":true,"jetpack_social_post_already_shared":false,"jetpack_social_options":{"image_generator_settings":{"template":"highway","default_image_id":0,"enabled":false},"version":2}},"categories":[2,1161,186,9,44,15],"tags":[81,1409,3113],"class_list":["post-26593","post","type-post","status-publish","format-standard","has-post-thumbnail","hentry","category-atarfe","category-ciudadania","category-instituciones","category-medio-ambiente","category-noticias-de-hoy","category-ultimas-noticias","tag-atarfe","tag-fiesta","tag-halloween"],"jetpack_publicize_connections":[],"jetpack_featured_media_url":"https:\/\/i0.wp.com\/miradordeatarfe.es\/wp-content\/uploads\/2018\/10\/halloween-web.jpg?fit=700%2C483&ssl=1","jetpack_likes_enabled":true,"jetpack_sharing_enabled":true,"_links":{"self":[{"href":"https:\/\/miradordeatarfe.es\/index.php?rest_route=\/wp\/v2\/posts\/26593","targetHints":{"allow":["GET"]}}],"collection":[{"href":"https:\/\/miradordeatarfe.es\/index.php?rest_route=\/wp\/v2\/posts"}],"about":[{"href":"https:\/\/miradordeatarfe.es\/index.php?rest_route=\/wp\/v2\/types\/post"}],"author":[{"embeddable":true,"href":"https:\/\/miradordeatarfe.es\/index.php?rest_route=\/wp\/v2\/users\/1"}],"replies":[{"embeddable":true,"href":"https:\/\/miradordeatarfe.es\/index.php?rest_route=%2Fwp%2Fv2%2Fcomments&post=26593"}],"version-history":[{"count":3,"href":"https:\/\/miradordeatarfe.es\/index.php?rest_route=\/wp\/v2\/posts\/26593\/revisions"}],"predecessor-version":[{"id":26597,"href":"https:\/\/miradordeatarfe.es\/index.php?rest_route=\/wp\/v2\/posts\/26593\/revisions\/26597"}],"wp:featuredmedia":[{"embeddable":true,"href":"https:\/\/miradordeatarfe.es\/index.php?rest_route=\/wp\/v2\/media\/26594"}],"wp:attachment":[{"href":"https:\/\/miradordeatarfe.es\/index.php?rest_route=%2Fwp%2Fv2%2Fmedia&parent=26593"}],"wp:term":[{"taxonomy":"category","embeddable":true,"href":"https:\/\/miradordeatarfe.es\/index.php?rest_route=%2Fwp%2Fv2%2Fcategories&post=26593"},{"taxonomy":"post_tag","embeddable":true,"href":"https:\/\/miradordeatarfe.es\/index.php?rest_route=%2Fwp%2Fv2%2Ftags&post=26593"}],"curies":[{"name":"wp","href":"https:\/\/api.w.org\/{rel}","templated":true}]}}