{"id":26612,"date":"2018-10-27T08:19:59","date_gmt":"2018-10-27T06:19:59","guid":{"rendered":"http:\/\/miradordeatarfe.es\/?p=26612"},"modified":"2018-10-26T12:23:49","modified_gmt":"2018-10-26T10:23:49","slug":"agua-muy-clara-por-maruja-torres","status":"publish","type":"post","link":"https:\/\/miradordeatarfe.es\/?p=26612","title":{"rendered":"\u00abAgua muy clara\u00bb por Maruja Torres"},"content":{"rendered":"<div class=\"articulo-encabezado-texto\">\n<div id=\"articulo-titulares\" class=\"articulo-titulares\">\n<div class=\"articulo-subtitulos\">\n<p class=\"articulo-subtitulo\">Culta, socialista sin caspa, llena de savia y fecundidad, frutal. <strong>Carmen Alborch<\/strong> fue exactamente lo que necesita este pa\u00eds<\/p>\n<\/div>\n<\/div>\n<\/div>\n<p><!--more--><\/p>\n<div class=\"articulo__apertura\">\n<div class=\"articulo-apertura \">\n<div class=\"articulo-datos\"><time class=\"articulo-actualizado\" datetime=\"2018-10-25T12:45:19+02:00\"> <a title=\"Ver todas las noticias de esta fecha\" href=\"https:\/\/elpais.com\/tag\/fecha\/20181025\"><br \/>\n<abbr title=\"Central European Summer Time\"><\/abbr> <\/a> <\/time><\/div>\n<\/div>\n<\/div>\n<div id=\"articulo_contenedor\" class=\"articulo__contenedor\">\n<div id=\"videonoticia\" class=\"centro\">\n<figure class=\"foto  centro\">\n<div id=\"multimediaPlayer_067752883\">\n<div style=\"text-align: justify;\"><a class=\"posicionador\"><img data-recalc-dims=\"1\" loading=\"lazy\" decoding=\"async\" src=\"https:\/\/i0.wp.com\/ep02.epimg.net\/cultura\/imagenes\/2018\/10\/24\/actualidad\/1540403313_179653_1540454580_noticia_fotograma.jpg?resize=640%2C358&#038;ssl=1\" width=\"640\" height=\"358\" \/><\/a><\/div>\n<\/div><figcaption class=\"foto-pie\"><span class=\"foto-texto\">Carmen Alborch, retratada durante una entrevista en noviembre de 2017.<\/span> <span class=\"foto-firma\"><span class=\"foto-autor\">BERNARDO P\u00c9REZ \/ V\u00cdDEO<\/span><\/span><\/figcaption><a name=\"sumario_1\"><\/a><\/figure>\n<\/div>\n<div id=\"cuerpo_noticia\" class=\"articulo-cuerpo\">\n<p style=\"text-align: justify;\">Quiero despedir a <a href=\"https:\/\/elpais.com\/tag\/carmen_alborch\/a\" target=\"_blank\" rel=\"noopener\">Carmen Alborch<\/a> citando, adaptado al personaje, al gran poeta valenciano <a href=\"https:\/\/elpais.com\/tag\/vicent_andres_estelles\/a\" target=\"_blank\" rel=\"noopener\">Vicent Andr\u00e9s Estell\u00e9s<\/a>: \u201cNo hi havia a Val\u00e8ncia una llum com la teua, car de llums com la teua, a tot arreu i ara, en son parides ben poques\u201d (No hab\u00eda en Valencia una luz como la tuya, porque luces como la tuya, en todas partes y ahora, son paridas muy pocas). Carmen Alborch era una verbena, pero una verbena muy seria. Llegaba, estallaba, iluminaba, escuchaba, decid\u00eda, animaba. Y era profunda. Luminosa y profunda.<\/p>\n<p style=\"text-align: justify;\">De sus tiempos como ministra de Cultura recuerdo, sobre todo, el profundo contraste establecido con su sucesora en el cargo, <a href=\"https:\/\/elpais.com\/tag\/esperanza_aguirre\/a\" target=\"_blank\" rel=\"noopener\">Esperanza Aguirre<\/a>, \u00e9tica y est\u00e9ticamente, pero sobre todo \u00e9ticamente. Era, para qu\u00e9 os lo voy a decir, todo lo contrario. Culta, socialista sin caspa, llena de savia y fecundidad, frutal. Pienso en ella y solo se me ocurren im\u00e1genes relacionadas con la madre tierra y con el mar. La tierra que ahora la acoge y que ser\u00e1 mejor porque ella la abona. Carmen Alborch fue exactamente lo que necesita este pa\u00eds: lo contrario de Bernarda Alba (que ser\u00eda Aznar, si tambi\u00e9n me lo permiten). Era agua muy clara.<\/p>\n<div id=\"videonoticia\" class=\"centro\">\n<figure class=\"foto  centro\">\n<h3 class=\"sumario-titulo\" style=\"text-align: justify;\"><span class=\"sin_enlace\">M\u00c1S INFORMACI\u00d3N<\/span><\/h3>\n<\/figure>\n<\/div>\n<div id=\"cuerpo_noticia\" class=\"articulo-cuerpo\">\n<section id=\"sumario_1|apoyos\" class=\"sumario_apoyos derecha\">\n<div class=\"sumario__interior\">\n<div class=\"sumario-texto\">\n<div class=\"apoyos\">\n<ul class=\"apoyos-listado\">\n<li class=\"apoyo_ apoyo_sinfoto\"><span class=\"apoyo-titulo\"> <a href=\"https:\/\/elpais.com\/politica\/2018\/10\/24\/actualidad\/1540387288_783094.html\"> Muere la exministra Carmen Alborch a los 70 a\u00f1os <\/a> <\/span><\/li>\n<li class=\"apoyo_ apoyo_sinfoto\"><span class=\"apoyo-titulo\"> <a href=\"https:\/\/elpais.com\/elpais\/2018\/10\/24\/album\/1540388340_214990.html\"> Muere Carmen Alborch, repasamos su vida en im\u00e1genes <\/a><\/span><\/li>\n<\/ul>\n<\/div>\n<\/div>\n<\/div>\n<\/section>\n<\/div>\n<\/div>\n<\/div>\n","protected":false},"excerpt":{"rendered":"<p>Culta, socialista sin caspa, llena de savia y fecundidad, frutal. Carmen Alborch fue exactamente lo&#8230;<\/p>\n","protected":false},"author":1,"featured_media":26613,"comment_status":"closed","ping_status":"closed","sticky":false,"template":"","format":"standard","meta":{"_coblocks_attr":"","_coblocks_dimensions":"","_coblocks_responsive_height":"","_coblocks_accordion_ie_support":"","jetpack_post_was_ever_published":false,"_jetpack_newsletter_access":"","_jetpack_dont_email_post_to_subs":false,"_jetpack_newsletter_tier_id":0,"_jetpack_memberships_contains_paywalled_content":false,"_jetpack_memberships_contains_paid_content":false,"footnotes":"","jetpack_publicize_message":"","jetpack_publicize_feature_enabled":true,"jetpack_social_post_already_shared":false,"jetpack_social_options":{"image_generator_settings":{"template":"highway","default_image_id":0,"enabled":false},"version":2}},"categories":[12,1161,186,44,15],"tags":[5403,1732],"class_list":["post-26612","post","type-post","status-publish","format-standard","has-post-thumbnail","hentry","category-cultura","category-ciudadania","category-instituciones","category-noticias-de-hoy","category-ultimas-noticias","tag-carmen-alboch","tag-socialistas"],"jetpack_publicize_connections":[],"jetpack_featured_media_url":"https:\/\/i0.wp.com\/miradordeatarfe.es\/wp-content\/uploads\/2018\/10\/311459_psoe.jpg?fit=558%2C313&ssl=1","jetpack_likes_enabled":true,"jetpack_sharing_enabled":true,"_links":{"self":[{"href":"https:\/\/miradordeatarfe.es\/index.php?rest_route=\/wp\/v2\/posts\/26612","targetHints":{"allow":["GET"]}}],"collection":[{"href":"https:\/\/miradordeatarfe.es\/index.php?rest_route=\/wp\/v2\/posts"}],"about":[{"href":"https:\/\/miradordeatarfe.es\/index.php?rest_route=\/wp\/v2\/types\/post"}],"author":[{"embeddable":true,"href":"https:\/\/miradordeatarfe.es\/index.php?rest_route=\/wp\/v2\/users\/1"}],"replies":[{"embeddable":true,"href":"https:\/\/miradordeatarfe.es\/index.php?rest_route=%2Fwp%2Fv2%2Fcomments&post=26612"}],"version-history":[{"count":1,"href":"https:\/\/miradordeatarfe.es\/index.php?rest_route=\/wp\/v2\/posts\/26612\/revisions"}],"predecessor-version":[{"id":26614,"href":"https:\/\/miradordeatarfe.es\/index.php?rest_route=\/wp\/v2\/posts\/26612\/revisions\/26614"}],"wp:featuredmedia":[{"embeddable":true,"href":"https:\/\/miradordeatarfe.es\/index.php?rest_route=\/wp\/v2\/media\/26613"}],"wp:attachment":[{"href":"https:\/\/miradordeatarfe.es\/index.php?rest_route=%2Fwp%2Fv2%2Fmedia&parent=26612"}],"wp:term":[{"taxonomy":"category","embeddable":true,"href":"https:\/\/miradordeatarfe.es\/index.php?rest_route=%2Fwp%2Fv2%2Fcategories&post=26612"},{"taxonomy":"post_tag","embeddable":true,"href":"https:\/\/miradordeatarfe.es\/index.php?rest_route=%2Fwp%2Fv2%2Ftags&post=26612"}],"curies":[{"name":"wp","href":"https:\/\/api.w.org\/{rel}","templated":true}]}}