{"id":26615,"date":"2018-10-28T08:25:53","date_gmt":"2018-10-28T07:25:53","guid":{"rendered":"http:\/\/miradordeatarfe.es\/?p=26615"},"modified":"2018-10-26T12:32:35","modified_gmt":"2018-10-26T10:32:35","slug":"ayudas-a-personas-en-procedimiento-de-desahucios","status":"publish","type":"post","link":"https:\/\/miradordeatarfe.es\/?p=26615","title":{"rendered":"Ayudas a personas en PROCEDIMIENTO DE DESAHUCIOS"},"content":{"rendered":"<div id=\"contenidos\">\n<div class=\"container separacion_vertical_superior_1\">\n<div id=\"cuerpo\" class=\"grid_11\">\n<p style=\"text-align: justify;\">Ayudas a personas en especiales circunstancias de emergencia social incursas en procedimientos de desahucios o de ejecuci\u00f3n.<!--more--><\/p>\n<div class=\"contenidos_nivel3 editor\" style=\"text-align: justify;\">\n<p>Concesi\u00f3n de ayudas para el alquiler de vivienda a personas en especiales circunstancias de emergencia social, por haberse visto privadas de la propiedad de su vivienda habitual como consecuencia de una ejecuci\u00f3n hipotecaria o por el ejercicio de cualquier otra garant\u00eda sobre la misma, o que se hayan visto obligadas a ofrecer su vivienda habitual en pago por alguna de las causas expresadas en el art\u00edculo 3.1, sin que sea necesario la existencia de un procedimiento de ejecuci\u00f3n o apremio.<\/p>\n<p>Podr\u00e1n ser beneficiarias de las ayudas las personas en especiales circunstancias de emergencia social debido a alguno de los siguientes supuestos:<\/p>\n<p>a) <em>Haber sufrido una ejecuci\u00f3n hipotecaria<\/em> o de cualquier otra garant\u00eda sobre su vivienda habitual.<\/p>\n<p>b) <em>Encontrarse su vivienda habitual incursa en un procedimiento de ejecuci\u00f3n<\/em> para responder de un aval o garant\u00eda prestado en orden a garantizar alguno de los siguientes: un cr\u00e9dito hipotecario o pr\u00e9stamo concedido para hacer frente al desempe\u00f1o de su actividad profesional de personas dadas de alta en la Seguridad Social como trabajadoras por cuenta propia.<\/p>\n<p>c) <em>Que se hayan visto obligadas a ofrecer su vivienda habitual en pago<\/em> por alguna de las causas expresadas en los apartados anteriores, sin que sea necesario la existencia de un procedimiento de ejecuci\u00f3n o apremio.<\/p>\n<p><a href=\"http:\/\/juntadeandalucia.es\/boja\/2018\/111\/1\">La Orden de 5 de junio de 2018<\/a>, modifica\u00a0 la <a href=\"http:\/\/juntadeandalucia.es\/boja\/2014\/242\/2\">Orden de 28 de noviembre de 2014<\/a>, por la que se establecen las bases reguladoras para la concesi\u00f3n de estas ayudas en el caso de que la persona solicitante haya sido beneficiaria\u00a0 de esta ayuda en anterior convocatoria, las ayudas podr\u00e1n concederse desde la fecha en que finalice el periodo subvencionable de la anterior convocartoria, aunque esta fuese anterior a la solicitud de la nueva ayuda.<\/p>\n<p>Publicada la convocatoria para los ejercicios 2018-2020, por <a href=\"https:\/\/www.juntadeandalucia.es\/boja\/2018\/205\/3\">Orden de 9 de octubre de 2018<\/a>, y abierto el plazo de solicitudes desde el d\u00eda 24 de octubre de 2018, podr\u00e1 obtener la solicitud y consultar los tr\u00e1mites a realizar en el <a href=\"https:\/\/www.juntadeandalucia.es\/servicios\/procedimientos\/detalle\/6651\/datos-basicos.html\">cat\u00e1logo de procedimientos<\/a>.<\/p>\n<\/div>\n<\/div>\n<div id=\"columna\" class=\"grid_5 omega \" style=\"text-align: justify;\">\n<div>\n<div class=\"clear\"><\/div>\n<\/div>\n<\/div>\n<\/div>\n<\/div>\n<p style=\"text-align: justify;\">\n","protected":false},"excerpt":{"rendered":"<p>Ayudas a personas en especiales circunstancias de emergencia social incursas en procedimientos de desahucios o&#8230;<\/p>\n","protected":false},"author":1,"featured_media":26616,"comment_status":"closed","ping_status":"closed","sticky":false,"template":"","format":"standard","meta":{"_coblocks_attr":"","_coblocks_dimensions":"","_coblocks_responsive_height":"","_coblocks_accordion_ie_support":"","jetpack_post_was_ever_published":false,"_jetpack_newsletter_access":"","_jetpack_dont_email_post_to_subs":false,"_jetpack_newsletter_tier_id":0,"_jetpack_memberships_contains_paywalled_content":false,"_jetpack_memberships_contains_paid_content":false,"footnotes":"","jetpack_publicize_message":"","jetpack_publicize_feature_enabled":true,"jetpack_social_post_already_shared":false,"jetpack_social_options":{"image_generator_settings":{"template":"highway","default_image_id":0,"enabled":false},"version":2}},"categories":[1161,44,15],"tags":[1228,4051,934,922],"class_list":["post-26615","post","type-post","status-publish","format-standard","has-post-thumbnail","hentry","category-ciudadania","category-noticias-de-hoy","category-ultimas-noticias","tag-ayudas","tag-ayudas-viviendas","tag-junta-de-andalucia","tag-viviendas"],"jetpack_publicize_connections":[],"jetpack_featured_media_url":"https:\/\/i0.wp.com\/miradordeatarfe.es\/wp-content\/uploads\/2018\/10\/euros-alquiler-ayudas-kkZF-U60692124714dSB-624x385%40Ideal.jpg?fit=624%2C385&ssl=1","jetpack_likes_enabled":true,"jetpack_sharing_enabled":true,"_links":{"self":[{"href":"https:\/\/miradordeatarfe.es\/index.php?rest_route=\/wp\/v2\/posts\/26615","targetHints":{"allow":["GET"]}}],"collection":[{"href":"https:\/\/miradordeatarfe.es\/index.php?rest_route=\/wp\/v2\/posts"}],"about":[{"href":"https:\/\/miradordeatarfe.es\/index.php?rest_route=\/wp\/v2\/types\/post"}],"author":[{"embeddable":true,"href":"https:\/\/miradordeatarfe.es\/index.php?rest_route=\/wp\/v2\/users\/1"}],"replies":[{"embeddable":true,"href":"https:\/\/miradordeatarfe.es\/index.php?rest_route=%2Fwp%2Fv2%2Fcomments&post=26615"}],"version-history":[{"count":1,"href":"https:\/\/miradordeatarfe.es\/index.php?rest_route=\/wp\/v2\/posts\/26615\/revisions"}],"predecessor-version":[{"id":26617,"href":"https:\/\/miradordeatarfe.es\/index.php?rest_route=\/wp\/v2\/posts\/26615\/revisions\/26617"}],"wp:featuredmedia":[{"embeddable":true,"href":"https:\/\/miradordeatarfe.es\/index.php?rest_route=\/wp\/v2\/media\/26616"}],"wp:attachment":[{"href":"https:\/\/miradordeatarfe.es\/index.php?rest_route=%2Fwp%2Fv2%2Fmedia&parent=26615"}],"wp:term":[{"taxonomy":"category","embeddable":true,"href":"https:\/\/miradordeatarfe.es\/index.php?rest_route=%2Fwp%2Fv2%2Fcategories&post=26615"},{"taxonomy":"post_tag","embeddable":true,"href":"https:\/\/miradordeatarfe.es\/index.php?rest_route=%2Fwp%2Fv2%2Ftags&post=26615"}],"curies":[{"name":"wp","href":"https:\/\/api.w.org\/{rel}","templated":true}]}}