{"id":26633,"date":"2018-10-29T11:15:42","date_gmt":"2018-10-29T10:15:42","guid":{"rendered":"http:\/\/miradordeatarfe.es\/?p=26633"},"modified":"2023-10-21T19:39:32","modified_gmt":"2023-10-21T17:39:32","slug":"presentacion-de-resultados-de-las-excavaciones-2018-de-madinat-ilbira","status":"publish","type":"post","link":"https:\/\/miradordeatarfe.es\/?p=26633","title":{"rendered":"PRESENTACI\u00d3N DE RESULTADOS DE LAS EXCAVACIONES 2018 DE MADINAT ILBIRA"},"content":{"rendered":"<p>HOY, <strong>lunes 29<\/strong> <strong>a las 19h<\/strong>, se dar\u00e1n a conocer en el <a class=\"profileLink\" href=\"https:\/\/www.facebook.com\/CentroCulturalMedinaElvira\/?__tn__=K-R&amp;eid=ARDR-K9TBez6wIK-hfR2EwFZrVqCWEYUAc2IUf2Ky_28Fbf_hh9nmdHkfdunBC6autrYX5LCIpNoSTha&amp;fref=mentions&amp;__xts__%5B0%5D=68.ARDfu9qrVJzWXn1o_vaSc7JJ9rH_aj2xCK2-8AeuiPlNlNfE19sCVc53LKdDZsnB7JMjweuq1YavBCE8e3sEkjZXELUZKY2QMSeJkce_0LzhGzjdPl6iBU91alc_HDSURG4ryni5KCeN0oDAxyqi0fWbFbg8nM6EsxbtfIBP0TX0yB2xxoOLs4GFna4B56CI35Cvfb7olZ7W47k03MXMygJnE0w\" data-hovercard=\"\/ajax\/hovercard\/page.php?id=579830115369795&amp;extragetparams=%7B%22__tn__%22%3A%22%2CdK-R-R%22%2C%22eid%22%3A%22ARDR-K9TBez6wIK-hfR2EwFZrVqCWEYUAc2IUf2Ky_28Fbf_hh9nmdHkfdunBC6autrYX5LCIpNoSTha%22%2C%22fref%22%3A%22mentions%22%7D\" data-hovercard-prefer-more-content-show=\"1\">Centro Cultural Medina Elvira<\/a> los resultados preliminares de la fase de excavaciones en Medina Elvira<!--more--><\/p>\n<p>Excavaciones que han llevado a cabo expertos del Instituto de Arqueolog\u00eda y Etnolog\u00eda de la Academia de las Ciencias Polacas y el grupo de investigaci\u00f3n de la UGR \u00abToponimia, Historia y Arqueolog\u00eda del Reino de Granada\u00bb con la inestimable ayuda de medio centenar de voluntarios.<\/p>\n<p>Ser\u00e1 a las 7 de la tarde y est\u00e1 prevista la presencia de Antonio Malpica Cuello, director del proyecto de Investigaci\u00f3n \u00abLa ciudad de Madinat Ilbira\u00bb; Marian Rebkowski, profesor del Instituto de Arqueolog\u00eda de la Academia de las Ciencias Polacas; Reynaldo Fern\u00e1ndez Manzano, director del Patronato de la Alhambra; y Francisco Rodr\u00edguez Quesada, alcalde de Atarfe. Es una presentaci\u00f3n abierta al p\u00fablico<\/p>\n<p><a href=\"https:\/\/i0.wp.com\/miradordeatarfe.es\/wp-content\/uploads\/2018\/10\/44981051_2018194718244388_7541816164930813952_n.jpg?ssl=1\"><img data-recalc-dims=\"1\" loading=\"lazy\" decoding=\"async\" class=\"alignnone size-full wp-image-26634\" src=\"https:\/\/i0.wp.com\/miradordeatarfe.es\/wp-content\/uploads\/2018\/10\/44981051_2018194718244388_7541816164930813952_n.jpg?resize=640%2C537&#038;ssl=1\" alt=\"\" width=\"640\" height=\"537\" srcset=\"https:\/\/i0.wp.com\/miradordeatarfe.es\/wp-content\/uploads\/2018\/10\/44981051_2018194718244388_7541816164930813952_n.jpg?w=940&amp;ssl=1 940w, https:\/\/i0.wp.com\/miradordeatarfe.es\/wp-content\/uploads\/2018\/10\/44981051_2018194718244388_7541816164930813952_n.jpg?resize=300%2C251&amp;ssl=1 300w, https:\/\/i0.wp.com\/miradordeatarfe.es\/wp-content\/uploads\/2018\/10\/44981051_2018194718244388_7541816164930813952_n.jpg?resize=768%2C644&amp;ssl=1 768w, https:\/\/i0.wp.com\/miradordeatarfe.es\/wp-content\/uploads\/2018\/10\/44981051_2018194718244388_7541816164930813952_n.jpg?resize=600%2C503&amp;ssl=1 600w\" sizes=\"auto, (max-width: 640px) 100vw, 640px\" \/><\/a><\/p>\n","protected":false},"excerpt":{"rendered":"<p>HOY, lunes 29 a las 19h, se dar\u00e1n a conocer en el Centro Cultural Medina&#8230;<\/p>\n","protected":false},"author":1,"featured_media":26455,"comment_status":"closed","ping_status":"closed","sticky":false,"template":"","format":"standard","meta":{"_coblocks_attr":"","_coblocks_dimensions":"","_coblocks_responsive_height":"","_coblocks_accordion_ie_support":"","jetpack_post_was_ever_published":false,"_jetpack_newsletter_access":"","_jetpack_dont_email_post_to_subs":false,"_jetpack_newsletter_tier_id":0,"_jetpack_memberships_contains_paywalled_content":false,"_jetpack_memberships_contains_paid_content":false,"footnotes":"","jetpack_publicize_message":"","jetpack_publicize_feature_enabled":true,"jetpack_social_post_already_shared":false,"jetpack_social_options":{"image_generator_settings":{"template":"highway","default_image_id":0,"enabled":false},"version":2}},"categories":[1225,5359,10431],"tags":[5337,2957,79],"class_list":["post-26633","post","type-post","status-publish","format-standard","has-post-thumbnail","hentry","category-ha-de-atarfe","category-madinat-ilbira","category-medina-elvira-2","tag-excavaciones-medina-elvira","tag-madinat-ilbira","tag-medina-elvira"],"jetpack_publicize_connections":[],"jetpack_featured_media_url":"https:\/\/i0.wp.com\/miradordeatarfe.es\/wp-content\/uploads\/2018\/10\/%C3%ADndice-4.jpeg?fit=300%2C168&ssl=1","jetpack_likes_enabled":true,"jetpack_sharing_enabled":true,"_links":{"self":[{"href":"https:\/\/miradordeatarfe.es\/index.php?rest_route=\/wp\/v2\/posts\/26633","targetHints":{"allow":["GET"]}}],"collection":[{"href":"https:\/\/miradordeatarfe.es\/index.php?rest_route=\/wp\/v2\/posts"}],"about":[{"href":"https:\/\/miradordeatarfe.es\/index.php?rest_route=\/wp\/v2\/types\/post"}],"author":[{"embeddable":true,"href":"https:\/\/miradordeatarfe.es\/index.php?rest_route=\/wp\/v2\/users\/1"}],"replies":[{"embeddable":true,"href":"https:\/\/miradordeatarfe.es\/index.php?rest_route=%2Fwp%2Fv2%2Fcomments&post=26633"}],"version-history":[{"count":1,"href":"https:\/\/miradordeatarfe.es\/index.php?rest_route=\/wp\/v2\/posts\/26633\/revisions"}],"predecessor-version":[{"id":26635,"href":"https:\/\/miradordeatarfe.es\/index.php?rest_route=\/wp\/v2\/posts\/26633\/revisions\/26635"}],"wp:featuredmedia":[{"embeddable":true,"href":"https:\/\/miradordeatarfe.es\/index.php?rest_route=\/wp\/v2\/media\/26455"}],"wp:attachment":[{"href":"https:\/\/miradordeatarfe.es\/index.php?rest_route=%2Fwp%2Fv2%2Fmedia&parent=26633"}],"wp:term":[{"taxonomy":"category","embeddable":true,"href":"https:\/\/miradordeatarfe.es\/index.php?rest_route=%2Fwp%2Fv2%2Fcategories&post=26633"},{"taxonomy":"post_tag","embeddable":true,"href":"https:\/\/miradordeatarfe.es\/index.php?rest_route=%2Fwp%2Fv2%2Ftags&post=26633"}],"curies":[{"name":"wp","href":"https:\/\/api.w.org\/{rel}","templated":true}]}}